{"id":5732,"date":"2023-03-01T22:41:14","date_gmt":"2023-03-02T04:41:14","guid":{"rendered":"https:\/\/lightsontv.com\/?p=5732"},"modified":"2023-03-21T23:36:34","modified_gmt":"2023-03-22T05:36:34","slug":"el-rugido-se-escucha-cada-vez-mas-cerca","status":"publish","type":"post","link":"https:\/\/lightsontv.com\/?p=5732","title":{"rendered":"\u00a1El rugido se escucha cada vez m\u00e1s cerca!"},"content":{"rendered":"\n<p>\u00a1Aprovechamos que marzo reci\u00e9n empieza para recordarte que el Festival Tecate Pa&#8217;l Norte 2023 se acerca! Y que podr\u00e1s disfrutar de esta incre\u00edble experiencia los d\u00edas 31 de marzo, 01 y 02 de abril.<\/p>\n\n\n\n<p>Con la noticia de que blink-182 cancela todos sus shows en Sudam\u00e9rica y M\u00e9xico, debido a los problemas de salud de su baterista Travis Barker, muchos asistentes se mostraron sorprendidos, puesto que la banda era una de las cabeceras para el ya mencionado festival. Sin embargo, no te desanimes, puesto que en redes sociales el festival ha confirmado la participaci\u00f3n de la agrupaci\u00f3n para el 2024.<\/p>\n\n\n\n<p><\/p>\n\n\n\n<figure class=\"wp-block-image aligncenter size-large\"><img loading=\"lazy\" decoding=\"async\" width=\"819\" height=\"1024\" src=\"https:\/\/lightsontv.com\/wp-content\/uploads\/2023\/03\/334496320_1344226233087665_278333544628515078_n-1-2-819x1024.jpg\" alt=\"\" class=\"wp-image-5766\" srcset=\"https:\/\/lightsontv.com\/wp-content\/uploads\/2023\/03\/334496320_1344226233087665_278333544628515078_n-1-2-819x1024.jpg 819w, https:\/\/lightsontv.com\/wp-content\/uploads\/2023\/03\/334496320_1344226233087665_278333544628515078_n-1-2-240x300.jpg 240w, https:\/\/lightsontv.com\/wp-content\/uploads\/2023\/03\/334496320_1344226233087665_278333544628515078_n-1-2-768x960.jpg 768w, https:\/\/lightsontv.com\/wp-content\/uploads\/2023\/03\/334496320_1344226233087665_278333544628515078_n-1-2-1229x1536.jpg 1229w, https:\/\/lightsontv.com\/wp-content\/uploads\/2023\/03\/334496320_1344226233087665_278333544628515078_n-1-2-1024x1280.jpg 1024w, https:\/\/lightsontv.com\/wp-content\/uploads\/2023\/03\/334496320_1344226233087665_278333544628515078_n-1-2.jpg 1440w\" sizes=\"auto, (max-width: 819px) 100vw, 819px\" \/><\/figure>\n\n\n\n<p>En su lugar, contaremos con la presencia de Twenty One Pilots, as\u00ed que las expectativas ahora est\u00e1n puestas sobre el d\u00fao de Columbus, Ohio para satisfacer las exigencias musicales de todos los asistentes.<\/p>\n\n\n\n<p>Te sugerimos mantenerte al pendiente de las redes de Tecate Pa&#8217;l Norte para que conozcas todos los detalles del evento y que puedas disfrutar en su totalidad de los 3 d\u00edas del festival. En su <a href=\"https:\/\/www.tecatepalnorte.com\/\" target=\"_blank\" rel=\"noreferrer noopener\">p\u00e1gina web<\/a> tambi\u00e9n podr\u00e1s encontrar informaci\u00f3n muy importante.<\/p>\n\n\n\n<p>A\u00fan hay boletos disponibles para el viernes 31 de marzo y puedes comprar el tuyo a trav\u00e9s de los siguientes enlaces:<\/p>\n\n\n\n<p><a href=\"https:\/\/www.ticketmaster.com.mx\/tecate-pal-norte-2023-viernes-general-monterrey-31-03-2023\/event\/14005D53A6AB3264\" target=\"_blank\" rel=\"noreferrer noopener\">Viernes General<\/a><\/p>\n\n\n\n<p><a href=\"https:\/\/www.ticketmaster.com.mx\/tecate-pal-norte-2023-general-viernes-monterrey-31-03-2023\/event\/14005D589C931B6A\" data-type=\"URL\" data-id=\"https:\/\/www.ticketmaster.com.mx\/tecate-pal-norte-2023-general-viernes-monterrey-31-03-2023\/event\/14005D589C931B6A\" target=\"_blank\" rel=\"noreferrer noopener\">Viernes General <strong>+<\/strong><\/a><\/p>\n\n\n\n<p>Debes saber que, adem\u00e1s de disfrutar de buena m\u00fasica, podr\u00e1s vivir distintas experiencias culinarias y de compra gracias a <em>Pa&#8217; La Botana<\/em>, <em>Callej\u00f3n del Postre<\/em> y <em>Pa&#8217;l Mercado<\/em>, as\u00ed que ve bien preparado para que no te quedes con ganas de probar nada.<\/p>\n","protected":false},"excerpt":{"rendered":"<p>\u00a1Aprovechamos que marzo reci\u00e9n empieza para recordarte que el Festival Tecate Pa&#8217;l Norte 2023 se&#8230;<\/p>\n","protected":false},"author":21,"featured_media":5148,"comment_status":"open","ping_status":"open","sticky":false,"template":"","format":"aside","meta":{"footnotes":""},"categories":[492,339,92],"tags":[649,59,573,455,646,645,647,648],"class_list":["post-5732","post","type-post","status-publish","format-aside","has-post-thumbnail","hentry","category-concert-news","category-conciertos","category-festivals","tag-billieeilish","tag-festival","tag-lotv","tag-musica-4","tag-palnorte","tag-tecatepalnorte2023","tag-thekillers","tag-twentyonepilots","post_format-post-format-aside"],"_links":{"self":[{"href":"https:\/\/lightsontv.com\/index.php?rest_route=\/wp\/v2\/posts\/5732","targetHints":{"allow":["GET"]}}],"collection":[{"href":"https:\/\/lightsontv.com\/index.php?rest_route=\/wp\/v2\/posts"}],"about":[{"href":"https:\/\/lightsontv.com\/index.php?rest_route=\/wp\/v2\/types\/post"}],"author":[{"embeddable":true,"href":"https:\/\/lightsontv.com\/index.php?rest_route=\/wp\/v2\/users\/21"}],"replies":[{"embeddable":true,"href":"https:\/\/lightsontv.com\/index.php?rest_route=%2Fwp%2Fv2%2Fcomments&post=5732"}],"version-history":[{"count":4,"href":"https:\/\/lightsontv.com\/index.php?rest_route=\/wp\/v2\/posts\/5732\/revisions"}],"predecessor-version":[{"id":5768,"href":"https:\/\/lightsontv.com\/index.php?rest_route=\/wp\/v2\/posts\/5732\/revisions\/5768"}],"wp:featuredmedia":[{"embeddable":true,"href":"https:\/\/lightsontv.com\/index.php?rest_route=\/wp\/v2\/media\/5148"}],"wp:attachment":[{"href":"https:\/\/lightsontv.com\/index.php?rest_route=%2Fwp%2Fv2%2Fmedia&parent=5732"}],"wp:term":[{"taxonomy":"category","embeddable":true,"href":"https:\/\/lightsontv.com\/index.php?rest_route=%2Fwp%2Fv2%2Fcategories&post=5732"},{"taxonomy":"post_tag","embeddable":true,"href":"https:\/\/lightsontv.com\/index.php?rest_route=%2Fwp%2Fv2%2Ftags&post=5732"}],"curies":[{"name":"wp","href":"https:\/\/api.w.org\/{rel}","templated":true}]}}