{"id":5557,"date":"2022-10-03T12:58:00","date_gmt":"2022-10-03T17:58:00","guid":{"rendered":"https:\/\/lightsontv.com\/?p=5557"},"modified":"2022-10-20T16:26:08","modified_gmt":"2022-10-20T21:26:08","slug":"conoce-todos-los-detalles-del-festival-zapal","status":"publish","type":"post","link":"https:\/\/lightsontv.com\/?p=5557","title":{"rendered":"\u00a1Conoce todos los detalles del festival Zapal!"},"content":{"rendered":"\n<p><strong>El festival Zapal tendr\u00e1 su quinta edici\u00f3n en Saltillo el pr\u00f3ximo 22 de octubre en Saltillo Coahuila y al ser un festival que celebra la cultura mexicana, pero que tambi\u00e9n incluye actos musicales y actividades muy padres que incluyen un recorrido por la gastronom\u00eda, tecnolog\u00eda, educaci\u00f3n y gaming que caracteriza a los mexicanos.<\/strong><\/p>\n\n\n\n<figure class=\"wp-block-image size-large\"><img loading=\"lazy\" decoding=\"async\" width=\"1024\" height=\"1024\" src=\"https:\/\/lightsontv.com\/wp-content\/uploads\/2022\/10\/311231296_2446457702160818_2569487830763182819_n-1024x1024.jpg\" alt=\"\" class=\"wp-image-5558\" srcset=\"https:\/\/lightsontv.com\/wp-content\/uploads\/2022\/10\/311231296_2446457702160818_2569487830763182819_n-1024x1024.jpg 1024w, https:\/\/lightsontv.com\/wp-content\/uploads\/2022\/10\/311231296_2446457702160818_2569487830763182819_n-300x300.jpg 300w, https:\/\/lightsontv.com\/wp-content\/uploads\/2022\/10\/311231296_2446457702160818_2569487830763182819_n-150x150.jpg 150w, https:\/\/lightsontv.com\/wp-content\/uploads\/2022\/10\/311231296_2446457702160818_2569487830763182819_n-768x768.jpg 768w, https:\/\/lightsontv.com\/wp-content\/uploads\/2022\/10\/311231296_2446457702160818_2569487830763182819_n.jpg 1440w\" sizes=\"auto, (max-width: 1024px) 100vw, 1024px\" \/><\/figure>\n\n\n\n<p><strong>Cartel De Santa, Lalo Mora, Kevin Kaarl, Camilo Septimo, Little Jesus, Bruses, Ghetto Kids y Jonaz ser\u00e1n algunos de los talentos que se presentar\u00e1n en esta quinta edici\u00f3n del festival Zapal.<\/strong><\/p>\n\n\n\n<p class=\"has-text-align-center\"><strong>\u00a1Compra tus accesos en <a rel=\"noreferrer noopener\" href=\"https:\/\/www.zapal.mx\/?fbclid=IwAR3R62XNwSDG3mMQZLW-ZcdGemEA1gs7I0rvbdGZz3rktsj7w56whc4LEZM\" target=\"_blank\">Zapal<\/a><\/strong>!<\/p>\n","protected":false},"excerpt":{"rendered":"<p>El festival Zapal tendr\u00e1 su quinta edici\u00f3n en Saltillo el pr\u00f3ximo 22 de octubre en&#8230;<\/p>\n","protected":false},"author":8,"featured_media":5559,"comment_status":"open","ping_status":"open","sticky":false,"template":"","format":"aside","meta":{"footnotes":""},"categories":[92],"tags":[],"class_list":["post-5557","post","type-post","status-publish","format-aside","has-post-thumbnail","hentry","category-festivals","post_format-post-format-aside"],"_links":{"self":[{"href":"https:\/\/lightsontv.com\/index.php?rest_route=\/wp\/v2\/posts\/5557","targetHints":{"allow":["GET"]}}],"collection":[{"href":"https:\/\/lightsontv.com\/index.php?rest_route=\/wp\/v2\/posts"}],"about":[{"href":"https:\/\/lightsontv.com\/index.php?rest_route=\/wp\/v2\/types\/post"}],"author":[{"embeddable":true,"href":"https:\/\/lightsontv.com\/index.php?rest_route=\/wp\/v2\/users\/8"}],"replies":[{"embeddable":true,"href":"https:\/\/lightsontv.com\/index.php?rest_route=%2Fwp%2Fv2%2Fcomments&post=5557"}],"version-history":[{"count":1,"href":"https:\/\/lightsontv.com\/index.php?rest_route=\/wp\/v2\/posts\/5557\/revisions"}],"predecessor-version":[{"id":5562,"href":"https:\/\/lightsontv.com\/index.php?rest_route=\/wp\/v2\/posts\/5557\/revisions\/5562"}],"wp:featuredmedia":[{"embeddable":true,"href":"https:\/\/lightsontv.com\/index.php?rest_route=\/wp\/v2\/media\/5559"}],"wp:attachment":[{"href":"https:\/\/lightsontv.com\/index.php?rest_route=%2Fwp%2Fv2%2Fmedia&parent=5557"}],"wp:term":[{"taxonomy":"category","embeddable":true,"href":"https:\/\/lightsontv.com\/index.php?rest_route=%2Fwp%2Fv2%2Fcategories&post=5557"},{"taxonomy":"post_tag","embeddable":true,"href":"https:\/\/lightsontv.com\/index.php?rest_route=%2Fwp%2Fv2%2Ftags&post=5557"}],"curies":[{"name":"wp","href":"https:\/\/api.w.org\/{rel}","templated":true}]}}