{"id":5552,"date":"2022-10-19T13:29:31","date_gmt":"2022-10-19T18:29:31","guid":{"rendered":"https:\/\/lightsontv.com\/?p=5552"},"modified":"2022-10-20T16:27:58","modified_gmt":"2022-10-20T21:27:58","slug":"la-musica-unida-al-grito-de-vive-latino","status":"publish","type":"post","link":"https:\/\/lightsontv.com\/?p=5552","title":{"rendered":"La m\u00fasica unida al grito de \u00a1VIVE LATINO!"},"content":{"rendered":"\n<h3 class=\"has-text-align-center wp-block-heading\">La m\u00fasica unida al grito de \u00a1VIVE LATINO!<\/h3>\n\n\n\n<h3 class=\"has-text-align-center wp-block-heading\">18 Y 19 DE MARZO DE 2023<\/h3>\n\n\n\n<h3 class=\"has-text-align-center wp-block-heading\">La vig\u00e9simo tercera edici\u00f3n nuevamente convertir\u00e1 el Foro Sol en la meca de la m\u00fasica y la cultura en Iberoam\u00e9rica:<\/h3>\n\n\n\n<h3 class=\"has-text-align-center wp-block-heading\">RED HOT CHILI PEPPERS, LOS BUNKERS, AUSTIN TV, THE BLACK CROWES, ENJAMBRE, PLASTILINA MOSH, KASE. O, UB40, TOKYO SKA PARADISE ORCHESTRA, CAF\u00c9 TACVBA, ALEM\u00c1N, PESADO, CAR\u00cdN LE\u00d3N, PAUL OAKENFOLD y MUCHOS M\u00c1S<\/h3>\n\n\n\n<h3 class=\"has-text-align-center wp-block-heading\">Preventa Citibanamex: 24 de octubre<\/h3>\n\n\n\n<figure class=\"wp-block-image size-large\"><img loading=\"lazy\" decoding=\"async\" width=\"819\" height=\"1024\" src=\"https:\/\/lightsontv.com\/wp-content\/uploads\/2022\/10\/VL23_Prev_1080x1350-819x1024.jpg\" alt=\"\" class=\"wp-image-5553\" srcset=\"https:\/\/lightsontv.com\/wp-content\/uploads\/2022\/10\/VL23_Prev_1080x1350-819x1024.jpg 819w, https:\/\/lightsontv.com\/wp-content\/uploads\/2022\/10\/VL23_Prev_1080x1350-240x300.jpg 240w, https:\/\/lightsontv.com\/wp-content\/uploads\/2022\/10\/VL23_Prev_1080x1350-768x960.jpg 768w, https:\/\/lightsontv.com\/wp-content\/uploads\/2022\/10\/VL23_Prev_1080x1350-1024x1280.jpg 1024w, https:\/\/lightsontv.com\/wp-content\/uploads\/2022\/10\/VL23_Prev_1080x1350.jpg 1080w\" sizes=\"auto, (max-width: 819px) 100vw, 819px\" \/><\/figure>\n\n\n\n<p>Hemos compartido 22 veces la pasi\u00f3n por la m\u00fasica, la convivencia entre miles de fans, el cambio cultural y la emancipaci\u00f3n de la ideolog\u00eda de que los g\u00e9neros musicales nos hermanan.<\/p>\n\n\n\n<p>Nuestra relaci\u00f3n con la naturaleza y nuestro entorno se ha vuelto m\u00e1s cercano en estos \u00faltimos a\u00f1os donde, separados por un acontecimiento sin precedentes, anhel\u00e1bamos m\u00e1s que nunca compartir el escenario, cantar a todo pulm\u00f3n con la raza que vive la m\u00fasica al igual que nosotros.<\/p>\n\n\n\n<p>Es el momento de regresar a los or\u00edgenes a manera de ritual y dejarnos llevar por la catarsis de un evento casi metaf\u00edsico que une todos los sonidos, los g\u00e9neros y a las personas.&nbsp;<strong>El Festival Iberoamericano de Cultura Musical Vive Latino<\/strong>&nbsp;prende la llama que nos guiar\u00e1 a lo que seguro ser\u00e1 la mejor edici\u00f3n hasta el momento.<\/p>\n\n\n\n<p>Este a\u00f1o el line up nos trae a grandes leyendas del rock nacional e internacional, nuevas promesas y corrientes musicales y se muestra a la vanguardia con exponentes de los nuevos g\u00e9neros en Latinoam\u00e9rica. Con esta combinaci\u00f3n el festival es el encargado de reunir a todas las culturas del mundo a grito de \u00a1Vive Latino! los pr\u00f3ximos&nbsp;<strong>18 y 19 de marzo de 2023<\/strong>:<\/p>\n\n\n\n<p><a><\/a><a><\/a><strong>2 Minutos, Alem\u00e1n, Alex Ferreira, Allison, Alt-J, Amandititita, \u00c4STRA, Astronom\u00eda Interior, Austin TV, B\u00e1ndalos Chinos, Batallas de Campeones DELUX, Buscabulla, Caf\u00e9 Tacvba, Cala Vento, Caligaris, Car\u00edn Le\u00f3n, Carla Morrison, Circa Waves, Coque Malla, Daniela Spalla, De Saloon, Dharius, Duki, Elsa y Elmar, Enjambre, Estelares, Esteman, Gayle, Guitarricadelafuente, Herencia de Patrones, Insurpipol, Kase. O Jazz Magnetism, Kinky, La Dame Blanche, La M.O.D.A., La Santa Cecilia, Las A\u00f1ez, Las Ligas Menores, Lauri Garc\u00eda, Leiva, Le\u00f3n Larregui, Leonardo de Lozane, Lila Downs, Los Bunkers, Los Claxons, Los Dynamite, Los Estramb\u00f3ticos, Los Mirlos, Los Pericos, Rayos Laser, Los Santos Inocentes, Lost Acapulco, MC Davo, Miranda!, Miss Caffeina, Momentos Indio, Monsieur Perin\u00e9, Neto y Yoss, Odisseo, Paul Oakenfold, Pesado, Plastilina Mosh, QBO, Queralt Lahoz, Rayos Laser, Real de Catorce, Red Hot Chili Peppers, Resorte, Reyno, Sen Senra, Sergio Arau, Siames, Sidonie, Silvestre y la Naranja, Solo Valencia, Steven \u00b4n\u00b4 Seagulls, The Black Crowes, Tokyo Ska Paradise Orchestra, UB40, Vivir Quintana y Yorka.<\/strong><\/p>\n\n\n\n<p><strong>Vive Latino<\/strong>&nbsp;es un c\u00famulo de talento, arte, esfuerzo y creatividad; y es precisamente en esta vena art\u00edstica donde entra&nbsp;<a href=\"https:\/\/www.instagram.com\/rubencarrascoart\/?igshid=NzNkNDdiOGI%3D\">rubencarrascoart<\/a>, el artista visual detr\u00e1s de este maravilloso mural que encabeza nuestro festival. Rub\u00e9n se ha desempe\u00f1ado como tatuador, escen\u00f3grafo, muralista, fot\u00f3grafo, dise\u00f1ador gr\u00e1fico y artista digital. Su trabajo ha sido expuesto en galer\u00edas de Canad\u00e1, Estados Unidos, Alemania, Cuba, Espa\u00f1a, M\u00e9xico, entre otros pa\u00edses. Hoy nos presenta esta obra de arte que representa la esencia y el esp\u00edritu de nuestro festival&#8230; \u00a1tu festival!<\/p>\n\n\n\n<p>Por sexto a\u00f1o consecutivo, regresar\u00e1&nbsp;<strong>El Parque<\/strong>, la zona apta para el p\u00fablico m\u00e1s peque\u00f1o del festival; un espacio dedicado a los nuevos fans que inician su camino por el mundo festivalero.&nbsp;<strong>Casa Comedy<\/strong>&nbsp;reunir\u00e1 a los grandes talentos nacionales, y por primera vez internacionales, del&nbsp;<em>Stand up&nbsp;<\/em>en un escenario que ya se convirti\u00f3 en tradici\u00f3n del festival. Y por segunda ocasi\u00f3n,&nbsp;<strong>Aldea M\u00fasica<\/strong>&nbsp;congregar\u00e1 a artistas, talentos y l\u00edderes de opini\u00f3n que nos compartir\u00e1n sus puntos de vista sobre los temas m\u00e1s interesantes y sobresalientes de la m\u00fasica.<\/p>\n\n\n\n<p>A la par, habr\u00e1 diferentes zonas de venta y esparcimiento como lo son la Zona Gastron\u00f3mica, Firma de Aut\u00f3grafos, Disqueras Independientes, Mercadillo, ONG\u2019s, Activaciones de Patrocinadores y el sistema de cobro volver\u00e1 a ser Cashless Citibanamex, que har\u00e1 las ventas m\u00e1s r\u00e1pidas, f\u00e1ciles y seguras. Los titanes de la lucha libre mexicana subir\u00e1n al ring para enfrentarse en una batalla sin tregua que coronar\u00e1 al nuevo campe\u00f3n de la vig\u00e9simo tercera edici\u00f3n del&nbsp;<strong>Vive Latino<\/strong>. Un espect\u00e1culo orgullosamente mexicano que es reconocido alrededor del mundo.<\/p>\n\n\n\n<p>Durante 10 a\u00f1os,&nbsp;<strong>Vive Latino<\/strong>&nbsp;se ha comprometido con el medio ambiente y el cuidado de los espacios que utiliza. Este a\u00f1o no es la excepci\u00f3n y nuevamente el festival estar\u00e1 libre de desechables, incluso en camerinos donde no habr\u00e1 botellas de pl\u00e1stico. La basura residual que se genere se entregar\u00e1 a una empresa recicladora especializada para crear con ella combustibles y materia prima.&nbsp;<strong>Vive Latino<\/strong>&nbsp;retribuir\u00e1 de forma monetario el impacto ambiental que se genere en esta edici\u00f3n, una contribuci\u00f3n que ayuda a que los espacios sean duraderos.<\/p>\n\n\n\n<p>Este a\u00f1o,&nbsp;<strong>El Festival Iberoamericano de Cultura Musical Vive Latino<\/strong>&nbsp;no s\u00f3lo abrir\u00e1 las puertas a su p\u00fablico, sino que abre su coraz\u00f3n a todas las formas de expresi\u00f3n y a las ideolog\u00edas que hacen del festival uno de los m\u00e1s grandes de Latinoam\u00e9rica y ahora del mundo.<\/p>\n\n\n\n<p>Para esta edici\u00f3n convocamos y apelamos a tu amor por la m\u00fasica, la cultura y la fraternidad&#8230;<\/p>\n\n\n\n<p class=\"has-text-align-center\">Una ceremonia que nos une al grito de <strong><em>\u00a1VIVE LATINO!<\/em><\/strong><\/p>\n","protected":false},"excerpt":{"rendered":"<p>La m\u00fasica unida al grito de \u00a1VIVE LATINO! 18 Y 19 DE MARZO DE 2023&#8230;<\/p>\n","protected":false},"author":8,"featured_media":5554,"comment_status":"open","ping_status":"open","sticky":false,"template":"","format":"aside","meta":{"footnotes":""},"categories":[1],"tags":[],"class_list":["post-5552","post","type-post","status-publish","format-aside","has-post-thumbnail","hentry","category-musica-3","post_format-post-format-aside"],"_links":{"self":[{"href":"https:\/\/lightsontv.com\/index.php?rest_route=\/wp\/v2\/posts\/5552","targetHints":{"allow":["GET"]}}],"collection":[{"href":"https:\/\/lightsontv.com\/index.php?rest_route=\/wp\/v2\/posts"}],"about":[{"href":"https:\/\/lightsontv.com\/index.php?rest_route=\/wp\/v2\/types\/post"}],"author":[{"embeddable":true,"href":"https:\/\/lightsontv.com\/index.php?rest_route=\/wp\/v2\/users\/8"}],"replies":[{"embeddable":true,"href":"https:\/\/lightsontv.com\/index.php?rest_route=%2Fwp%2Fv2%2Fcomments&post=5552"}],"version-history":[{"count":2,"href":"https:\/\/lightsontv.com\/index.php?rest_route=\/wp\/v2\/posts\/5552\/revisions"}],"predecessor-version":[{"id":5567,"href":"https:\/\/lightsontv.com\/index.php?rest_route=\/wp\/v2\/posts\/5552\/revisions\/5567"}],"wp:featuredmedia":[{"embeddable":true,"href":"https:\/\/lightsontv.com\/index.php?rest_route=\/wp\/v2\/media\/5554"}],"wp:attachment":[{"href":"https:\/\/lightsontv.com\/index.php?rest_route=%2Fwp%2Fv2%2Fmedia&parent=5552"}],"wp:term":[{"taxonomy":"category","embeddable":true,"href":"https:\/\/lightsontv.com\/index.php?rest_route=%2Fwp%2Fv2%2Fcategories&post=5552"},{"taxonomy":"post_tag","embeddable":true,"href":"https:\/\/lightsontv.com\/index.php?rest_route=%2Fwp%2Fv2%2Ftags&post=5552"}],"curies":[{"name":"wp","href":"https:\/\/api.w.org\/{rel}","templated":true}]}}