{"id":5369,"date":"2022-08-25T18:12:16","date_gmt":"2022-08-25T23:12:16","guid":{"rendered":"https:\/\/lightsontv.com\/?p=5369"},"modified":"2022-10-15T19:06:23","modified_gmt":"2022-10-16T00:06:23","slug":"es-tiempo-de-cantar","status":"publish","type":"post","link":"https:\/\/lightsontv.com\/?p=5369","title":{"rendered":"Es tiempo de cantar."},"content":{"rendered":"\n<p>Javier Blake y su banda te invitan a pasar una noche entra\u00f1able con la presentaci\u00f3n de su nuevo material solista \u00abEn los tiempos de lo extra\u00f1o\u00bb. La cita es ma\u00f1ana viernes, 26 de agosto a las 21:00 horas en las instalaciones del Foro DiDi.<\/p>\n\n\n\n<p>Los boletos cuestan $485 General y $645 VIP, puedes comprarlos en taquilla o a trav\u00e9s de <a rel=\"noreferrer noopener\" href=\"https:\/\/www.ticketmaster.com.mx\/javier-blake-col-centro-monterrey-26-08-2022\/event\/14005C7E7F811E77?utm_source=TM-google&amp;gclid=Cj0KCQjwof6WBhD4ARIsAOi65agfRZjP6NQqxNwtictn0IKQkRgux2dkc4aG2zygSs4DDDHnx8yu1vgaAnfQEALw_wcB\" data-type=\"URL\" data-id=\"https:\/\/www.ticketmaster.com.mx\/javier-blake-col-centro-monterrey-26-08-2022\/event\/14005C7E7F811E77?utm_source=TM-google&amp;gclid=Cj0KCQjwof6WBhD4ARIsAOi65agfRZjP6NQqxNwtictn0IKQkRgux2dkc4aG2zygSs4DDDHnx8yu1vgaAnfQEALw_wcB\" target=\"_blank\">Ticketmaster<\/a> (m\u00e1s cargos por servicio).<\/p>\n\n\n\n<p>Ayer, en rueda de prensa con el artista, pudimos platicar un poco acerca de lo que puedes esperar en su concierto, te contamos que lleg\u00f3 a mencionarse la idea de llevar a alg\u00fan artista invitado, ya que el m\u00fasico cuenta con muy buenas amistades aqu\u00ed en Monterrey, ciudad a la que considera su segunda casa.<\/p>\n\n\n\n<p>As\u00ed que si quieres corear canciones como \u00abR\u00e9plica\u00bb y \u00abDe esos besos\u00bb a todo pulm\u00f3n y en compa\u00f1\u00eda del autor, ma\u00f1ana es tu oportunidad.<\/p>\n\n\n\n<p>Este material cuenta con m\u00e1s de 7 millones de reproducciones en Spotify y se encuentra en diversas listas musicales, adem\u00e1s, su vinil se agot\u00f3 en menos de 90 minutos.<\/p>\n\n\n\n<figure class=\"wp-block-image aligncenter size-large is-resized\"><img loading=\"lazy\" decoding=\"async\" src=\"https:\/\/lightsontv.com\/wp-content\/uploads\/2022\/08\/javierblake_forodidi26AGO2022-1024x1024.jpg\" alt=\"\" class=\"wp-image-5381\" width=\"600\" height=\"600\" srcset=\"https:\/\/lightsontv.com\/wp-content\/uploads\/2022\/08\/javierblake_forodidi26AGO2022-1024x1024.jpg 1024w, https:\/\/lightsontv.com\/wp-content\/uploads\/2022\/08\/javierblake_forodidi26AGO2022-300x300.jpg 300w, https:\/\/lightsontv.com\/wp-content\/uploads\/2022\/08\/javierblake_forodidi26AGO2022-150x150.jpg 150w, https:\/\/lightsontv.com\/wp-content\/uploads\/2022\/08\/javierblake_forodidi26AGO2022-768x768.jpg 768w, https:\/\/lightsontv.com\/wp-content\/uploads\/2022\/08\/javierblake_forodidi26AGO2022.jpg 1100w\" sizes=\"auto, (max-width: 600px) 100vw, 600px\" \/><\/figure>\n\n\n\n<p><\/p>\n\n\n\n<p><\/p>\n\n\n\n<p><\/p>\n","protected":false},"excerpt":{"rendered":"<p>Javier Blake y su banda te invitan a pasar una noche entra\u00f1able con la presentaci\u00f3n&#8230;<\/p>\n","protected":false},"author":21,"featured_media":5380,"comment_status":"open","ping_status":"open","sticky":false,"template":"","format":"aside","meta":{"footnotes":""},"categories":[492,339],"tags":[106,638,639,10,13,67],"class_list":["post-5369","post","type-post","status-publish","format-aside","has-post-thumbnail","hentry","category-concert-news","category-conciertos","tag-conciertos","tag-forodidi","tag-javierblake","tag-monterrey","tag-musica","tag-rock","post_format-post-format-aside"],"_links":{"self":[{"href":"https:\/\/lightsontv.com\/index.php?rest_route=\/wp\/v2\/posts\/5369","targetHints":{"allow":["GET"]}}],"collection":[{"href":"https:\/\/lightsontv.com\/index.php?rest_route=\/wp\/v2\/posts"}],"about":[{"href":"https:\/\/lightsontv.com\/index.php?rest_route=\/wp\/v2\/types\/post"}],"author":[{"embeddable":true,"href":"https:\/\/lightsontv.com\/index.php?rest_route=\/wp\/v2\/users\/21"}],"replies":[{"embeddable":true,"href":"https:\/\/lightsontv.com\/index.php?rest_route=%2Fwp%2Fv2%2Fcomments&post=5369"}],"version-history":[{"count":1,"href":"https:\/\/lightsontv.com\/index.php?rest_route=\/wp\/v2\/posts\/5369\/revisions"}],"predecessor-version":[{"id":5383,"href":"https:\/\/lightsontv.com\/index.php?rest_route=\/wp\/v2\/posts\/5369\/revisions\/5383"}],"wp:featuredmedia":[{"embeddable":true,"href":"https:\/\/lightsontv.com\/index.php?rest_route=\/wp\/v2\/media\/5380"}],"wp:attachment":[{"href":"https:\/\/lightsontv.com\/index.php?rest_route=%2Fwp%2Fv2%2Fmedia&parent=5369"}],"wp:term":[{"taxonomy":"category","embeddable":true,"href":"https:\/\/lightsontv.com\/index.php?rest_route=%2Fwp%2Fv2%2Fcategories&post=5369"},{"taxonomy":"post_tag","embeddable":true,"href":"https:\/\/lightsontv.com\/index.php?rest_route=%2Fwp%2Fv2%2Ftags&post=5369"}],"curies":[{"name":"wp","href":"https:\/\/api.w.org\/{rel}","templated":true}]}}