{"id":5363,"date":"2022-08-18T13:33:00","date_gmt":"2022-08-18T18:33:00","guid":{"rendered":"https:\/\/lightsontv.com\/?p=5363"},"modified":"2022-10-15T19:02:07","modified_gmt":"2022-10-16T00:02:07","slug":"conoce-los-horarios-oficiales-del-tecate-food-truck-fest-2022","status":"publish","type":"post","link":"https:\/\/lightsontv.com\/?p=5363","title":{"rendered":"\u00a1Conoce los horarios oficiales del Tecate Food Truck Fest 2022!\u00a0"},"content":{"rendered":"\n<p>Estamos a pocos d\u00edas de vivir el Tecate Food Truck Fest 2022 y te compartimos los horarios oficiales para que no se te pasen tus artistas favoritos.\u00a0<br><\/p>\n\n\n\n<figure class=\"wp-block-image size-full is-resized\"><img loading=\"lazy\" decoding=\"async\" src=\"https:\/\/lightsontv.com\/wp-content\/uploads\/2022\/08\/51B49003-0DE6-4FA2-A4D6-9E9C81DA50CF.png\" alt=\"\" class=\"wp-image-5364\" width=\"240\" height=\"300\" srcset=\"https:\/\/lightsontv.com\/wp-content\/uploads\/2022\/08\/51B49003-0DE6-4FA2-A4D6-9E9C81DA50CF.png 800w, https:\/\/lightsontv.com\/wp-content\/uploads\/2022\/08\/51B49003-0DE6-4FA2-A4D6-9E9C81DA50CF-240x300.png 240w, https:\/\/lightsontv.com\/wp-content\/uploads\/2022\/08\/51B49003-0DE6-4FA2-A4D6-9E9C81DA50CF-768x960.png 768w\" sizes=\"auto, (max-width: 240px) 100vw, 240px\" \/><figcaption><br><\/figcaption><\/figure>\n\n\n\n<p>M\u00fasica, mixolog\u00eda, comida, kids zone, zona para ver el cl\u00e1sico regio, postres, y mucho m\u00e1s.<\/p>\n\n\n\n<p>Compra tus boletos en:<a href=\"https:\/\/bit.ly\/BoletosTFTF\">https:\/\/bit.ly\/BoletosTFTF<\/a><\/p>\n","protected":false},"excerpt":{"rendered":"<p>Estamos a pocos d\u00edas de vivir el Tecate Food Truck Fest 2022 y te compartimos&#8230;<\/p>\n","protected":false},"author":8,"featured_media":5365,"comment_status":"open","ping_status":"open","sticky":false,"template":"","format":"aside","meta":{"footnotes":""},"categories":[92,1],"tags":[],"class_list":["post-5363","post","type-post","status-publish","format-aside","has-post-thumbnail","hentry","category-festivals","category-musica-3","post_format-post-format-aside"],"_links":{"self":[{"href":"https:\/\/lightsontv.com\/index.php?rest_route=\/wp\/v2\/posts\/5363","targetHints":{"allow":["GET"]}}],"collection":[{"href":"https:\/\/lightsontv.com\/index.php?rest_route=\/wp\/v2\/posts"}],"about":[{"href":"https:\/\/lightsontv.com\/index.php?rest_route=\/wp\/v2\/types\/post"}],"author":[{"embeddable":true,"href":"https:\/\/lightsontv.com\/index.php?rest_route=\/wp\/v2\/users\/8"}],"replies":[{"embeddable":true,"href":"https:\/\/lightsontv.com\/index.php?rest_route=%2Fwp%2Fv2%2Fcomments&post=5363"}],"version-history":[{"count":1,"href":"https:\/\/lightsontv.com\/index.php?rest_route=\/wp\/v2\/posts\/5363\/revisions"}],"predecessor-version":[{"id":5366,"href":"https:\/\/lightsontv.com\/index.php?rest_route=\/wp\/v2\/posts\/5363\/revisions\/5366"}],"wp:featuredmedia":[{"embeddable":true,"href":"https:\/\/lightsontv.com\/index.php?rest_route=\/wp\/v2\/media\/5365"}],"wp:attachment":[{"href":"https:\/\/lightsontv.com\/index.php?rest_route=%2Fwp%2Fv2%2Fmedia&parent=5363"}],"wp:term":[{"taxonomy":"category","embeddable":true,"href":"https:\/\/lightsontv.com\/index.php?rest_route=%2Fwp%2Fv2%2Fcategories&post=5363"},{"taxonomy":"post_tag","embeddable":true,"href":"https:\/\/lightsontv.com\/index.php?rest_route=%2Fwp%2Fv2%2Ftags&post=5363"}],"curies":[{"name":"wp","href":"https:\/\/api.w.org\/{rel}","templated":true}]}}