{"id":5350,"date":"2022-07-21T09:11:00","date_gmt":"2022-07-21T14:11:00","guid":{"rendered":"https:\/\/lightsontv.com\/?p=5350"},"modified":"2022-07-25T09:17:48","modified_gmt":"2022-07-25T14:17:48","slug":"conoce-el-poster-y-el-trailer-oficial-de-tadeo-el-explorador-3-la-maldicion-de-la-momia","status":"publish","type":"post","link":"https:\/\/lightsontv.com\/?p=5350","title":{"rendered":"Conoce el p\u00f3ster y el tr\u00e1iler oficial de Tadeo El Explorador 3: La maldici\u00f3n de la momia"},"content":{"rendered":"\n<p>Tadeo anhela ser aceptado por sus colegas, pero su naturaleza propensa a accidentes se interpone en su camino. Cuando destruye distra\u00eddamente un extra\u00f1o sarc\u00f3fago se desencadena un hechizo que pone en peligro la vida de sus amigos. Para salvar a Momia, Jeff y Belzoni comenzar\u00e1 una aventura llena de acci\u00f3n que llevar\u00e1 a Tadeo y Sara a viajar a lejanos rincones del mundo para hallar la forma de detener la maldici\u00f3n de la Tabla Esmeralda.<\/p>\n\n\n\n<figure class=\"wp-block-embed is-type-video is-provider-youtube wp-block-embed-youtube wp-embed-aspect-16-9 wp-has-aspect-ratio\"><div class=\"wp-block-embed__wrapper\">\n<iframe loading=\"lazy\" title=\"Tadeo El Explorador 3: La leyenda de la Momia | Tr\u00e1iler oficial (DOBLADO) | En cines, septiembre 15\" width=\"640\" height=\"360\" src=\"https:\/\/www.youtube.com\/embed\/B8iZBzWLNlQ?feature=oembed\" frameborder=\"0\" allow=\"accelerometer; autoplay; clipboard-write; encrypted-media; gyroscope; picture-in-picture; web-share\" referrerpolicy=\"strict-origin-when-cross-origin\" allowfullscreen><\/iframe>\n<\/div><\/figure>\n\n\n\n<p><strong>DIRIGiDA POR:<\/strong> Enrique Gato<\/p>\n\n\n\n<p><strong>GUI\u00d3N DE:\u00a0<\/strong>Josep Gatell, Manuel Burque<\/p>\n\n\n\n<p><strong>PRODUCTORES:\u00a0<\/strong>Ghislain Barrois, \u00c1lvaro Augustin, Nico Matji, Edmon Roch, Marc Sab\u00e9, Javier Ugarte<\/p>\n\n\n\n<p><strong>PRODUCTORA EJECUTIVA:<\/strong> M\u00f3nica Iturriaga\u00a0<\/p>\n\n\n\n<p><strong>ESCRITA POR:<\/strong> Josep Gatell, Manuel Burque<\/p>\n\n\n\n<p><strong>ELENCO DE VOZ:<\/strong> Trevor White, Joseph Balderrama, Alex Kelly, Pippa Bennett-Warner, Elena Sanz. Con las voces en espa\u00f1ol de Juan Bertheau y Cristina Dacosta<\/p>\n\n\n\n<p><\/p>\n\n\n\n<figure class=\"wp-block-image aligncenter size-large is-resized\"><img loading=\"lazy\" decoding=\"async\" src=\"https:\/\/lightsontv.com\/wp-content\/uploads\/2022\/07\/TAD3_INTL_TSR_DIGITAL_1_SHEET_LAS-691x1024.jpg\" alt=\"\" class=\"wp-image-5352\" width=\"495\" height=\"734\" srcset=\"https:\/\/lightsontv.com\/wp-content\/uploads\/2022\/07\/TAD3_INTL_TSR_DIGITAL_1_SHEET_LAS-691x1024.jpg 691w, https:\/\/lightsontv.com\/wp-content\/uploads\/2022\/07\/TAD3_INTL_TSR_DIGITAL_1_SHEET_LAS-203x300.jpg 203w, https:\/\/lightsontv.com\/wp-content\/uploads\/2022\/07\/TAD3_INTL_TSR_DIGITAL_1_SHEET_LAS-768x1138.jpg 768w, https:\/\/lightsontv.com\/wp-content\/uploads\/2022\/07\/TAD3_INTL_TSR_DIGITAL_1_SHEET_LAS-1037x1536.jpg 1037w, https:\/\/lightsontv.com\/wp-content\/uploads\/2022\/07\/TAD3_INTL_TSR_DIGITAL_1_SHEET_LAS-1382x2048.jpg 1382w, https:\/\/lightsontv.com\/wp-content\/uploads\/2022\/07\/TAD3_INTL_TSR_DIGITAL_1_SHEET_LAS-1024x1517.jpg 1024w, https:\/\/lightsontv.com\/wp-content\/uploads\/2022\/07\/TAD3_INTL_TSR_DIGITAL_1_SHEET_LAS-scaled.jpg 1728w\" sizes=\"auto, (max-width: 495px) 100vw, 495px\" \/><\/figure>\n","protected":false},"excerpt":{"rendered":"<p>Tadeo anhela ser aceptado por sus colegas, pero su naturaleza propensa a accidentes se interpone&#8230;<\/p>\n","protected":false},"author":8,"featured_media":5351,"comment_status":"open","ping_status":"open","sticky":false,"template":"","format":"aside","meta":{"footnotes":""},"categories":[1],"tags":[],"class_list":["post-5350","post","type-post","status-publish","format-aside","has-post-thumbnail","hentry","category-musica-3","post_format-post-format-aside"],"_links":{"self":[{"href":"https:\/\/lightsontv.com\/index.php?rest_route=\/wp\/v2\/posts\/5350","targetHints":{"allow":["GET"]}}],"collection":[{"href":"https:\/\/lightsontv.com\/index.php?rest_route=\/wp\/v2\/posts"}],"about":[{"href":"https:\/\/lightsontv.com\/index.php?rest_route=\/wp\/v2\/types\/post"}],"author":[{"embeddable":true,"href":"https:\/\/lightsontv.com\/index.php?rest_route=\/wp\/v2\/users\/8"}],"replies":[{"embeddable":true,"href":"https:\/\/lightsontv.com\/index.php?rest_route=%2Fwp%2Fv2%2Fcomments&post=5350"}],"version-history":[{"count":1,"href":"https:\/\/lightsontv.com\/index.php?rest_route=\/wp\/v2\/posts\/5350\/revisions"}],"predecessor-version":[{"id":5353,"href":"https:\/\/lightsontv.com\/index.php?rest_route=\/wp\/v2\/posts\/5350\/revisions\/5353"}],"wp:featuredmedia":[{"embeddable":true,"href":"https:\/\/lightsontv.com\/index.php?rest_route=\/wp\/v2\/media\/5351"}],"wp:attachment":[{"href":"https:\/\/lightsontv.com\/index.php?rest_route=%2Fwp%2Fv2%2Fmedia&parent=5350"}],"wp:term":[{"taxonomy":"category","embeddable":true,"href":"https:\/\/lightsontv.com\/index.php?rest_route=%2Fwp%2Fv2%2Fcategories&post=5350"},{"taxonomy":"post_tag","embeddable":true,"href":"https:\/\/lightsontv.com\/index.php?rest_route=%2Fwp%2Fv2%2Ftags&post=5350"}],"curies":[{"name":"wp","href":"https:\/\/api.w.org\/{rel}","templated":true}]}}