{"id":5342,"date":"2022-07-05T17:20:00","date_gmt":"2022-07-05T22:20:00","guid":{"rendered":"https:\/\/lightsontv.com\/?p=5342"},"modified":"2022-07-18T17:26:48","modified_gmt":"2022-07-18T22:26:48","slug":"un-retrato-de-familia","status":"publish","type":"post","link":"https:\/\/lightsontv.com\/?p=5342","title":{"rendered":"Un Retrato de Familia"},"content":{"rendered":"\n<p><strong>Sinopsis<\/strong><\/p>\n\n\n\n<p>Mariano Avenda\u00f1o, un hombre que ha dedicado 30 a\u00f1os de su vida a trabajar en una reconocida empresa; aconsejado por su jefe, Don Joaqu\u00edn, busca avivar la convivencia con su esposa y sus tres hijas.<\/p>\n\n\n\n<p>Su familia ha cambiado sin que \u00e9l se diera cuenta, ahora el reto es reencontrarse con sus seres queridos.<\/p>\n\n\n\n<p><strong>Reparto<\/strong><\/p>\n\n\n\n<p>Humberto Zurita, Mar Saura, Ximena Romo, Macarena Miguel, Regina Contreras, Hugo Stiglitz.<\/p>\n\n\n\n<p><strong>Director <\/strong><\/p>\n\n\n\n<p>Adri\u00e1n Zurita<\/p>\n\n\n\n<figure class=\"wp-block-embed is-type-video is-provider-youtube wp-block-embed-youtube wp-embed-aspect-16-9 wp-has-aspect-ratio\"><div class=\"wp-block-embed__wrapper\">\n<iframe loading=\"lazy\" title=\"Un Retrato de Familia | Tr\u00e1iler oficial | Estreno julio 21\" width=\"640\" height=\"360\" src=\"https:\/\/www.youtube.com\/embed\/BfAT4g-KTbc?feature=oembed\" frameborder=\"0\" allow=\"accelerometer; autoplay; clipboard-write; encrypted-media; gyroscope; picture-in-picture; web-share\" referrerpolicy=\"strict-origin-when-cross-origin\" allowfullscreen><\/iframe>\n<\/div><\/figure>\n","protected":false},"excerpt":{"rendered":"<p>Sinopsis Mariano Avenda\u00f1o, un hombre que ha dedicado 30 a\u00f1os de su vida a trabajar&#8230;<\/p>\n","protected":false},"author":8,"featured_media":5343,"comment_status":"open","ping_status":"open","sticky":false,"template":"","format":"aside","meta":{"footnotes":""},"categories":[1],"tags":[],"class_list":["post-5342","post","type-post","status-publish","format-aside","has-post-thumbnail","hentry","category-musica-3","post_format-post-format-aside"],"_links":{"self":[{"href":"https:\/\/lightsontv.com\/index.php?rest_route=\/wp\/v2\/posts\/5342","targetHints":{"allow":["GET"]}}],"collection":[{"href":"https:\/\/lightsontv.com\/index.php?rest_route=\/wp\/v2\/posts"}],"about":[{"href":"https:\/\/lightsontv.com\/index.php?rest_route=\/wp\/v2\/types\/post"}],"author":[{"embeddable":true,"href":"https:\/\/lightsontv.com\/index.php?rest_route=\/wp\/v2\/users\/8"}],"replies":[{"embeddable":true,"href":"https:\/\/lightsontv.com\/index.php?rest_route=%2Fwp%2Fv2%2Fcomments&post=5342"}],"version-history":[{"count":1,"href":"https:\/\/lightsontv.com\/index.php?rest_route=\/wp\/v2\/posts\/5342\/revisions"}],"predecessor-version":[{"id":5344,"href":"https:\/\/lightsontv.com\/index.php?rest_route=\/wp\/v2\/posts\/5342\/revisions\/5344"}],"wp:featuredmedia":[{"embeddable":true,"href":"https:\/\/lightsontv.com\/index.php?rest_route=\/wp\/v2\/media\/5343"}],"wp:attachment":[{"href":"https:\/\/lightsontv.com\/index.php?rest_route=%2Fwp%2Fv2%2Fmedia&parent=5342"}],"wp:term":[{"taxonomy":"category","embeddable":true,"href":"https:\/\/lightsontv.com\/index.php?rest_route=%2Fwp%2Fv2%2Fcategories&post=5342"},{"taxonomy":"post_tag","embeddable":true,"href":"https:\/\/lightsontv.com\/index.php?rest_route=%2Fwp%2Fv2%2Ftags&post=5342"}],"curies":[{"name":"wp","href":"https:\/\/api.w.org\/{rel}","templated":true}]}}