{"id":5329,"date":"2022-07-08T16:54:18","date_gmt":"2022-07-08T21:54:18","guid":{"rendered":"https:\/\/lightsontv.com\/?p=5329"},"modified":"2022-10-15T19:05:41","modified_gmt":"2022-10-16T00:05:41","slug":"la-gran-despedida-no-lo-dejes-pasar","status":"publish","type":"post","link":"https:\/\/lightsontv.com\/?p=5329","title":{"rendered":"La Gran Despedida. \u00a1No lo dejes pasar!"},"content":{"rendered":"\n<p>En compa\u00f1\u00eda de Ra\u00fal Mac\u00edas, historiador oficial de Los Bukis, los promotores Melchor Peraza, Pedro Ram\u00edrez y Paco Camarena, as\u00ed como las autoridades de la Secretar\u00eda de Turismo del Gobierno del Estado de Nuevo Le\u00f3n, se llev\u00f3 a cabo una rueda de prensa para dar a conocer los detalles sobre este pr\u00f3ximo y magno evento.<\/p>\n\n\n\n<p><strong><em>Los Bukis: Una historia cantada<\/em><\/strong> augura una celebraci\u00f3n que perdurar\u00e1 en la memoria de generaci\u00f3n en generaci\u00f3n. Con un show de aproximadamente 2 horas y media, un escenario con capacidad para 28,000 personas y un montaje al nivel de The Rolling Stones, el p\u00fablico puede esperar una noche m\u00e1gica, en la que se rendir\u00e1 tributo a la trayectoria del grupo y se agradecer\u00e1 como es debido a los asistentes por su lealtad a lo largo de los a\u00f1os.<\/p>\n\n\n\n<p>Esta es una oportunidad \u00fanica en la vida, para las primeras generaciones fan\u00e1ticas de Los Bukis que no pudieron despedirse cuando, en 1996, la banda se separ\u00f3, y para las que llegaron despu\u00e9s y que no han tenido la oportunidad de verlos en vivo.<\/p>\n\n\n\n<p>Mac\u00edas coment\u00f3 que una de las primeras conexiones aut\u00e9nticas entre el grupo y el p\u00fablico en una presentaci\u00f3n fue aqu\u00ed, en Monterrey, as\u00ed que no lo olvides, tienes una cita con ellos el 10 de septiembre en el Estadio Mobil Super (Palacio Sult\u00e1n) a las 20:30 horas.<\/p>\n\n\n\n<p>A\u00fan hay boletos disponibles y puedes comprar el tuyo en <a rel=\"noreferrer noopener\" href=\"https:\/\/funticket.mx\/event\/los-bukis-monterrey\/\" data-type=\"URL\" data-id=\"https:\/\/funticket.mx\/event\/los-bukis-monterrey\/\" target=\"_blank\">FUNTICKET<\/a>, <a href=\"https:\/\/web.superboletos.com\/SuperBoletos\/MONTERREY\/CONCIERTO\/LOS-BUKIS\/HHKVhaj5zcq6gyW1Mmeahg\" data-type=\"URL\" data-id=\"https:\/\/web.superboletos.com\/SuperBoletos\/MONTERREY\/CONCIERTO\/LOS-BUKIS\/HHKVhaj5zcq6gyW1Mmeahg\" target=\"_blank\" rel=\"noreferrer noopener\">SUPERBOLETOS<\/a> y en taquillas del Estadio. Adem\u00e1s, sigue pendiente de las redes oficiales de Los Bukis para que tengas la oportunidad de obtener un Meet and Greet.<\/p>\n\n\n\n<div class=\"wp-block-group is-layout-flow wp-block-group-is-layout-flow\">\n<p><a href=\"https:\/\/www.facebook.com\/somoslosbukis\">https:\/\/www.facebook.com\/somoslosbukis<\/a><\/p>\n\n\n\n<p><a href=\"https:\/\/www.twitter.com\/somoslosbukis\" data-type=\"URL\" data-id=\"https:\/\/www.twitter.com\/somoslosbukis\">https:\/\/www.twitter.com\/somoslosbukis<\/a><\/p>\n\n\n\n<p><a href=\"https:\/\/www.instagram.com\/somoslosbukis\/\">https:\/\/www.instagram.com\/somoslosbukis\/<\/a><\/p>\n<\/div>\n","protected":false},"excerpt":{"rendered":"<p>En compa\u00f1\u00eda de Ra\u00fal Mac\u00edas, historiador oficial de Los Bukis, los promotores Melchor Peraza, Pedro&#8230;<\/p>\n","protected":false},"author":21,"featured_media":5330,"comment_status":"open","ping_status":"open","sticky":false,"template":"","format":"aside","meta":{"footnotes":""},"categories":[492,339],"tags":[633,631,634,637,635,632],"class_list":["post-5329","post","type-post","status-publish","format-aside","has-post-thumbnail","hentry","category-concert-news","category-conciertos","tag-globalpear","tag-losbukis","tag-musicvibe","tag-palaciosultan","tag-parsproductions","tag-sumajestad","post_format-post-format-aside"],"_links":{"self":[{"href":"https:\/\/lightsontv.com\/index.php?rest_route=\/wp\/v2\/posts\/5329","targetHints":{"allow":["GET"]}}],"collection":[{"href":"https:\/\/lightsontv.com\/index.php?rest_route=\/wp\/v2\/posts"}],"about":[{"href":"https:\/\/lightsontv.com\/index.php?rest_route=\/wp\/v2\/types\/post"}],"author":[{"embeddable":true,"href":"https:\/\/lightsontv.com\/index.php?rest_route=\/wp\/v2\/users\/21"}],"replies":[{"embeddable":true,"href":"https:\/\/lightsontv.com\/index.php?rest_route=%2Fwp%2Fv2%2Fcomments&post=5329"}],"version-history":[{"count":2,"href":"https:\/\/lightsontv.com\/index.php?rest_route=\/wp\/v2\/posts\/5329\/revisions"}],"predecessor-version":[{"id":5332,"href":"https:\/\/lightsontv.com\/index.php?rest_route=\/wp\/v2\/posts\/5329\/revisions\/5332"}],"wp:featuredmedia":[{"embeddable":true,"href":"https:\/\/lightsontv.com\/index.php?rest_route=\/wp\/v2\/media\/5330"}],"wp:attachment":[{"href":"https:\/\/lightsontv.com\/index.php?rest_route=%2Fwp%2Fv2%2Fmedia&parent=5329"}],"wp:term":[{"taxonomy":"category","embeddable":true,"href":"https:\/\/lightsontv.com\/index.php?rest_route=%2Fwp%2Fv2%2Fcategories&post=5329"},{"taxonomy":"post_tag","embeddable":true,"href":"https:\/\/lightsontv.com\/index.php?rest_route=%2Fwp%2Fv2%2Ftags&post=5329"}],"curies":[{"name":"wp","href":"https:\/\/api.w.org\/{rel}","templated":true}]}}