{"id":5310,"date":"2022-07-03T13:24:26","date_gmt":"2022-07-03T18:24:26","guid":{"rendered":"https:\/\/lightsontv.com\/?p=5310"},"modified":"2022-07-03T13:24:34","modified_gmt":"2022-07-03T18:24:34","slug":"traen-sabor-de-yucatan-a-monterrey","status":"publish","type":"post","link":"https:\/\/lightsontv.com\/?p=5310","title":{"rendered":"\u00a1Traen Sabor de Yucat\u00e1n a Monterrey!"},"content":{"rendered":"\n<p>Con el evento <strong>Yucat\u00e1n Es Sabor<\/strong>, el gobierno de este Estado dio a conocer en Monterrey los proyectos en torno al A\u00f1o de la Gastronom\u00eda Yucateca que tienen contemplados para la entidad.<\/p>\n\n\n\n<figure class=\"wp-block-image aligncenter size-large is-resized\"><img loading=\"lazy\" decoding=\"async\" src=\"https:\/\/lightsontv.com\/wp-content\/uploads\/2022\/07\/APS08659-1024x683.jpeg\" alt=\"\" class=\"wp-image-5317\" width=\"558\" height=\"372\" srcset=\"https:\/\/lightsontv.com\/wp-content\/uploads\/2022\/07\/APS08659-1024x683.jpeg 1024w, https:\/\/lightsontv.com\/wp-content\/uploads\/2022\/07\/APS08659-300x200.jpeg 300w, https:\/\/lightsontv.com\/wp-content\/uploads\/2022\/07\/APS08659-768x512.jpeg 768w, https:\/\/lightsontv.com\/wp-content\/uploads\/2022\/07\/APS08659-1536x1025.jpeg 1536w, https:\/\/lightsontv.com\/wp-content\/uploads\/2022\/07\/APS08659-2048x1366.jpeg 2048w\" sizes=\"auto, (max-width: 558px) 100vw, 558px\" \/><\/figure>\n\n\n\n<p>En una rueda de prensa encabezada por Michelle Fridman Hirsch, Secretaria de Turismo de Yucat\u00e1n, realizada en el restaurante Koli en la Colonia Del Valle, se dio a conocer que Yucat\u00e1n ser\u00e1 sede del Latin America\u2019s 50 Best Restaurants, uno de los eventos gastron\u00f3micos m\u00e1s importantes a nivel internacional.<\/p>\n\n\n\n<figure class=\"wp-block-image aligncenter size-large is-resized\"><img loading=\"lazy\" decoding=\"async\" src=\"https:\/\/lightsontv.com\/wp-content\/uploads\/2022\/07\/APS08661-683x1024.jpeg\" alt=\"\" class=\"wp-image-5316\" width=\"456\" height=\"684\" srcset=\"https:\/\/lightsontv.com\/wp-content\/uploads\/2022\/07\/APS08661-683x1024.jpeg 683w, https:\/\/lightsontv.com\/wp-content\/uploads\/2022\/07\/APS08661-200x300.jpeg 200w, https:\/\/lightsontv.com\/wp-content\/uploads\/2022\/07\/APS08661-768x1151.jpeg 768w, https:\/\/lightsontv.com\/wp-content\/uploads\/2022\/07\/APS08661-1025x1536.jpeg 1025w, https:\/\/lightsontv.com\/wp-content\/uploads\/2022\/07\/APS08661-1366x2048.jpeg 1366w, https:\/\/lightsontv.com\/wp-content\/uploads\/2022\/07\/APS08661-1024x1535.jpeg 1024w, https:\/\/lightsontv.com\/wp-content\/uploads\/2022\/07\/APS08661-scaled.jpeg 1708w\" sizes=\"auto, (max-width: 456px) 100vw, 456px\" \/><\/figure>\n\n\n\n<p>\u201cEl a\u00f1o pasado filmamos el tianguis tur\u00edstico con toda la oferta gastron\u00f3mica que ofrece Yucat\u00e1n, para posicionarnos este 2002 como el A\u00f1o de la Gastronom\u00eda Yucateca, con un sinf\u00edn de actividades con eventos dentro y fuera del Estado como este que estamos haciendo y que ya lo hicimos en Guadalajara y Ciudad de M\u00e9xico, y vamos para Tijuana\u201d, expres\u00f3 Michelle Fridman.<\/p>\n\n\n\n<figure class=\"wp-block-image aligncenter size-large is-resized\"><img loading=\"lazy\" decoding=\"async\" src=\"https:\/\/lightsontv.com\/wp-content\/uploads\/2022\/07\/APS08669-1024x683.jpeg\" alt=\"\" class=\"wp-image-5314\" width=\"561\" height=\"374\" srcset=\"https:\/\/lightsontv.com\/wp-content\/uploads\/2022\/07\/APS08669-1024x683.jpeg 1024w, https:\/\/lightsontv.com\/wp-content\/uploads\/2022\/07\/APS08669-300x200.jpeg 300w, https:\/\/lightsontv.com\/wp-content\/uploads\/2022\/07\/APS08669-768x512.jpeg 768w, https:\/\/lightsontv.com\/wp-content\/uploads\/2022\/07\/APS08669-1536x1025.jpeg 1536w, https:\/\/lightsontv.com\/wp-content\/uploads\/2022\/07\/APS08669-2048x1366.jpeg 2048w\" sizes=\"auto, (max-width: 561px) 100vw, 561px\" \/><\/figure>\n\n\n\n<p>En el evento estuvo presente Maricarmen Mart\u00ednez Villarreal, Secretaria de Turismo de Nuevo Le\u00f3n, as\u00ed como los chefs yucatecos Alex M\u00e9ndez (Astro Bistr\u00f3), Alejandro Aguilar (La Palapita del Tamal) y Wilson Alonzo (Halach\u00f3), quienes prepararon una serie de deliciosos platillos tradicionales para degustar.<\/p>\n\n\n\n<figure class=\"wp-block-image aligncenter size-large is-resized\"><img loading=\"lazy\" decoding=\"async\" src=\"https:\/\/lightsontv.com\/wp-content\/uploads\/2022\/07\/APS08716-1024x683.jpeg\" alt=\"\" class=\"wp-image-5313\" width=\"548\" height=\"365\" srcset=\"https:\/\/lightsontv.com\/wp-content\/uploads\/2022\/07\/APS08716-1024x683.jpeg 1024w, https:\/\/lightsontv.com\/wp-content\/uploads\/2022\/07\/APS08716-300x200.jpeg 300w, https:\/\/lightsontv.com\/wp-content\/uploads\/2022\/07\/APS08716-768x512.jpeg 768w, https:\/\/lightsontv.com\/wp-content\/uploads\/2022\/07\/APS08716-1536x1025.jpeg 1536w, https:\/\/lightsontv.com\/wp-content\/uploads\/2022\/07\/APS08716-2048x1366.jpeg 2048w\" sizes=\"auto, (max-width: 548px) 100vw, 548px\" \/><\/figure>\n\n\n\n<p>Michelle Fridman presumi\u00f3 adem\u00e1s la campa\u00f1a \u201c365 Sabores en Yucat\u00e1n\u201d que reci\u00e9n lanzaron el pasado 18 de junio, cuando se celebr\u00f3 el D\u00eda Internacional de la Gastronom\u00eda Sustentable, que es la idea principal que quieren realizar con ella, consumir los productos del Estado.<\/p>\n","protected":false},"excerpt":{"rendered":"<p>Con el evento Yucat\u00e1n Es Sabor, el gobierno de este Estado dio a conocer en&#8230;<\/p>\n","protected":false},"author":8,"featured_media":5311,"comment_status":"open","ping_status":"open","sticky":false,"template":"","format":"aside","meta":{"footnotes":""},"categories":[1],"tags":[],"class_list":["post-5310","post","type-post","status-publish","format-aside","has-post-thumbnail","hentry","category-musica-3","post_format-post-format-aside"],"_links":{"self":[{"href":"https:\/\/lightsontv.com\/index.php?rest_route=\/wp\/v2\/posts\/5310","targetHints":{"allow":["GET"]}}],"collection":[{"href":"https:\/\/lightsontv.com\/index.php?rest_route=\/wp\/v2\/posts"}],"about":[{"href":"https:\/\/lightsontv.com\/index.php?rest_route=\/wp\/v2\/types\/post"}],"author":[{"embeddable":true,"href":"https:\/\/lightsontv.com\/index.php?rest_route=\/wp\/v2\/users\/8"}],"replies":[{"embeddable":true,"href":"https:\/\/lightsontv.com\/index.php?rest_route=%2Fwp%2Fv2%2Fcomments&post=5310"}],"version-history":[{"count":1,"href":"https:\/\/lightsontv.com\/index.php?rest_route=\/wp\/v2\/posts\/5310\/revisions"}],"predecessor-version":[{"id":5318,"href":"https:\/\/lightsontv.com\/index.php?rest_route=\/wp\/v2\/posts\/5310\/revisions\/5318"}],"wp:featuredmedia":[{"embeddable":true,"href":"https:\/\/lightsontv.com\/index.php?rest_route=\/wp\/v2\/media\/5311"}],"wp:attachment":[{"href":"https:\/\/lightsontv.com\/index.php?rest_route=%2Fwp%2Fv2%2Fmedia&parent=5310"}],"wp:term":[{"taxonomy":"category","embeddable":true,"href":"https:\/\/lightsontv.com\/index.php?rest_route=%2Fwp%2Fv2%2Fcategories&post=5310"},{"taxonomy":"post_tag","embeddable":true,"href":"https:\/\/lightsontv.com\/index.php?rest_route=%2Fwp%2Fv2%2Ftags&post=5310"}],"curies":[{"name":"wp","href":"https:\/\/api.w.org\/{rel}","templated":true}]}}