{"id":5258,"date":"2022-04-25T14:54:00","date_gmt":"2022-04-25T19:54:00","guid":{"rendered":"https:\/\/lightsontv.com\/?p=5258"},"modified":"2022-04-25T23:58:49","modified_gmt":"2022-04-26T04:58:49","slug":"bely-y-beto-conquistan-por-primera-vez-el-domo-care","status":"publish","type":"post","link":"https:\/\/lightsontv.com\/?p=5258","title":{"rendered":"\u00a1Bely y Beto conquistan por primera vez el Domo Care!"},"content":{"rendered":"\n<p>El p\u00fablico infantil inund\u00f3 el Domo Care y se visti\u00f3 de amarillo, naranja y al azul durante el espect\u00e1culo que ofreci\u00f3 Bely y Beto.<\/p>\n\n\n\n<p>El show infantil de Bely y Beto divirti\u00f3 a los ni\u00f1os de todas las edades, que ansiosos por ver a sus \u00eddolos y llegaron caracterizados de sus personajes favoritos.\u00a0<\/p>\n\n\n\n<div class=\"wp-block-image\"><figure class=\"aligncenter size-large is-resized\"><img loading=\"lazy\" decoding=\"async\" src=\"https:\/\/lightsontv.com\/wp-content\/uploads\/2022\/04\/byb-4-683x1024.jpg\" alt=\"\" class=\"wp-image-5260\" width=\"311\" height=\"466\" srcset=\"https:\/\/lightsontv.com\/wp-content\/uploads\/2022\/04\/byb-4-683x1024.jpg 683w, https:\/\/lightsontv.com\/wp-content\/uploads\/2022\/04\/byb-4-200x300.jpg 200w, https:\/\/lightsontv.com\/wp-content\/uploads\/2022\/04\/byb-4-768x1152.jpg 768w, https:\/\/lightsontv.com\/wp-content\/uploads\/2022\/04\/byb-4-1024x1536.jpg 1024w, https:\/\/lightsontv.com\/wp-content\/uploads\/2022\/04\/byb-4-1365x2048.jpg 1365w, https:\/\/lightsontv.com\/wp-content\/uploads\/2022\/04\/byb-4-scaled.jpg 1707w\" sizes=\"auto, (max-width: 311px) 100vw, 311px\" \/><\/figure><\/div>\n\n\n\n<p>Pasadas&nbsp;las 17:00&nbsp;horas arranc\u00f3 la funci\u00f3n provocando los gritos de los ni\u00f1os y padres de familia que abarrotaron el lugar.<\/p>\n\n\n\n<p>Al ritmo de \u201cSiempre Amigos\u201d, fue como la animadora infantil regiomontana junto a Beto, sali\u00f3 al escenario.\u00a0<\/p>\n\n\n\n<div class=\"wp-block-image\"><figure class=\"aligncenter size-large is-resized\"><img loading=\"lazy\" decoding=\"async\" src=\"https:\/\/lightsontv.com\/wp-content\/uploads\/2022\/04\/byb-2-1024x682.jpg\" alt=\"\" class=\"wp-image-5261\" width=\"355\" height=\"235\" srcset=\"https:\/\/lightsontv.com\/wp-content\/uploads\/2022\/04\/byb-2-1024x682.jpg 1024w, https:\/\/lightsontv.com\/wp-content\/uploads\/2022\/04\/byb-2-300x200.jpg 300w, https:\/\/lightsontv.com\/wp-content\/uploads\/2022\/04\/byb-2-1536x1023.jpg 1536w, https:\/\/lightsontv.com\/wp-content\/uploads\/2022\/04\/byb-2-2048x1364.jpg 2048w\" sizes=\"auto, (max-width: 355px) 100vw, 355px\" \/><\/figure><\/div>\n\n\n\n<p>Durante dos horas de show y un intermedio los asistentes disfrutaron de cada uno de los \u00e9xitos.&nbsp;<\/p>\n\n\n\n<div class=\"wp-block-image\"><figure class=\"aligncenter size-large is-resized\"><img loading=\"lazy\" decoding=\"async\" src=\"https:\/\/lightsontv.com\/wp-content\/uploads\/2022\/04\/byb-3-1024x683.jpg\" alt=\"\" class=\"wp-image-5263\" width=\"332\" height=\"222\" srcset=\"https:\/\/lightsontv.com\/wp-content\/uploads\/2022\/04\/byb-3-1024x683.jpg 1024w, https:\/\/lightsontv.com\/wp-content\/uploads\/2022\/04\/byb-3-300x200.jpg 300w, https:\/\/lightsontv.com\/wp-content\/uploads\/2022\/04\/byb-3-768x512.jpg 768w, https:\/\/lightsontv.com\/wp-content\/uploads\/2022\/04\/byb-3-1536x1024.jpg 1536w, https:\/\/lightsontv.com\/wp-content\/uploads\/2022\/04\/byb-3-2048x1365.jpg 2048w\" sizes=\"auto, (max-width: 332px) 100vw, 332px\" \/><\/figure><\/div>\n\n\n\n<p>Al menos siete vestuarios utiliz\u00f3 Bely, para interactuar con los ni\u00f1os y presentar cada uno de sus canciones.<\/p>\n\n\n\n<p>El p\u00fablico goz\u00f3 del \u201cCabecita de Mel\u00f3n\u201d, Kelly, Miguel, Miguelita, Perron, Pepo, Mariano El Marciano, entre otros personajes que hicieron su aparici\u00f3n en escena.\u00a0<\/p>\n\n\n\n<div class=\"wp-block-image\"><figure class=\"aligncenter size-large is-resized\"><img loading=\"lazy\" decoding=\"async\" src=\"https:\/\/lightsontv.com\/wp-content\/uploads\/2022\/04\/byb-5-1024x683.jpg\" alt=\"\" class=\"wp-image-5262\" width=\"335\" height=\"223\" srcset=\"https:\/\/lightsontv.com\/wp-content\/uploads\/2022\/04\/byb-5-1024x683.jpg 1024w, https:\/\/lightsontv.com\/wp-content\/uploads\/2022\/04\/byb-5-300x200.jpg 300w, https:\/\/lightsontv.com\/wp-content\/uploads\/2022\/04\/byb-5-768x512.jpg 768w, https:\/\/lightsontv.com\/wp-content\/uploads\/2022\/04\/byb-5-1536x1024.jpg 1536w, https:\/\/lightsontv.com\/wp-content\/uploads\/2022\/04\/byb-5-2048x1365.jpg 2048w\" sizes=\"auto, (max-width: 335px) 100vw, 335px\" \/><\/figure><\/div>\n\n\n\n<p class=\"has-text-align-center\">Sin lugar a duda &nbsp;y para cerrar con broche de oro \u201cLa Pepo Cumbia\u201d, puso a bailar y cantar a todo al Domo.<\/p>\n","protected":false},"excerpt":{"rendered":"<p>El p\u00fablico infantil inund\u00f3 el Domo Care y se visti\u00f3 de amarillo, naranja y al&#8230;<\/p>\n","protected":false},"author":8,"featured_media":5259,"comment_status":"open","ping_status":"open","sticky":false,"template":"","format":"aside","meta":{"footnotes":""},"categories":[339],"tags":[],"class_list":["post-5258","post","type-post","status-publish","format-aside","has-post-thumbnail","hentry","category-conciertos","post_format-post-format-aside"],"_links":{"self":[{"href":"https:\/\/lightsontv.com\/index.php?rest_route=\/wp\/v2\/posts\/5258","targetHints":{"allow":["GET"]}}],"collection":[{"href":"https:\/\/lightsontv.com\/index.php?rest_route=\/wp\/v2\/posts"}],"about":[{"href":"https:\/\/lightsontv.com\/index.php?rest_route=\/wp\/v2\/types\/post"}],"author":[{"embeddable":true,"href":"https:\/\/lightsontv.com\/index.php?rest_route=\/wp\/v2\/users\/8"}],"replies":[{"embeddable":true,"href":"https:\/\/lightsontv.com\/index.php?rest_route=%2Fwp%2Fv2%2Fcomments&post=5258"}],"version-history":[{"count":1,"href":"https:\/\/lightsontv.com\/index.php?rest_route=\/wp\/v2\/posts\/5258\/revisions"}],"predecessor-version":[{"id":5264,"href":"https:\/\/lightsontv.com\/index.php?rest_route=\/wp\/v2\/posts\/5258\/revisions\/5264"}],"wp:featuredmedia":[{"embeddable":true,"href":"https:\/\/lightsontv.com\/index.php?rest_route=\/wp\/v2\/media\/5259"}],"wp:attachment":[{"href":"https:\/\/lightsontv.com\/index.php?rest_route=%2Fwp%2Fv2%2Fmedia&parent=5258"}],"wp:term":[{"taxonomy":"category","embeddable":true,"href":"https:\/\/lightsontv.com\/index.php?rest_route=%2Fwp%2Fv2%2Fcategories&post=5258"},{"taxonomy":"post_tag","embeddable":true,"href":"https:\/\/lightsontv.com\/index.php?rest_route=%2Fwp%2Fv2%2Ftags&post=5258"}],"curies":[{"name":"wp","href":"https:\/\/api.w.org\/{rel}","templated":true}]}}