{"id":5054,"date":"2022-01-27T14:28:01","date_gmt":"2022-01-27T20:28:01","guid":{"rendered":"https:\/\/lightsontv.com\/?p=5054"},"modified":"2022-01-27T14:28:03","modified_gmt":"2022-01-27T20:28:03","slug":"luis-fonsi-y-manuel-turizo-se-van-de-vacaciones-con-su-nuevo-sencillo","status":"publish","type":"post","link":"https:\/\/lightsontv.com\/?p=5054","title":{"rendered":"Luis Fonsi y Manuel Turizo se van de Vacaciones con su nuevo sencillo"},"content":{"rendered":"\n<p>El artista global\u00a0Luis\u00a0Fonsi\u00a0da inicio a este 2022 con otro gran lanzamiento. Su nuevo sencillo titulado\u00a0\u201cVacaciones\u201d\u00a0junto a la superestrella latina\u00a0Manuel Turizo, se encuentra disponible en todas las plataformas digitales de m\u00fasica.<br>\u00a0<br>Compuesta por Luis Fonsi, Manuel Turizo,\u00a0Mauricio Rengifo,\u00a0Andr\u00e9s Torres\u00a0y\u00a0Keytin,\u00a0\u201cVacaciones\u201d\u00a0transporta a un sitio tropical y paradisiaco, sin importar la \u00e9poca del a\u00f1o.<\/p>\n\n\n\n<div class=\"wp-block-image\"><figure class=\"aligncenter size-large is-resized\"><img loading=\"lazy\" decoding=\"async\" src=\"https:\/\/lightsontv.com\/wp-content\/uploads\/2022\/01\/PSX_20220127_142234-651x1024.jpg\" alt=\"\" class=\"wp-image-5055\" width=\"346\" height=\"545\" srcset=\"https:\/\/lightsontv.com\/wp-content\/uploads\/2022\/01\/PSX_20220127_142234-651x1024.jpg 651w, https:\/\/lightsontv.com\/wp-content\/uploads\/2022\/01\/PSX_20220127_142234-191x300.jpg 191w, https:\/\/lightsontv.com\/wp-content\/uploads\/2022\/01\/PSX_20220127_142234-768x1208.jpg 768w, https:\/\/lightsontv.com\/wp-content\/uploads\/2022\/01\/PSX_20220127_142234-977x1536.jpg 977w, https:\/\/lightsontv.com\/wp-content\/uploads\/2022\/01\/PSX_20220127_142234.jpg 996w\" sizes=\"auto, (max-width: 346px) 100vw, 346px\" \/><\/figure><\/div>\n\n\n\n<p><br>Esta es la primera vez que Fonsi y Turizo colaboran, aunque desde hace tiempo quer\u00edan hacerlo.\u00a0\u201cCon Manuel, hab\u00eda hablado de colaborar y me pareci\u00f3 que este era el tema perfecto. Es un artista que a pesar de que es muy joven, es sumamente maduro y tiene un talento incre\u00edble. Fue un verdadero placer trabajar con \u00e9l\u201d.\u00a0Expres\u00f3 Fonsi.<br>\u00a0<br>Por su parte Turizo expres\u00f3,\u00a0\u201cTrabajar con Fonsi fue una experiencia brutal! Excelente! Desde el inicio, todo fluy\u00f3 perfectamente. Fonsi es un gran artista con una carrera impecable, adem\u00e1s, es una persona incre\u00edble y nos llevamos s\u00faper bien. La canci\u00f3n est\u00e1 dur\u00edsima, \u00a1para mi es otro palo! Una cancion con un appeal super global, para todas las edades. Con una energ\u00eda demasiado contagiosa. El video tambi\u00e9n nos lo gozamos completo cuando lo est\u00e1bamos haciendo. \u00a1Tiene todos los componentes para ser otro hit!\u201d.<\/p>\n\n\n\n<figure class=\"wp-block-embed is-type-video is-provider-youtube wp-block-embed-youtube wp-embed-aspect-16-9 wp-has-aspect-ratio\"><div class=\"wp-block-embed__wrapper\">\n<iframe loading=\"lazy\" title=\"Luis Fonsi, Manuel Turizo - Vacaciones (Official Video)\" width=\"640\" height=\"360\" src=\"https:\/\/www.youtube.com\/embed\/wdHW_lPpZMA?feature=oembed\" frameborder=\"0\" allow=\"accelerometer; autoplay; clipboard-write; encrypted-media; gyroscope; picture-in-picture; web-share\" referrerpolicy=\"strict-origin-when-cross-origin\" allowfullscreen><\/iframe>\n<\/div><\/figure>\n\n\n\n<p>El sencillo viene acompa\u00f1ado de un video espectacular dirigido por Jessy Terrero, el cual fue grabado el pasado mes de diciembre en Yucat\u00e1n, M\u00e9xico. Las impresionantes y hermosas locaciones ilustraron a la perfecci\u00f3n la letra y sentimiento detr\u00e1s de&nbsp;\u201cVacaciones\u201d.<br>&nbsp;<br>\u201cVacaciones\u201d&nbsp;formar\u00e1 parte del nuevo \u00e1lbum de estudio de Fonsi el cual est\u00e1 programado a lanzarse este 2022.<\/p>\n","protected":false},"excerpt":{"rendered":"<p>El artista global\u00a0Luis\u00a0Fonsi\u00a0da inicio a este 2022 con otro gran lanzamiento. Su nuevo sencillo titulado\u00a0\u201cVacaciones\u201d\u00a0junto&#8230;<\/p>\n","protected":false},"author":8,"featured_media":5056,"comment_status":"open","ping_status":"open","sticky":false,"template":"","format":"aside","meta":{"footnotes":""},"categories":[1],"tags":[],"class_list":["post-5054","post","type-post","status-publish","format-aside","has-post-thumbnail","hentry","category-musica-3","post_format-post-format-aside"],"_links":{"self":[{"href":"https:\/\/lightsontv.com\/index.php?rest_route=\/wp\/v2\/posts\/5054","targetHints":{"allow":["GET"]}}],"collection":[{"href":"https:\/\/lightsontv.com\/index.php?rest_route=\/wp\/v2\/posts"}],"about":[{"href":"https:\/\/lightsontv.com\/index.php?rest_route=\/wp\/v2\/types\/post"}],"author":[{"embeddable":true,"href":"https:\/\/lightsontv.com\/index.php?rest_route=\/wp\/v2\/users\/8"}],"replies":[{"embeddable":true,"href":"https:\/\/lightsontv.com\/index.php?rest_route=%2Fwp%2Fv2%2Fcomments&post=5054"}],"version-history":[{"count":1,"href":"https:\/\/lightsontv.com\/index.php?rest_route=\/wp\/v2\/posts\/5054\/revisions"}],"predecessor-version":[{"id":5057,"href":"https:\/\/lightsontv.com\/index.php?rest_route=\/wp\/v2\/posts\/5054\/revisions\/5057"}],"wp:featuredmedia":[{"embeddable":true,"href":"https:\/\/lightsontv.com\/index.php?rest_route=\/wp\/v2\/media\/5056"}],"wp:attachment":[{"href":"https:\/\/lightsontv.com\/index.php?rest_route=%2Fwp%2Fv2%2Fmedia&parent=5054"}],"wp:term":[{"taxonomy":"category","embeddable":true,"href":"https:\/\/lightsontv.com\/index.php?rest_route=%2Fwp%2Fv2%2Fcategories&post=5054"},{"taxonomy":"post_tag","embeddable":true,"href":"https:\/\/lightsontv.com\/index.php?rest_route=%2Fwp%2Fv2%2Ftags&post=5054"}],"curies":[{"name":"wp","href":"https:\/\/api.w.org\/{rel}","templated":true}]}}