{"id":5023,"date":"2022-01-03T17:54:00","date_gmt":"2022-01-03T23:54:00","guid":{"rendered":"https:\/\/lightsontv.com\/?p=5023"},"modified":"2022-01-12T17:56:51","modified_gmt":"2022-01-12T23:56:51","slug":"rifkins-festival-un-romance-equivocado-en-el-lugar-adecuado","status":"publish","type":"post","link":"https:\/\/lightsontv.com\/?p=5023","title":{"rendered":"RIFKIN\u00b4S FESTIVAL. UN ROMANCE EQUIVOCADO, EN EL LUGAR ADECUADO"},"content":{"rendered":"\n<p class=\"has-text-align-center\"><strong>\u00a1Estreno exclusivamente en cines el\u00a020 de enero de 2022!<\/strong><\/p>\n\n\n\n<figure class=\"wp-block-embed is-type-video is-provider-youtube wp-block-embed-youtube wp-embed-aspect-16-9 wp-has-aspect-ratio\"><div class=\"wp-block-embed__wrapper\">\n<iframe loading=\"lazy\" title=\"Rifkin&#039;s Festival Un romance equivocado, en el lugar adecuado | Enero 6 en cines |Imagem Films Mx\" width=\"640\" height=\"360\" src=\"https:\/\/www.youtube.com\/embed\/ZVdF0tdkfbI?feature=oembed\" frameborder=\"0\" allow=\"accelerometer; autoplay; clipboard-write; encrypted-media; gyroscope; picture-in-picture; web-share\" referrerpolicy=\"strict-origin-when-cross-origin\" allowfullscreen><\/iframe>\n<\/div><\/figure>\n\n\n\n<p>Sinopsis:\u00a0El devoto del cine Mort Rifkin (Wallace Shawn) acompa\u00f1a a su esposa publicista Sue (Gina Gershon) al Festival de Cine de San Sebasti\u00e1n en Espa\u00f1a, preocupado de que su fascinaci\u00f3n por su joven cliente, el director de cine, Philippe (Louis Garrel), pueda ser m\u00e1s que profesional. Adem\u00e1s, Mort espera que el cambio de escenario le d\u00e9 un respiro a su lucha por escribir una primera novela que est\u00e9 a la altura de sus est\u00e1ndares imposiblemente exigentes.<\/p>\n\n\n\n<p><br>Reparto:\u00a0Christoph Waltz, Gina Gershon, Louis Garrel, Elena Anaya, Wallace Shawn<\/p>\n\n\n\n<p><br><\/p>\n","protected":false},"excerpt":{"rendered":"<p>\u00a1Estreno exclusivamente en cines el\u00a020 de enero de 2022! Sinopsis:\u00a0El devoto del cine Mort Rifkin&#8230;<\/p>\n","protected":false},"author":8,"featured_media":5024,"comment_status":"open","ping_status":"open","sticky":false,"template":"","format":"aside","meta":{"footnotes":""},"categories":[1],"tags":[],"class_list":["post-5023","post","type-post","status-publish","format-aside","has-post-thumbnail","hentry","category-musica-3","post_format-post-format-aside"],"_links":{"self":[{"href":"https:\/\/lightsontv.com\/index.php?rest_route=\/wp\/v2\/posts\/5023","targetHints":{"allow":["GET"]}}],"collection":[{"href":"https:\/\/lightsontv.com\/index.php?rest_route=\/wp\/v2\/posts"}],"about":[{"href":"https:\/\/lightsontv.com\/index.php?rest_route=\/wp\/v2\/types\/post"}],"author":[{"embeddable":true,"href":"https:\/\/lightsontv.com\/index.php?rest_route=\/wp\/v2\/users\/8"}],"replies":[{"embeddable":true,"href":"https:\/\/lightsontv.com\/index.php?rest_route=%2Fwp%2Fv2%2Fcomments&post=5023"}],"version-history":[{"count":1,"href":"https:\/\/lightsontv.com\/index.php?rest_route=\/wp\/v2\/posts\/5023\/revisions"}],"predecessor-version":[{"id":5025,"href":"https:\/\/lightsontv.com\/index.php?rest_route=\/wp\/v2\/posts\/5023\/revisions\/5025"}],"wp:featuredmedia":[{"embeddable":true,"href":"https:\/\/lightsontv.com\/index.php?rest_route=\/wp\/v2\/media\/5024"}],"wp:attachment":[{"href":"https:\/\/lightsontv.com\/index.php?rest_route=%2Fwp%2Fv2%2Fmedia&parent=5023"}],"wp:term":[{"taxonomy":"category","embeddable":true,"href":"https:\/\/lightsontv.com\/index.php?rest_route=%2Fwp%2Fv2%2Fcategories&post=5023"},{"taxonomy":"post_tag","embeddable":true,"href":"https:\/\/lightsontv.com\/index.php?rest_route=%2Fwp%2Fv2%2Ftags&post=5023"}],"curies":[{"name":"wp","href":"https:\/\/api.w.org\/{rel}","templated":true}]}}