{"id":5006,"date":"2021-12-27T17:36:00","date_gmt":"2021-12-27T23:36:00","guid":{"rendered":"https:\/\/lightsontv.com\/?p=5006"},"modified":"2022-01-12T17:39:13","modified_gmt":"2022-01-12T23:39:13","slug":"celebra-el-25-aniversario-de-la-pelicula-original-de-scream","status":"publish","type":"post","link":"https:\/\/lightsontv.com\/?p=5006","title":{"rendered":"\u00a1Celebra el 25 aniversario de la pel\u00edcula original de SCREAM!"},"content":{"rendered":"\n<p class=\"has-text-align-center\"><strong>\u00a1NUEVO ESPECIAL DETR\u00c1S DE C\u00c1MARAS!<\/strong><\/p>\n\n\n\n<p class=\"has-text-align-center\"><strong>CELEBRA EL 25 ANIVERSARIO DE\u00a0SCREAM, LA PEL\u00cdCULA ORIGINAL, CON UN NUEVO ESPECIAL DETR\u00c1S DE C\u00c1MARAS EN DONDE SE LE RINDE UN HOMENAJE AL FALLECIDO DIRECTOR WES CRAVEN<\/strong>.<\/p>\n\n\n\n<figure class=\"wp-block-embed is-type-video is-provider-youtube wp-block-embed-youtube wp-embed-aspect-16-9 wp-has-aspect-ratio\"><div class=\"wp-block-embed__wrapper\">\n<iframe loading=\"lazy\" title=\"Scream | Para Wes\" width=\"640\" height=\"360\" src=\"https:\/\/www.youtube.com\/embed\/YYqGyZTBscM?feature=oembed\" frameborder=\"0\" allow=\"accelerometer; autoplay; clipboard-write; encrypted-media; gyroscope; picture-in-picture; web-share\" referrerpolicy=\"strict-origin-when-cross-origin\" allowfullscreen><\/iframe>\n<\/div><\/figure>\n\n\n\n<p class=\"has-text-align-center\"><strong>MA\u00d1ANA MARTES 21 DE DICIEMBRE A LAS 7:15 PM (TIEMPO DEL CENTRO DE M\u00c9XICO) NO TE PIERDAS LA CONVERSACI\u00d3N EN VIVO EN FACEBOOK AUDIO ROOM CON LOS REALIZADORES MATT BETTINELLI-OLPIN, TYLER GILLET y CHAD VILLERA<\/strong><\/p>\n\n\n\n<p class=\"has-text-align-center\">Moderada por los conductores del Unraveled Podcast que podr\u00e1s seguir en la p\u00e1gina de Facebook del&nbsp;Woodsboro Horror Film Club.&nbsp;<\/p>\n","protected":false},"excerpt":{"rendered":"<p>\u00a1NUEVO ESPECIAL DETR\u00c1S DE C\u00c1MARAS! CELEBRA EL 25 ANIVERSARIO DE\u00a0SCREAM, LA PEL\u00cdCULA ORIGINAL, CON UN&#8230;<\/p>\n","protected":false},"author":8,"featured_media":5007,"comment_status":"open","ping_status":"open","sticky":false,"template":"","format":"aside","meta":{"footnotes":""},"categories":[1],"tags":[],"class_list":["post-5006","post","type-post","status-publish","format-aside","has-post-thumbnail","hentry","category-musica-3","post_format-post-format-aside"],"_links":{"self":[{"href":"https:\/\/lightsontv.com\/index.php?rest_route=\/wp\/v2\/posts\/5006","targetHints":{"allow":["GET"]}}],"collection":[{"href":"https:\/\/lightsontv.com\/index.php?rest_route=\/wp\/v2\/posts"}],"about":[{"href":"https:\/\/lightsontv.com\/index.php?rest_route=\/wp\/v2\/types\/post"}],"author":[{"embeddable":true,"href":"https:\/\/lightsontv.com\/index.php?rest_route=\/wp\/v2\/users\/8"}],"replies":[{"embeddable":true,"href":"https:\/\/lightsontv.com\/index.php?rest_route=%2Fwp%2Fv2%2Fcomments&post=5006"}],"version-history":[{"count":1,"href":"https:\/\/lightsontv.com\/index.php?rest_route=\/wp\/v2\/posts\/5006\/revisions"}],"predecessor-version":[{"id":5008,"href":"https:\/\/lightsontv.com\/index.php?rest_route=\/wp\/v2\/posts\/5006\/revisions\/5008"}],"wp:featuredmedia":[{"embeddable":true,"href":"https:\/\/lightsontv.com\/index.php?rest_route=\/wp\/v2\/media\/5007"}],"wp:attachment":[{"href":"https:\/\/lightsontv.com\/index.php?rest_route=%2Fwp%2Fv2%2Fmedia&parent=5006"}],"wp:term":[{"taxonomy":"category","embeddable":true,"href":"https:\/\/lightsontv.com\/index.php?rest_route=%2Fwp%2Fv2%2Fcategories&post=5006"},{"taxonomy":"post_tag","embeddable":true,"href":"https:\/\/lightsontv.com\/index.php?rest_route=%2Fwp%2Fv2%2Ftags&post=5006"}],"curies":[{"name":"wp","href":"https:\/\/api.w.org\/{rel}","templated":true}]}}