{"id":4755,"date":"2021-07-15T01:47:00","date_gmt":"2021-07-15T06:47:00","guid":{"rendered":"https:\/\/lightsontv.com\/?p=4755"},"modified":"2021-07-19T02:08:02","modified_gmt":"2021-07-19T07:08:02","slug":"sin-senas-particulares-llegara-al-cine-mexicano","status":"publish","type":"post","link":"https:\/\/lightsontv.com\/?p=4755","title":{"rendered":"Sin Se\u00f1as Particulares llegar\u00e1 al cine mexicano"},"content":{"rendered":"\n<p>\u201cSin Se\u00f1as Particulares\u201d es una pel\u00edcula dirigida por Fernanda Valadez y llegara a la pantalla grande este pr\u00f3ximo 5 de agosto, adem\u00e1s de ser aclamada a nivel mundial por los festivales m\u00e1s importantes del mundo cinematogr\u00e1fico relata una historia con la cual el p\u00fablico podr\u00e1 sentirse identificado.<\/p>\n\n\n\n<div class=\"wp-block-image\"><figure class=\"aligncenter size-large\"><img loading=\"lazy\" decoding=\"async\" width=\"414\" height=\"603\" src=\"https:\/\/lightsontv.com\/wp-content\/uploads\/2021\/07\/image.png\" alt=\"\" class=\"wp-image-4756\" srcset=\"https:\/\/lightsontv.com\/wp-content\/uploads\/2021\/07\/image.png 414w, https:\/\/lightsontv.com\/wp-content\/uploads\/2021\/07\/image-206x300.png 206w\" sizes=\"auto, (max-width: 414px) 100vw, 414px\" \/><\/figure><\/div>\n\n\n\n<h3 class=\"wp-block-heading\"><strong>Sinopsis<\/strong><\/h3>\n\n\n\n<p>Magdalena emprende una traves\u00eda en busca de su hijo, desaparecido en su camino a la frontera con Estados Unidos. El recorrido de Magdalena entre pueblos y paisajes desolados del M\u00e9xico actual la conduce a conocer a Miguel, un joven reci\u00e9n deportado de los EU que viaja de vuelta a casa. As\u00ed se acompa\u00f1an, Magdalena buscando a su hijo, y Miguel esperando ver a su madre de nuevo, en un territorio donde deambulan juntos v\u00edctimas y victimarios.<br>Reparto: Mercedes Hern\u00e1ndez, David Illescas, Juan Jes\u00fas Varela, Ana Laura Rodr\u00edguez, Laura Elena Ibarra, Xicot\u00e9ncatl Ulloa.<\/p>\n\n\n\n<figure class=\"wp-block-embed is-type-video is-provider-youtube wp-block-embed-youtube wp-embed-aspect-16-9 wp-has-aspect-ratio\"><div class=\"wp-block-embed__wrapper\">\n<iframe loading=\"lazy\" title=\"Sin Se\u00f1as Particulares - Tr\u00e1iler\" width=\"640\" height=\"360\" src=\"https:\/\/www.youtube.com\/embed\/FZc8SooRS9I?feature=oembed\" frameborder=\"0\" allow=\"accelerometer; autoplay; clipboard-write; encrypted-media; gyroscope; picture-in-picture; web-share\" referrerpolicy=\"strict-origin-when-cross-origin\" allowfullscreen><\/iframe>\n<\/div><\/figure>\n\n\n\n<h3 class=\"wp-block-heading\">Premios<\/h3>\n\n\n\n<ul class=\"wp-block-list\"><li>ESTRENO: Sundance 2020, World Dramatic Competition, Premio de la Audiencia y Premio del Jurado a Mejor Gui\u00f3n <\/li><li>Mooov Film Festival 2020 (B\u00e9lgica) ,Premio del Jurado Joven <\/li><li>PyeongChang International Peace Film Festival 2020 (Corea), Premio Mejor Pel\u00edcula <\/li><li>Andrey Tarkovsky International Film Festival Zerkalo 2020 (Rusia), Premio a Mejor direcci\u00f3n <\/li><li>Molodist International Film Festival-Kiev 2020 (Ucrania), Premio a Mejor Pel\u00edcula <\/li><li>Festival de Lima 2020 (Per\u00fa), Premios a Mejor \u00d3pera Prima y Mejor Fotograf\u00eda <\/li><li>Festival de Cine de San Sebasti\u00e1n 2020, Premio Horizontes Latinos y Premio de la Cooperaci\u00f3n Espa\u00f1ola <\/li><li>Festival de Cine de Zurich 2020, Ojo de Oro a Mejor Pel\u00edcula <\/li><li>Festival de Cine de Morelia 2020, Premios a Mejor Largometraje de Ficci\u00f3n, Mejor Actriz y Premio del P\u00fablico.<\/li><li>Festival de Cine de Estocolmo 2020, Premios a Mejor Direcci\u00f3n y Mejor \u00d3pera Prima <\/li><li>Festival de Cine de Tesal\u00f3nica 2020, Premio a Mejor Pel\u00edcula * Festival de Cine de Huelva 2020, Premio del P\u00fablico (secci\u00f3n Sismos) <\/li><li>Festival de Cine de Torino 2020, Premio Especial del Jurado y Premio a Mejor Actriz<\/li><li>Gotham Award a Mejor Pel\u00edcula Internacional (Estados Unidos, 2021)<\/li><\/ul>\n","protected":false},"excerpt":{"rendered":"<p>\u201cSin Se\u00f1as Particulares\u201d es una pel\u00edcula dirigida por Fernanda Valadez y llegara a la pantalla&#8230;<\/p>\n","protected":false},"author":8,"featured_media":4757,"comment_status":"open","ping_status":"open","sticky":false,"template":"","format":"aside","meta":{"footnotes":""},"categories":[1],"tags":[],"class_list":["post-4755","post","type-post","status-publish","format-aside","has-post-thumbnail","hentry","category-musica-3","post_format-post-format-aside"],"_links":{"self":[{"href":"https:\/\/lightsontv.com\/index.php?rest_route=\/wp\/v2\/posts\/4755","targetHints":{"allow":["GET"]}}],"collection":[{"href":"https:\/\/lightsontv.com\/index.php?rest_route=\/wp\/v2\/posts"}],"about":[{"href":"https:\/\/lightsontv.com\/index.php?rest_route=\/wp\/v2\/types\/post"}],"author":[{"embeddable":true,"href":"https:\/\/lightsontv.com\/index.php?rest_route=\/wp\/v2\/users\/8"}],"replies":[{"embeddable":true,"href":"https:\/\/lightsontv.com\/index.php?rest_route=%2Fwp%2Fv2%2Fcomments&post=4755"}],"version-history":[{"count":2,"href":"https:\/\/lightsontv.com\/index.php?rest_route=\/wp\/v2\/posts\/4755\/revisions"}],"predecessor-version":[{"id":4760,"href":"https:\/\/lightsontv.com\/index.php?rest_route=\/wp\/v2\/posts\/4755\/revisions\/4760"}],"wp:featuredmedia":[{"embeddable":true,"href":"https:\/\/lightsontv.com\/index.php?rest_route=\/wp\/v2\/media\/4757"}],"wp:attachment":[{"href":"https:\/\/lightsontv.com\/index.php?rest_route=%2Fwp%2Fv2%2Fmedia&parent=4755"}],"wp:term":[{"taxonomy":"category","embeddable":true,"href":"https:\/\/lightsontv.com\/index.php?rest_route=%2Fwp%2Fv2%2Fcategories&post=4755"},{"taxonomy":"post_tag","embeddable":true,"href":"https:\/\/lightsontv.com\/index.php?rest_route=%2Fwp%2Fv2%2Ftags&post=4755"}],"curies":[{"name":"wp","href":"https:\/\/api.w.org\/{rel}","templated":true}]}}