{"id":4736,"date":"2021-07-11T13:25:11","date_gmt":"2021-07-11T18:25:11","guid":{"rendered":"https:\/\/lightsontv.com\/?p=4736"},"modified":"2021-07-19T02:18:12","modified_gmt":"2021-07-19T07:18:12","slug":"se-acerca-la-11-edicion-del-festival-callegenera","status":"publish","type":"post","link":"https:\/\/lightsontv.com\/?p=4736","title":{"rendered":"Se acerca la 11\u00b0 edici\u00f3n del Festival Callegenera."},"content":{"rendered":"\n<p>El pasado 11 de julio se llev\u00f3 a cabo una rueda de prensa en el <strong>Lab Cultural Ciudadano, LABNL<\/strong>, en la que participaron Ricardo Marcos Gonz\u00e1lez, Presidente de CONARTE, Melissa Segura Guerrero, Secretaria T\u00e9cnica de este organismo y Luis Alberto M\u00e9ndez Garza, Coordinador de Culturas Populares.<\/p>\n\n\n\n<figure class=\"wp-block-image size-large is-style-default\"><img loading=\"lazy\" decoding=\"async\" width=\"1024\" height=\"683\" src=\"https:\/\/lightsontv.com\/wp-content\/uploads\/2021\/07\/IMG_6751-1024x683.jpg\" alt=\"\" class=\"wp-image-4737\" srcset=\"https:\/\/lightsontv.com\/wp-content\/uploads\/2021\/07\/IMG_6751-1024x683.jpg 1024w, https:\/\/lightsontv.com\/wp-content\/uploads\/2021\/07\/IMG_6751-300x200.jpg 300w, https:\/\/lightsontv.com\/wp-content\/uploads\/2021\/07\/IMG_6751-768x512.jpg 768w, https:\/\/lightsontv.com\/wp-content\/uploads\/2021\/07\/IMG_6751-1536x1024.jpg 1536w, https:\/\/lightsontv.com\/wp-content\/uploads\/2021\/07\/IMG_6751-2048x1365.jpg 2048w\" sizes=\"auto, (max-width: 1024px) 100vw, 1024px\" \/><figcaption>De izquierda a derecha: Melissa Segura, Ricardo Marcos y Luis M\u00e9ndez.<\/figcaption><\/figure>\n\n\n\n<p>Se anunci\u00f3 que este 2021 se abrir\u00e1n 3 convocatorias, para intervenciones de arte urbano en la l\u00ednea 3 del metro y elaboraci\u00f3n de mobiliario para <em>skateboarding<\/em> (que incluye una convocatoria para propuesta de proyectos y otra para colaboradores).<\/p>\n\n\n\n<p>El Festival se llevar\u00e1 a cabo del 08 de agosto al 05 de septiembre y contar\u00e1, tambi\u00e9n, con una primicia del LABNL. Melissa Segura inform\u00f3 sobre la apertura de un bazar cultural en la explanada del recinto, que coincidir\u00e1 con la inauguraci\u00f3n del Callegenera 2021.<\/p>\n\n\n\n<p>Lo anterior es la oportunidad perfecta para seguir dando espacio a m\u00fasicos urbanos, ya que por las medidas de prevenci\u00f3n contra el COVID-19 no se podr\u00e1n realizar conciertos masivos como en ediciones anteriores. Quienes deseen participar podr\u00e1n aplicar desde el martes 13 hasta el viernes 23 de julio; habiendo espacio no s\u00f3lo para m\u00fasicos, sino tambi\u00e9n, para artistas de otras ramas que deseen promocionar y comercializar sus productos.<\/p>\n\n\n\n<p>A continuaci\u00f3n, te proporcionamos los enlaces a las convocatorias abiertas por CONARTE:<\/p>\n\n\n\n<p><strong>Convocatoria de Intervenciones de Arte Urbano Nuevo Le\u00f3n (10 al 30 de julio):<\/strong><\/p>\n\n\n\n<p><a href=\"https:\/\/conarte.org.mx\/convocatorias\/convocatoria-de-intervenciones-de-arte-urbano-nuevo-leon\/\">https:\/\/conarte.org.mx\/convocatorias\/convocatoria-de-intervenciones-de-arte-urbano-nuevo-leon\/<\/a><\/p>\n\n\n\n<p><strong>Taller de prototipado: mobiliario para skateboarding | Convocatoria de proyectos (02 al 15 de julio):<\/strong><\/p>\n\n\n\n<p><a href=\"https:\/\/conarte.org.mx\/convocatorias\/prototipado-skateboarding-proyectos\/\">https:\/\/conarte.org.mx\/convocatorias\/prototipado-skateboarding-proyectos\/<\/a><\/p>\n\n\n\n<p><strong>Taller de prototipado: mobiliario para skateboarding | Convocatoria para colaboradores (02 al 15 de julio):<\/strong><\/p>\n\n\n\n<p><a href=\"https:\/\/conarte.org.mx\/convocatorias\/prototipado-skateboarding-colaboradores\/\">https:\/\/conarte.org.mx\/convocatorias\/prototipado-skateboarding-colaboradores\/<\/a><\/p>\n","protected":false},"excerpt":{"rendered":"<p>El pasado 11 de julio se llev\u00f3 a cabo una rueda de prensa en el&#8230;<\/p>\n","protected":false},"author":21,"featured_media":4746,"comment_status":"open","ping_status":"open","sticky":false,"template":"","format":"standard","meta":{"footnotes":""},"categories":[92],"tags":[604,609,608,607,17,605,455],"class_list":["post-4736","post","type-post","status-publish","format-standard","has-post-thumbnail","hentry","category-festivals","tag-arte-urbano","tag-bazar","tag-conarte","tag-convocatorias","tag-festivales","tag-grafitti","tag-musica-4"],"_links":{"self":[{"href":"https:\/\/lightsontv.com\/index.php?rest_route=\/wp\/v2\/posts\/4736","targetHints":{"allow":["GET"]}}],"collection":[{"href":"https:\/\/lightsontv.com\/index.php?rest_route=\/wp\/v2\/posts"}],"about":[{"href":"https:\/\/lightsontv.com\/index.php?rest_route=\/wp\/v2\/types\/post"}],"author":[{"embeddable":true,"href":"https:\/\/lightsontv.com\/index.php?rest_route=\/wp\/v2\/users\/21"}],"replies":[{"embeddable":true,"href":"https:\/\/lightsontv.com\/index.php?rest_route=%2Fwp%2Fv2%2Fcomments&post=4736"}],"version-history":[{"count":6,"href":"https:\/\/lightsontv.com\/index.php?rest_route=\/wp\/v2\/posts\/4736\/revisions"}],"predecessor-version":[{"id":4747,"href":"https:\/\/lightsontv.com\/index.php?rest_route=\/wp\/v2\/posts\/4736\/revisions\/4747"}],"wp:featuredmedia":[{"embeddable":true,"href":"https:\/\/lightsontv.com\/index.php?rest_route=\/wp\/v2\/media\/4746"}],"wp:attachment":[{"href":"https:\/\/lightsontv.com\/index.php?rest_route=%2Fwp%2Fv2%2Fmedia&parent=4736"}],"wp:term":[{"taxonomy":"category","embeddable":true,"href":"https:\/\/lightsontv.com\/index.php?rest_route=%2Fwp%2Fv2%2Fcategories&post=4736"},{"taxonomy":"post_tag","embeddable":true,"href":"https:\/\/lightsontv.com\/index.php?rest_route=%2Fwp%2Fv2%2Ftags&post=4736"}],"curies":[{"name":"wp","href":"https:\/\/api.w.org\/{rel}","templated":true}]}}