{"id":4571,"date":"2021-06-02T17:37:00","date_gmt":"2021-06-02T22:37:00","guid":{"rendered":"https:\/\/lightsontv.com\/?p=4571"},"modified":"2021-06-07T17:43:15","modified_gmt":"2021-06-07T22:43:15","slug":"division-minuscula-y-su-defecto-perfecto-llegara-a-tierras-regias","status":"publish","type":"post","link":"https:\/\/lightsontv.com\/?p=4571","title":{"rendered":"Divisi\u00f3n Min\u00fascula y su Defecto Perfecto llegar\u00e1 a tierras regias"},"content":{"rendered":"\n<p>Este 7 de agosto no te puedes perder a Divisi\u00f3n Min\u00fascula en el Auditorio Pabellon M, estar\u00e1n celebrando su 15 aniversario y tu puedes ser parte de esta gran fiesta.<\/p>\n\n\n\n<div class=\"wp-block-image\"><figure class=\"aligncenter size-large is-resized\"><img loading=\"lazy\" decoding=\"async\" src=\"https:\/\/lightsontv.com\/wp-content\/uploads\/2021\/06\/WhatsApp-Image-2021-05-31-at-11.00.55-AM-1-819x1024.jpeg\" alt=\"\" class=\"wp-image-4573\" width=\"474\" height=\"592\" srcset=\"https:\/\/lightsontv.com\/wp-content\/uploads\/2021\/06\/WhatsApp-Image-2021-05-31-at-11.00.55-AM-1-819x1024.jpeg 819w, https:\/\/lightsontv.com\/wp-content\/uploads\/2021\/06\/WhatsApp-Image-2021-05-31-at-11.00.55-AM-1-240x300.jpeg 240w, https:\/\/lightsontv.com\/wp-content\/uploads\/2021\/06\/WhatsApp-Image-2021-05-31-at-11.00.55-AM-1-768x960.jpeg 768w, https:\/\/lightsontv.com\/wp-content\/uploads\/2021\/06\/WhatsApp-Image-2021-05-31-at-11.00.55-AM-1-1024x1280.jpeg 1024w, https:\/\/lightsontv.com\/wp-content\/uploads\/2021\/06\/WhatsApp-Image-2021-05-31-at-11.00.55-AM-1.jpeg 1080w\" sizes=\"auto, (max-width: 474px) 100vw, 474px\" \/><\/figure><\/div>\n\n\n\n<p class=\"has-text-align-center\">Boletos a la venta en ticketmaster.com.mx<\/p>\n","protected":false},"excerpt":{"rendered":"<p>Este 7 de agosto no te puedes perder a Divisi\u00f3n Min\u00fascula en el Auditorio Pabellon&#8230;<\/p>\n","protected":false},"author":8,"featured_media":4574,"comment_status":"open","ping_status":"open","sticky":false,"template":"","format":"aside","meta":{"footnotes":""},"categories":[492,339],"tags":[],"class_list":["post-4571","post","type-post","status-publish","format-aside","has-post-thumbnail","hentry","category-concert-news","category-conciertos","post_format-post-format-aside"],"_links":{"self":[{"href":"https:\/\/lightsontv.com\/index.php?rest_route=\/wp\/v2\/posts\/4571","targetHints":{"allow":["GET"]}}],"collection":[{"href":"https:\/\/lightsontv.com\/index.php?rest_route=\/wp\/v2\/posts"}],"about":[{"href":"https:\/\/lightsontv.com\/index.php?rest_route=\/wp\/v2\/types\/post"}],"author":[{"embeddable":true,"href":"https:\/\/lightsontv.com\/index.php?rest_route=\/wp\/v2\/users\/8"}],"replies":[{"embeddable":true,"href":"https:\/\/lightsontv.com\/index.php?rest_route=%2Fwp%2Fv2%2Fcomments&post=4571"}],"version-history":[{"count":1,"href":"https:\/\/lightsontv.com\/index.php?rest_route=\/wp\/v2\/posts\/4571\/revisions"}],"predecessor-version":[{"id":4575,"href":"https:\/\/lightsontv.com\/index.php?rest_route=\/wp\/v2\/posts\/4571\/revisions\/4575"}],"wp:featuredmedia":[{"embeddable":true,"href":"https:\/\/lightsontv.com\/index.php?rest_route=\/wp\/v2\/media\/4574"}],"wp:attachment":[{"href":"https:\/\/lightsontv.com\/index.php?rest_route=%2Fwp%2Fv2%2Fmedia&parent=4571"}],"wp:term":[{"taxonomy":"category","embeddable":true,"href":"https:\/\/lightsontv.com\/index.php?rest_route=%2Fwp%2Fv2%2Fcategories&post=4571"},{"taxonomy":"post_tag","embeddable":true,"href":"https:\/\/lightsontv.com\/index.php?rest_route=%2Fwp%2Fv2%2Ftags&post=4571"}],"curies":[{"name":"wp","href":"https:\/\/api.w.org\/{rel}","templated":true}]}}