{"id":4561,"date":"2021-06-02T15:45:00","date_gmt":"2021-06-02T20:45:00","guid":{"rendered":"https:\/\/lightsontv.com\/?p=4561"},"modified":"2021-06-07T16:23:02","modified_gmt":"2021-06-07T21:23:02","slug":"christian-nodal-estara-en-monterrey","status":"publish","type":"post","link":"https:\/\/lightsontv.com\/?p=4561","title":{"rendered":"\u00a1Christian Nodal estar\u00e1 en Monterrey!"},"content":{"rendered":"\n<p>Christian Nodal es el cantante del momento y como prueba de ello agot\u00f3 5 fechas en monterrey para su presentaci\u00f3n en Palco Tecate, y es que cerca de 3,500 personas por d\u00eda podr\u00e1n disfrutar de su m\u00fasica en vivo con esta nueva modalidad de conciertos que se estan realizando en tierras regias. <\/p>\n\n\n\n<p>Del 16 al 20 de junio Nodal estara deleitando a los asistentes con su <strong>AYAYAY! Tour <\/strong>en el Parque Fundidora, esta modalidad de conciertos permite que 6 asistentes por cada palco disfruten de su artista favorito respetando las medidas de esta nueva realidad. <\/p>\n\n\n\n<div class=\"wp-block-image\"><figure class=\"aligncenter size-large is-resized\"><img loading=\"lazy\" decoding=\"async\" src=\"https:\/\/lightsontv.com\/wp-content\/uploads\/2021\/06\/186528770_2541225949506151_5559830659912410796_n-813x1024.jpg\" alt=\"\" class=\"wp-image-4564\" width=\"558\" height=\"703\" srcset=\"https:\/\/lightsontv.com\/wp-content\/uploads\/2021\/06\/186528770_2541225949506151_5559830659912410796_n-813x1024.jpg 813w, https:\/\/lightsontv.com\/wp-content\/uploads\/2021\/06\/186528770_2541225949506151_5559830659912410796_n-238x300.jpg 238w, https:\/\/lightsontv.com\/wp-content\/uploads\/2021\/06\/186528770_2541225949506151_5559830659912410796_n-768x967.jpg 768w, https:\/\/lightsontv.com\/wp-content\/uploads\/2021\/06\/186528770_2541225949506151_5559830659912410796_n-1024x1289.jpg 1024w, https:\/\/lightsontv.com\/wp-content\/uploads\/2021\/06\/186528770_2541225949506151_5559830659912410796_n.jpg 1080w\" sizes=\"auto, (max-width: 558px) 100vw, 558px\" \/><\/figure><\/div>\n\n\n\n<p class=\"has-text-align-center\"><a rel=\"noreferrer noopener\" href=\"https:\/\/m.facebook.com\/events\/377455016981897\" target=\"_blank\"><strong>Unete al evento<\/strong><\/a><\/p>\n","protected":false},"excerpt":{"rendered":"<p>Christian Nodal es el cantante del momento y como prueba de ello agot\u00f3 5 fechas&#8230;<\/p>\n","protected":false},"author":8,"featured_media":4562,"comment_status":"open","ping_status":"open","sticky":false,"template":"","format":"aside","meta":{"footnotes":""},"categories":[492,339],"tags":[],"class_list":["post-4561","post","type-post","status-publish","format-aside","has-post-thumbnail","hentry","category-concert-news","category-conciertos","post_format-post-format-aside"],"_links":{"self":[{"href":"https:\/\/lightsontv.com\/index.php?rest_route=\/wp\/v2\/posts\/4561","targetHints":{"allow":["GET"]}}],"collection":[{"href":"https:\/\/lightsontv.com\/index.php?rest_route=\/wp\/v2\/posts"}],"about":[{"href":"https:\/\/lightsontv.com\/index.php?rest_route=\/wp\/v2\/types\/post"}],"author":[{"embeddable":true,"href":"https:\/\/lightsontv.com\/index.php?rest_route=\/wp\/v2\/users\/8"}],"replies":[{"embeddable":true,"href":"https:\/\/lightsontv.com\/index.php?rest_route=%2Fwp%2Fv2%2Fcomments&post=4561"}],"version-history":[{"count":2,"href":"https:\/\/lightsontv.com\/index.php?rest_route=\/wp\/v2\/posts\/4561\/revisions"}],"predecessor-version":[{"id":4565,"href":"https:\/\/lightsontv.com\/index.php?rest_route=\/wp\/v2\/posts\/4561\/revisions\/4565"}],"wp:featuredmedia":[{"embeddable":true,"href":"https:\/\/lightsontv.com\/index.php?rest_route=\/wp\/v2\/media\/4562"}],"wp:attachment":[{"href":"https:\/\/lightsontv.com\/index.php?rest_route=%2Fwp%2Fv2%2Fmedia&parent=4561"}],"wp:term":[{"taxonomy":"category","embeddable":true,"href":"https:\/\/lightsontv.com\/index.php?rest_route=%2Fwp%2Fv2%2Fcategories&post=4561"},{"taxonomy":"post_tag","embeddable":true,"href":"https:\/\/lightsontv.com\/index.php?rest_route=%2Fwp%2Fv2%2Ftags&post=4561"}],"curies":[{"name":"wp","href":"https:\/\/api.w.org\/{rel}","templated":true}]}}