{"id":4507,"date":"2021-05-06T11:22:00","date_gmt":"2021-05-06T16:22:00","guid":{"rendered":"https:\/\/lightsontv.com\/?p=4507"},"modified":"2021-05-10T11:32:50","modified_gmt":"2021-05-10T16:32:50","slug":"un-lugar-en-silencio-parte-2-ya-tiene-fecha-de-estreno","status":"publish","type":"post","link":"https:\/\/lightsontv.com\/?p=4507","title":{"rendered":"\u00a1Un Lugar en Silencio Parte 2 ya tiene fecha de estreno!"},"content":{"rendered":"\n<p>La espera vali\u00f3 la pena, este 10 de junio estrena en cines Dolby cinema y IMAX<strong> \u00ab<\/strong>Un Lugar en Silencio Parte II\u00bb.<\/p>\n\n\n\n<p><strong><u>SINOPSIS<\/u><\/strong><\/p>\n\n\n\n<p>Despu\u00e9s de los eventos mortales sufridos en su hogar, la familia Abbott (Emily Blunt, Millicent Simmonds, Noah Jupe) ahora deben enfrentar los terrores del mundo exterior mientras contin\u00faan su lucha por la supervivencia en silencio. Forzados a aventurarse en lo desconocido, se dan cuenta r\u00e1pidamente de que las criaturas que cazan por medio del sonido no son las \u00fanicas amenazas que acechan m\u00e1s all\u00e1 del camino cubierto de arena.<\/p>\n\n\n\n<p><strong><u>ESCRITA Y DIRIGIDA POR:<\/u><\/strong><\/p>\n\n\n\n<p>John Krasinski<\/p>\n\n\n\n<p><strong><u>PRODUCCI\u00d3N EJECUTIVA POR:<\/u><\/strong><\/p>\n\n\n\n<p>Allyson Seeger, Joann Perritano, Aaron Janus<\/p>\n\n\n\n<p><strong><u>PRODUCIDA POR:<\/u><\/strong><\/p>\n\n\n\n<p>Michael Bay, Andrew Form, Brad Fuller, John Krasinski<\/p>\n\n\n\n<p><strong><u>BASADO EN LOS PERSONAJES CREADOS POR:<\/u><\/strong><\/p>\n\n\n\n<p>&nbsp;Bryan Woods &amp; Scott Beck<\/p>\n\n\n\n<p><strong><u>PROTAGONIZA:<\/u><\/strong><\/p>\n\n\n\n<p>Emily Blunt, Cillian Murphy, Millicent Simmonds, Noah Jupe, Djimon Hounsou<\/p>\n\n\n\n<figure class=\"wp-block-embed is-type-video is-provider-youtube wp-block-embed-youtube wp-embed-aspect-16-9 wp-has-aspect-ratio\"><div class=\"wp-block-embed__wrapper\">\n<iframe loading=\"lazy\" title=\"Un Lugar en Silencio Parte II | Tr\u00e1iler Final Internacional\" width=\"640\" height=\"360\" src=\"https:\/\/www.youtube.com\/embed\/U8G86LRBG7E?feature=oembed\" frameborder=\"0\" allow=\"accelerometer; autoplay; clipboard-write; encrypted-media; gyroscope; picture-in-picture; web-share\" referrerpolicy=\"strict-origin-when-cross-origin\" allowfullscreen><\/iframe>\n<\/div><\/figure>\n\n\n\n<p><\/p>\n","protected":false},"excerpt":{"rendered":"<p>La espera vali\u00f3 la pena, este 10 de junio estrena en cines Dolby cinema y&#8230;<\/p>\n","protected":false},"author":2,"featured_media":4508,"comment_status":"open","ping_status":"open","sticky":false,"template":"","format":"aside","meta":{"footnotes":""},"categories":[29],"tags":[],"class_list":["post-4507","post","type-post","status-publish","format-aside","has-post-thumbnail","hentry","category-cine","post_format-post-format-aside"],"_links":{"self":[{"href":"https:\/\/lightsontv.com\/index.php?rest_route=\/wp\/v2\/posts\/4507","targetHints":{"allow":["GET"]}}],"collection":[{"href":"https:\/\/lightsontv.com\/index.php?rest_route=\/wp\/v2\/posts"}],"about":[{"href":"https:\/\/lightsontv.com\/index.php?rest_route=\/wp\/v2\/types\/post"}],"author":[{"embeddable":true,"href":"https:\/\/lightsontv.com\/index.php?rest_route=\/wp\/v2\/users\/2"}],"replies":[{"embeddable":true,"href":"https:\/\/lightsontv.com\/index.php?rest_route=%2Fwp%2Fv2%2Fcomments&post=4507"}],"version-history":[{"count":1,"href":"https:\/\/lightsontv.com\/index.php?rest_route=\/wp\/v2\/posts\/4507\/revisions"}],"predecessor-version":[{"id":4509,"href":"https:\/\/lightsontv.com\/index.php?rest_route=\/wp\/v2\/posts\/4507\/revisions\/4509"}],"wp:featuredmedia":[{"embeddable":true,"href":"https:\/\/lightsontv.com\/index.php?rest_route=\/wp\/v2\/media\/4508"}],"wp:attachment":[{"href":"https:\/\/lightsontv.com\/index.php?rest_route=%2Fwp%2Fv2%2Fmedia&parent=4507"}],"wp:term":[{"taxonomy":"category","embeddable":true,"href":"https:\/\/lightsontv.com\/index.php?rest_route=%2Fwp%2Fv2%2Fcategories&post=4507"},{"taxonomy":"post_tag","embeddable":true,"href":"https:\/\/lightsontv.com\/index.php?rest_route=%2Fwp%2Fv2%2Ftags&post=4507"}],"curies":[{"name":"wp","href":"https:\/\/api.w.org\/{rel}","templated":true}]}}