{"id":4447,"date":"2021-04-18T00:45:00","date_gmt":"2021-04-18T05:45:00","guid":{"rendered":"https:\/\/lightsontv.com\/?p=4447"},"modified":"2021-04-19T00:49:27","modified_gmt":"2021-04-19T05:49:27","slug":"martin-garrix-rinde-tributo-a-los-grandes","status":"publish","type":"post","link":"https:\/\/lightsontv.com\/?p=4447","title":{"rendered":"Martin Garrix rinde tributo a los grandes"},"content":{"rendered":"\n<p class=\"has-text-align-center\"><strong>El DJ holand\u00e9s toc\u00f3 algunos de sus m\u00e1s recientes \u00e9xitos junto con temas de algunos de los DJ\u2019s m\u00e1s grandes del mundo durante su set de Tecate Pa\u2019l Norte Virtual.<\/strong><\/p>\n\n\n\n<p>Martin Garrix cerr\u00f3 con broche de oro las presentaciones del escenario Tecate, durante la primera edici\u00f3n del Tecate Pa\u2019l Norte Virtual. El DJ holand\u00e9s, considerado como uno de los mejores productores musicales del mundo, prendi\u00f3 a la audiencia desde el momento que pis\u00f3 el escenario a las 21:45 horas.&nbsp;<\/p>\n\n\n\n<p>\u201cHold On\u201d, tema que hizo con Matisse &amp; Sadko y que canta Michel Zitron, fue la canci\u00f3n que calent\u00f3 los motores del set del joven de 24 a\u00f1os quien ha rankeado en el puesto n\u00famero uno por tres a\u00f1os consecutivos -2016, 2017 y 2018- en la lista de los mejores 100 DJ\u2019s del mundo de la revista DJ Mag.\u00a0<\/p>\n\n\n\n<div class=\"wp-block-image\"><figure class=\"aligncenter size-large\"><img loading=\"lazy\" decoding=\"async\" width=\"1024\" height=\"539\" src=\"https:\/\/lightsontv.com\/wp-content\/uploads\/2021\/04\/GARRIX5-1024x539.png\" alt=\"\" class=\"wp-image-4449\" srcset=\"https:\/\/lightsontv.com\/wp-content\/uploads\/2021\/04\/GARRIX5-1024x539.png 1024w, https:\/\/lightsontv.com\/wp-content\/uploads\/2021\/04\/GARRIX5-300x158.png 300w, https:\/\/lightsontv.com\/wp-content\/uploads\/2021\/04\/GARRIX5-768x404.png 768w, https:\/\/lightsontv.com\/wp-content\/uploads\/2021\/04\/GARRIX5-1536x808.png 1536w, https:\/\/lightsontv.com\/wp-content\/uploads\/2021\/04\/GARRIX5-2048x1077.png 2048w\" sizes=\"auto, (max-width: 1024px) 100vw, 1024px\" \/><\/figure><\/div>\n\n\n\n<p>Para seguir con el ritmo, Garrix toc\u00f3 \u201cDon\u2019t Look Down\u201d con la voz del reconocido cantante de R&amp;B, Usher y continu\u00f3 con el tema \u201cSummer Days\u201d en colaboraci\u00f3n con Macklemore y Patrick Stump de la banda estadounidense, Fall Out Boy. Y para subirle al amplificador, inmediatamente comenzaron a sonar los primeros&nbsp;<em>beats<\/em>&nbsp;de \u201cAnimals\u201d, tema que lanz\u00f3 a la fama a Martin Garrix en 2013 cuando ten\u00eda tan solo 16 a\u00f1os de edad.&nbsp;<\/p>\n\n\n\n<p>\u201cLike I Do\u201d fue otra de las canciones que el DJ present\u00f3 como parte de su set y que hizo en colaboraci\u00f3n con el reconocido DJ franc\u00e9s, David Guetta y Brooks, para despu\u00e9s seguir con \u201cOcean\u201d con Khalid y as\u00ed, animar a\u00fan m\u00e1s la fiesta que se vivi\u00f3 a trav\u00e9s de las pantallas de la gente que presenci\u00f3 el festival desde casa.\u00a0<\/p>\n\n\n\n<div class=\"wp-block-image\"><figure class=\"aligncenter size-large\"><img loading=\"lazy\" decoding=\"async\" width=\"1024\" height=\"535\" src=\"https:\/\/lightsontv.com\/wp-content\/uploads\/2021\/04\/GARRIX4-1024x535.png\" alt=\"\" class=\"wp-image-4450\" srcset=\"https:\/\/lightsontv.com\/wp-content\/uploads\/2021\/04\/GARRIX4-1024x535.png 1024w, https:\/\/lightsontv.com\/wp-content\/uploads\/2021\/04\/GARRIX4-300x157.png 300w, https:\/\/lightsontv.com\/wp-content\/uploads\/2021\/04\/GARRIX4-768x401.png 768w, https:\/\/lightsontv.com\/wp-content\/uploads\/2021\/04\/GARRIX4-1536x803.png 1536w, https:\/\/lightsontv.com\/wp-content\/uploads\/2021\/04\/GARRIX4-2048x1070.png 2048w\" sizes=\"auto, (max-width: 1024px) 100vw, 1024px\" \/><\/figure><\/div>\n\n\n\n<p>Para bajar un poco los&nbsp;<em>beats&nbsp;<\/em>acelerados, Garrix comenz\u00f3 a tocar su colaboraci\u00f3n con Bonn, \u201cHigh On Life\u201d, demostrando as\u00ed que solo se necesita una tornamesa para poder ambientar a la gente, aunque sea de manera virtual. Adem\u00e1s, el joven DJ rindi\u00f3 tributo a uno de los grandes de la m\u00fasica electr\u00f3nica, Avicii, con el tema \u201cI Could Be The One\u201d. Su set continu\u00f3 hasta las 22:50 horas.&nbsp;<\/p>\n","protected":false},"excerpt":{"rendered":"<p>El DJ holand\u00e9s toc\u00f3 algunos de sus m\u00e1s recientes \u00e9xitos junto con temas de algunos&#8230;<\/p>\n","protected":false},"author":8,"featured_media":4448,"comment_status":"open","ping_status":"open","sticky":false,"template":"","format":"aside","meta":{"footnotes":""},"categories":[1],"tags":[],"class_list":["post-4447","post","type-post","status-publish","format-aside","has-post-thumbnail","hentry","category-musica-3","post_format-post-format-aside"],"_links":{"self":[{"href":"https:\/\/lightsontv.com\/index.php?rest_route=\/wp\/v2\/posts\/4447","targetHints":{"allow":["GET"]}}],"collection":[{"href":"https:\/\/lightsontv.com\/index.php?rest_route=\/wp\/v2\/posts"}],"about":[{"href":"https:\/\/lightsontv.com\/index.php?rest_route=\/wp\/v2\/types\/post"}],"author":[{"embeddable":true,"href":"https:\/\/lightsontv.com\/index.php?rest_route=\/wp\/v2\/users\/8"}],"replies":[{"embeddable":true,"href":"https:\/\/lightsontv.com\/index.php?rest_route=%2Fwp%2Fv2%2Fcomments&post=4447"}],"version-history":[{"count":1,"href":"https:\/\/lightsontv.com\/index.php?rest_route=\/wp\/v2\/posts\/4447\/revisions"}],"predecessor-version":[{"id":4451,"href":"https:\/\/lightsontv.com\/index.php?rest_route=\/wp\/v2\/posts\/4447\/revisions\/4451"}],"wp:featuredmedia":[{"embeddable":true,"href":"https:\/\/lightsontv.com\/index.php?rest_route=\/wp\/v2\/media\/4448"}],"wp:attachment":[{"href":"https:\/\/lightsontv.com\/index.php?rest_route=%2Fwp%2Fv2%2Fmedia&parent=4447"}],"wp:term":[{"taxonomy":"category","embeddable":true,"href":"https:\/\/lightsontv.com\/index.php?rest_route=%2Fwp%2Fv2%2Fcategories&post=4447"},{"taxonomy":"post_tag","embeddable":true,"href":"https:\/\/lightsontv.com\/index.php?rest_route=%2Fwp%2Fv2%2Ftags&post=4447"}],"curies":[{"name":"wp","href":"https:\/\/api.w.org\/{rel}","templated":true}]}}