{"id":4433,"date":"2021-04-17T00:38:00","date_gmt":"2021-04-17T05:38:00","guid":{"rendered":"https:\/\/lightsontv.com\/?p=4433"},"modified":"2021-04-19T00:41:04","modified_gmt":"2021-04-19T05:41:04","slug":"sorprende-belinda-a-la-audiencia-de-pal-norte-virtual","status":"publish","type":"post","link":"https:\/\/lightsontv.com\/?p=4433","title":{"rendered":"Sorprende Belinda a la audiencia de Pa\u2019l Norte Virtual"},"content":{"rendered":"\n<p>En la primera edici\u00f3n del festival Tecate Pa\u2019l Norte Virtual, Belinda fue la Artista Sorpresa de la noche e interpret\u00f3 tres de sus m\u00e1s grandes \u00e9xitos.<\/p>\n\n\n\n<p>Como ya es tradici\u00f3n, a\u00f1o con a\u00f1o, el festival m\u00e1s grande de latinoam\u00e9rica est\u00e1 lleno de sorpresas. En la primera edici\u00f3n virtual de Tecate Pa\u2019l Norte, Belinda fue la invitada especial que prendi\u00f3 a la audiencia en casa con tres de sus m\u00e1s grandes \u00e9xitos, que a lo largo de su carrera la han posicionado como una de las artistas internacionales m\u00e1s importantes del momento.<\/p>\n\n\n\n<div class=\"wp-block-image\"><figure class=\"aligncenter size-large\"><img loading=\"lazy\" decoding=\"async\" width=\"1024\" height=\"576\" src=\"https:\/\/lightsontv.com\/wp-content\/uploads\/2021\/04\/FOTOS2-1-1024x576.png\" alt=\"\" class=\"wp-image-4436\" srcset=\"https:\/\/lightsontv.com\/wp-content\/uploads\/2021\/04\/FOTOS2-1-1024x576.png 1024w, https:\/\/lightsontv.com\/wp-content\/uploads\/2021\/04\/FOTOS2-1-300x169.png 300w, https:\/\/lightsontv.com\/wp-content\/uploads\/2021\/04\/FOTOS2-1-768x432.png 768w, https:\/\/lightsontv.com\/wp-content\/uploads\/2021\/04\/FOTOS2-1-1536x864.png 1536w, https:\/\/lightsontv.com\/wp-content\/uploads\/2021\/04\/FOTOS2-1.png 1920w\" sizes=\"auto, (max-width: 1024px) 100vw, 1024px\" \/><\/figure><\/div>\n\n\n\n<p>En punto de las 21:30 horas son\u00f3 la ya conocida alarma que anuncia al Artista Sorpresa y casi al mismo tiempo, se escucharon los primeros acordes de \u201cMuriendo Lento\u201d, tema de la cantante en colaboraci\u00f3n con la banda mexicana Moderatto; y que sigue siendo una de las canciones favoritas del p\u00fablico desde su lanzamiento en 2005.&nbsp;<\/p>\n\n\n\n<p>\u201cGracias a todos por estar aqu\u00ed esta noche. Estoy muy agradecida por esta invitaci\u00f3n; no hay nada que me gustar\u00eda m\u00e1s que poder sentirlos y verlos, y cantar con ustedes\u201d, dijo la int\u00e9rprete, quien luci\u00f3 una cabellera color&nbsp;<em>cotton candy<\/em>&nbsp;y una chamarra de mezclilla durante su presentaci\u00f3n, que dur\u00f3 cerca de 15 minutos.&nbsp;<\/p>\n\n\n\n<p>\u201cPero, bueno, desde la distancia, les entrego todo mi coraz\u00f3n, todo mi amor; esperemos que el pr\u00f3ximo a\u00f1o podamos estar frente a frente, disfrutando de la m\u00fasica que es lo que nos une a todos y vamos a seguir con esto que es \u2018Bella Traici\u00f3n\u2019\u201d, agreg\u00f3, para dar pie al siguiente tema de su setlist.\u00a0<\/p>\n\n\n\n<div class=\"wp-block-image\"><figure class=\"aligncenter size-large\"><img loading=\"lazy\" decoding=\"async\" width=\"1024\" height=\"576\" src=\"https:\/\/lightsontv.com\/wp-content\/uploads\/2021\/04\/FOTOS4-1-1024x576.png\" alt=\"\" class=\"wp-image-4438\" srcset=\"https:\/\/lightsontv.com\/wp-content\/uploads\/2021\/04\/FOTOS4-1-1024x576.png 1024w, https:\/\/lightsontv.com\/wp-content\/uploads\/2021\/04\/FOTOS4-1-300x169.png 300w, https:\/\/lightsontv.com\/wp-content\/uploads\/2021\/04\/FOTOS4-1-768x432.png 768w, https:\/\/lightsontv.com\/wp-content\/uploads\/2021\/04\/FOTOS4-1-1536x864.png 1536w, https:\/\/lightsontv.com\/wp-content\/uploads\/2021\/04\/FOTOS4-1.png 1920w\" sizes=\"auto, (max-width: 1024px) 100vw, 1024px\" \/><\/figure><\/div>\n\n\n\n<p>Al terminar, Belinda anunci\u00f3 su \u00faltimo tema, \u201cAmor A Primera Vista\u201d, que canta junto a Los \u00c1ngeles Azules, pero, en esta ocasi\u00f3n, le dio un giro rockero logrando que sonara completamente diferente a la versi\u00f3n original de la canci\u00f3n compuesta por el cantautor, Horacio Palencia.&nbsp;<\/p>\n\n\n\n<p>A las 21:45 horas, la cantante se despidi\u00f3 con su onda rock para cederle el lugar a Martin Garrix en el escenario Tecate; a Intocable en el escenario OXXO; y a Gera MX + Sabino en el escenario KIA.&nbsp;<\/p>\n","protected":false},"excerpt":{"rendered":"<p>En la primera edici\u00f3n del festival Tecate Pa\u2019l Norte Virtual, Belinda fue la Artista Sorpresa&#8230;<\/p>\n","protected":false},"author":8,"featured_media":4434,"comment_status":"open","ping_status":"open","sticky":false,"template":"","format":"aside","meta":{"footnotes":""},"categories":[1],"tags":[],"class_list":["post-4433","post","type-post","status-publish","format-aside","has-post-thumbnail","hentry","category-musica-3","post_format-post-format-aside"],"_links":{"self":[{"href":"https:\/\/lightsontv.com\/index.php?rest_route=\/wp\/v2\/posts\/4433","targetHints":{"allow":["GET"]}}],"collection":[{"href":"https:\/\/lightsontv.com\/index.php?rest_route=\/wp\/v2\/posts"}],"about":[{"href":"https:\/\/lightsontv.com\/index.php?rest_route=\/wp\/v2\/types\/post"}],"author":[{"embeddable":true,"href":"https:\/\/lightsontv.com\/index.php?rest_route=\/wp\/v2\/users\/8"}],"replies":[{"embeddable":true,"href":"https:\/\/lightsontv.com\/index.php?rest_route=%2Fwp%2Fv2%2Fcomments&post=4433"}],"version-history":[{"count":1,"href":"https:\/\/lightsontv.com\/index.php?rest_route=\/wp\/v2\/posts\/4433\/revisions"}],"predecessor-version":[{"id":4439,"href":"https:\/\/lightsontv.com\/index.php?rest_route=\/wp\/v2\/posts\/4433\/revisions\/4439"}],"wp:featuredmedia":[{"embeddable":true,"href":"https:\/\/lightsontv.com\/index.php?rest_route=\/wp\/v2\/media\/4434"}],"wp:attachment":[{"href":"https:\/\/lightsontv.com\/index.php?rest_route=%2Fwp%2Fv2%2Fmedia&parent=4433"}],"wp:term":[{"taxonomy":"category","embeddable":true,"href":"https:\/\/lightsontv.com\/index.php?rest_route=%2Fwp%2Fv2%2Fcategories&post=4433"},{"taxonomy":"post_tag","embeddable":true,"href":"https:\/\/lightsontv.com\/index.php?rest_route=%2Fwp%2Fv2%2Ftags&post=4433"}],"curies":[{"name":"wp","href":"https:\/\/api.w.org\/{rel}","templated":true}]}}