{"id":4412,"date":"2021-04-17T23:21:00","date_gmt":"2021-04-18T04:21:00","guid":{"rendered":"https:\/\/lightsontv.com\/?p=4412"},"modified":"2021-04-18T23:24:49","modified_gmt":"2021-04-19T04:24:49","slug":"mon-laferte-dejo-el-alma-en-el-escenario","status":"publish","type":"post","link":"https:\/\/lightsontv.com\/?p=4412","title":{"rendered":"Mon Laferte dej\u00f3 el alma en el escenario"},"content":{"rendered":"\n<h4 class=\"has-text-align-center wp-block-heading\">La chilena interpret\u00f3 sus grandes \u00e9xitos como parte de su set del festival Tecate Pa\u2019l Norte Virtual.&nbsp;<\/h4>\n\n\n\n<p>Mon Laferte se present\u00f3 en la primera edici\u00f3n del festival Tecate Pa\u2019l Norte Virtual con su ya caracter\u00edstico y majestuoso talento vocal. Esta no es la primera vez que la cantante originaria de Vi\u00f1a del Mar, Chile forma parte del cartel del festival de m\u00fasica m\u00e1s reconocido de latinoam\u00e9rica; la \u00faltima vez que particip\u00f3 fue en 2017.&nbsp;<\/p>\n\n\n\n<p>Para abrir su set en el escenario OXXO, la int\u00e9rprete escogi\u00f3 el tema \u201cQue Se Sepa Nuestro Amor\u201d, canci\u00f3n a dueto con el cantante mexicano, Alejandro Fern\u00e1ndez; para despu\u00e9s continuar con \u201cSe Portaba Mal\u201d, sencillo de Kany Garc\u00eda que toca el tema de la violencia de g\u00e9nero, adem\u00e1s de que enfoca la atenci\u00f3n en que los medios solo se habla del agresor o de la persona agredida y poco se habla de terceros que tambi\u00e9n son parte del problema.\u00a0<\/p>\n\n\n\n<div class=\"wp-block-image\"><figure class=\"aligncenter size-large\"><img loading=\"lazy\" decoding=\"async\" width=\"1024\" height=\"576\" src=\"https:\/\/lightsontv.com\/wp-content\/uploads\/2021\/04\/MONLA14-1-1024x576.png\" alt=\"\" class=\"wp-image-4415\" srcset=\"https:\/\/lightsontv.com\/wp-content\/uploads\/2021\/04\/MONLA14-1-1024x576.png 1024w, https:\/\/lightsontv.com\/wp-content\/uploads\/2021\/04\/MONLA14-1-300x169.png 300w, https:\/\/lightsontv.com\/wp-content\/uploads\/2021\/04\/MONLA14-1-768x432.png 768w, https:\/\/lightsontv.com\/wp-content\/uploads\/2021\/04\/MONLA14-1-1536x864.png 1536w, https:\/\/lightsontv.com\/wp-content\/uploads\/2021\/04\/MONLA14-1.png 1920w\" sizes=\"auto, (max-width: 1024px) 100vw, 1024px\" \/><\/figure><\/div>\n\n\n\n<p>\u201cRonroneo\u201d, \u201cPa\u2019 D\u00f3nde Se Fue\u201d, \u201cPla Ta T\u00e1\u201d, \u201cEl Beso\u201d, subieron la energ\u00eda a tope, pues son temas que invitan a bailar a\u00fan y cuando se est\u00e1 disfrutando del concierto desde la comodidad del hogar; para despu\u00e9s tomar su guitarra blanca y tocar su gran \u00e9xito \u201cAm\u00e1rrame\u201d y seguir con la fiesta.&nbsp;<\/p>\n\n\n\n<p>Poco a poco baj\u00f3 un el ritmo e interpret\u00f3 \u201cTu Falta De Querer\u201d mostrando su gran habilidad y talento vocal, y su maravillosa manera de interpretar sus propias canciones, para transmitir la emoci\u00f3n desde el escenario hasta la pantalla del p\u00fablico que la vi\u00f3 a trav\u00e9s de sus aparatos electr\u00f3nicos.\u00a0<\/p>\n\n\n\n<div class=\"wp-block-image\"><figure class=\"aligncenter size-large\"><img loading=\"lazy\" decoding=\"async\" width=\"1024\" height=\"576\" src=\"https:\/\/lightsontv.com\/wp-content\/uploads\/2021\/04\/MONLA10-1024x576.png\" alt=\"\" class=\"wp-image-4417\" srcset=\"https:\/\/lightsontv.com\/wp-content\/uploads\/2021\/04\/MONLA10-1024x576.png 1024w, https:\/\/lightsontv.com\/wp-content\/uploads\/2021\/04\/MONLA10-300x169.png 300w, https:\/\/lightsontv.com\/wp-content\/uploads\/2021\/04\/MONLA10-768x432.png 768w, https:\/\/lightsontv.com\/wp-content\/uploads\/2021\/04\/MONLA10-1536x864.png 1536w, https:\/\/lightsontv.com\/wp-content\/uploads\/2021\/04\/MONLA10.png 1920w\" sizes=\"auto, (max-width: 1024px) 100vw, 1024px\" \/><\/figure><\/div>\n\n\n\n<p>\u201cMi Buen Amor\u201d y \u201cTormento\u201d cerraron el set de la chilena para entonces cederle el paso al artista sorpresa de la noche; como es tradici\u00f3n a\u00f1o con a\u00f1o en Pa\u2019l Norte, su edici\u00f3n virtual no se pod\u00eda quedar atr\u00e1s. Mon Laferte se despidi\u00f3 de la audiencia a las 21:20 horas.\u00a0<\/p>\n\n\n\n<figure class=\"wp-block-image size-large\"><img loading=\"lazy\" decoding=\"async\" width=\"1024\" height=\"576\" src=\"https:\/\/lightsontv.com\/wp-content\/uploads\/2021\/04\/MONLA03-1024x576.png\" alt=\"\" class=\"wp-image-4416\" srcset=\"https:\/\/lightsontv.com\/wp-content\/uploads\/2021\/04\/MONLA03-1024x576.png 1024w, https:\/\/lightsontv.com\/wp-content\/uploads\/2021\/04\/MONLA03-300x169.png 300w, https:\/\/lightsontv.com\/wp-content\/uploads\/2021\/04\/MONLA03-768x432.png 768w, https:\/\/lightsontv.com\/wp-content\/uploads\/2021\/04\/MONLA03-1536x864.png 1536w, https:\/\/lightsontv.com\/wp-content\/uploads\/2021\/04\/MONLA03.png 1920w\" sizes=\"auto, (max-width: 1024px) 100vw, 1024px\" \/><\/figure>\n\n\n\n<h2 class=\"wp-block-heading\">Setlist<\/h2>\n\n\n\n<p>1. La Mujer<\/p>\n\n\n\n<p>2. Antes De Ti<\/p>\n\n\n\n<p>3. Si Tu Me Quisieras<\/p>\n\n\n\n<p>4. Amor Completo<\/p>\n\n\n\n<p>5. Funeral<\/p>\n\n\n\n<p>6. Se Me Va A Quemar<\/p>\n\n\n\n<p>7. Que Se Sepa Nuestro<\/p>\n\n\n\n<p>8. La Democracia<\/p>\n\n\n\n<p>9. Ronroneo<\/p>\n\n\n\n<p>10. Pa Donde Se Fue<\/p>\n\n\n\n<p>11. Plata Ta Ta<\/p>\n\n\n\n<p>12. El Beso<\/p>\n\n\n\n<p>13. Amarrame<\/p>\n\n\n\n<p>14. Tu Falta De Querer<\/p>\n\n\n\n<p>15. Mi Buen Amor<\/p>\n\n\n\n<p>16. Tormento<\/p>\n","protected":false},"excerpt":{"rendered":"<p>La chilena interpret\u00f3 sus grandes \u00e9xitos como parte de su set del festival Tecate Pa\u2019l&#8230;<\/p>\n","protected":false},"author":8,"featured_media":4413,"comment_status":"open","ping_status":"open","sticky":false,"template":"","format":"aside","meta":{"footnotes":""},"categories":[1],"tags":[],"class_list":["post-4412","post","type-post","status-publish","format-aside","has-post-thumbnail","hentry","category-musica-3","post_format-post-format-aside"],"_links":{"self":[{"href":"https:\/\/lightsontv.com\/index.php?rest_route=\/wp\/v2\/posts\/4412","targetHints":{"allow":["GET"]}}],"collection":[{"href":"https:\/\/lightsontv.com\/index.php?rest_route=\/wp\/v2\/posts"}],"about":[{"href":"https:\/\/lightsontv.com\/index.php?rest_route=\/wp\/v2\/types\/post"}],"author":[{"embeddable":true,"href":"https:\/\/lightsontv.com\/index.php?rest_route=\/wp\/v2\/users\/8"}],"replies":[{"embeddable":true,"href":"https:\/\/lightsontv.com\/index.php?rest_route=%2Fwp%2Fv2%2Fcomments&post=4412"}],"version-history":[{"count":1,"href":"https:\/\/lightsontv.com\/index.php?rest_route=\/wp\/v2\/posts\/4412\/revisions"}],"predecessor-version":[{"id":4418,"href":"https:\/\/lightsontv.com\/index.php?rest_route=\/wp\/v2\/posts\/4412\/revisions\/4418"}],"wp:featuredmedia":[{"embeddable":true,"href":"https:\/\/lightsontv.com\/index.php?rest_route=\/wp\/v2\/media\/4413"}],"wp:attachment":[{"href":"https:\/\/lightsontv.com\/index.php?rest_route=%2Fwp%2Fv2%2Fmedia&parent=4412"}],"wp:term":[{"taxonomy":"category","embeddable":true,"href":"https:\/\/lightsontv.com\/index.php?rest_route=%2Fwp%2Fv2%2Fcategories&post=4412"},{"taxonomy":"post_tag","embeddable":true,"href":"https:\/\/lightsontv.com\/index.php?rest_route=%2Fwp%2Fv2%2Ftags&post=4412"}],"curies":[{"name":"wp","href":"https:\/\/api.w.org\/{rel}","templated":true}]}}