{"id":4052,"date":"2020-09-28T14:27:25","date_gmt":"2020-09-28T19:27:25","guid":{"rendered":"https:\/\/lightsontv.com\/?p=4052"},"modified":"2020-09-28T14:27:26","modified_gmt":"2020-09-28T19:27:26","slug":"nos-veremos-pronto","status":"publish","type":"post","link":"https:\/\/lightsontv.com\/?p=4052","title":{"rendered":"\u201cNos veremos pronto\u201d"},"content":{"rendered":"\n<p class=\"has-drop-cap\">En medio de algo que ha sido muy extra\u00f1o para todos (s\u00ed, se trata de esta pandemia), y en donde poco a poco se ha tratado de recobrar algunas actividades que puedan devolver algo de calma a la gente, fue que se vivi\u00f3 una noche divertida y llena de baile, estelarizada por la banda venezolana <strong>\u201cLos amigos invisibles\u201d.<\/strong><\/p>\n\n\n\n<figure class=\"wp-block-image size-large\"><img loading=\"lazy\" decoding=\"async\" width=\"1024\" height=\"640\" src=\"https:\/\/lightsontv.com\/wp-content\/uploads\/2020\/09\/2-1024x640.jpeg\" alt=\"\" class=\"wp-image-4054\" srcset=\"https:\/\/lightsontv.com\/wp-content\/uploads\/2020\/09\/2-1024x640.jpeg 1024w, https:\/\/lightsontv.com\/wp-content\/uploads\/2020\/09\/2-300x188.jpeg 300w, https:\/\/lightsontv.com\/wp-content\/uploads\/2020\/09\/2-768x480.jpeg 768w, https:\/\/lightsontv.com\/wp-content\/uploads\/2020\/09\/2.jpeg 1280w\" sizes=\"auto, (max-width: 1024px) 100vw, 1024px\" \/><\/figure>\n\n\n\n<p>A eso de las 21:06 horas, y con el tema \u201cSue\u00f1o er\u00f3tico\u201d, arranc\u00f3 este evento, muy diferente a la naturaleza que bien caracteriza a los eventos musicales.<\/p>\n\n\n\n<p>Desde la pantalla de un dispositivo m\u00f3vil con acceso a internet se visualizaba, escuchaba y casi se pod\u00eda presenciar este concierto transmitido desde la CDMX, que lleg\u00f3 hasta el hogar de cada persona reunida la noche del 26 de septiembre.<\/p>\n\n\n\n<p>Como resultado a lo que ocurre, y como un hecho hasta un tanto curioso, nos gustar\u00eda ser optimistas, pues, ahora parece que se han invertido los papeles \u00bfCu\u00e1ndo \u00edbamos a imaginar que, en nuestra misma casa, o donde quiera que nos encontr\u00e1ramos, \u00edbamos a tener a una banda casi cant\u00e1ndonos personalmente? Claro, a la excepci\u00f3n donde nos ha tocado ver alg\u00fan festival desde una distancia \u201cgeogr\u00e1ficamente lejana\u201d, pero siempre con un p\u00fablico all\u00ed, muy presente.<\/p>\n\n\n\n<figure class=\"wp-block-image size-large\"><img loading=\"lazy\" decoding=\"async\" width=\"1024\" height=\"640\" src=\"https:\/\/lightsontv.com\/wp-content\/uploads\/2020\/09\/3-1024x640.jpeg\" alt=\"\" class=\"wp-image-4055\" srcset=\"https:\/\/lightsontv.com\/wp-content\/uploads\/2020\/09\/3-1024x640.jpeg 1024w, https:\/\/lightsontv.com\/wp-content\/uploads\/2020\/09\/3-300x188.jpeg 300w, https:\/\/lightsontv.com\/wp-content\/uploads\/2020\/09\/3-768x480.jpeg 768w, https:\/\/lightsontv.com\/wp-content\/uploads\/2020\/09\/3.jpeg 1280w\" sizes=\"auto, (max-width: 1024px) 100vw, 1024px\" \/><\/figure>\n\n\n\n<p>Interpretando temas como \u201cEsas son puras mentiras\u201d, \u201cQu\u00e9 rico\u201d, \u201cLa que me gusta\u201d y muchos m\u00e1s, transcurri\u00f3 una noche donde los \u00e1nimos de la banda resaltaron durante casi hora y media de m\u00fasica en vivo.<\/p>\n\n\n\n<p>No nos queda duda que hoy, una de las cosas que m\u00e1s necesitamos, es el sentirnos seguros y recargados de energ\u00eda; y la m\u00fasica, siempre ser\u00e1 nuestro mayor aliado para conseguirlo.<\/p>\n","protected":false},"excerpt":{"rendered":"<p>En medio de algo que ha sido muy extra\u00f1o para todos (s\u00ed, se trata de&#8230;<\/p>\n","protected":false},"author":14,"featured_media":4053,"comment_status":"open","ping_status":"open","sticky":false,"template":"","format":"aside","meta":{"footnotes":""},"categories":[492,339,93,53],"tags":[536,244,23,511],"class_list":["post-4052","post","type-post","status-publish","format-aside","has-post-thumbnail","hentry","category-concert-news","category-conciertos","category-music","category-musica","tag-amigos-invisibles","tag-apodaca-group","tag-mexico","tag-sala-estelar","post_format-post-format-aside"],"_links":{"self":[{"href":"https:\/\/lightsontv.com\/index.php?rest_route=\/wp\/v2\/posts\/4052","targetHints":{"allow":["GET"]}}],"collection":[{"href":"https:\/\/lightsontv.com\/index.php?rest_route=\/wp\/v2\/posts"}],"about":[{"href":"https:\/\/lightsontv.com\/index.php?rest_route=\/wp\/v2\/types\/post"}],"author":[{"embeddable":true,"href":"https:\/\/lightsontv.com\/index.php?rest_route=\/wp\/v2\/users\/14"}],"replies":[{"embeddable":true,"href":"https:\/\/lightsontv.com\/index.php?rest_route=%2Fwp%2Fv2%2Fcomments&post=4052"}],"version-history":[{"count":1,"href":"https:\/\/lightsontv.com\/index.php?rest_route=\/wp\/v2\/posts\/4052\/revisions"}],"predecessor-version":[{"id":4056,"href":"https:\/\/lightsontv.com\/index.php?rest_route=\/wp\/v2\/posts\/4052\/revisions\/4056"}],"wp:featuredmedia":[{"embeddable":true,"href":"https:\/\/lightsontv.com\/index.php?rest_route=\/wp\/v2\/media\/4053"}],"wp:attachment":[{"href":"https:\/\/lightsontv.com\/index.php?rest_route=%2Fwp%2Fv2%2Fmedia&parent=4052"}],"wp:term":[{"taxonomy":"category","embeddable":true,"href":"https:\/\/lightsontv.com\/index.php?rest_route=%2Fwp%2Fv2%2Fcategories&post=4052"},{"taxonomy":"post_tag","embeddable":true,"href":"https:\/\/lightsontv.com\/index.php?rest_route=%2Fwp%2Fv2%2Ftags&post=4052"}],"curies":[{"name":"wp","href":"https:\/\/api.w.org\/{rel}","templated":true}]}}