{"id":4024,"date":"2020-09-25T02:15:20","date_gmt":"2020-09-25T07:15:20","guid":{"rendered":"https:\/\/lightsontv.com\/?p=4024"},"modified":"2020-09-25T02:15:21","modified_gmt":"2020-09-25T07:15:21","slug":"siddhartha-vuela-alto-en-sala-estelar","status":"publish","type":"post","link":"https:\/\/lightsontv.com\/?p=4024","title":{"rendered":"Siddhartha vuela alto en Sala Estelar."},"content":{"rendered":"\n<p>El cantante jalisciense Siddhartha brind\u00f3 una noche llena de m\u00fasica y memorias a sus fans a trav\u00e9s de la plataforma de espect\u00e1culos &#8216;online&#8217; <strong>Sala Estelar<\/strong>.<\/p>\n\n\n\n<p>La cita se dio el jueves 24 de septiembre, alrededor de las 8:30 p.m. y durante poco m\u00e1s de una hora, tiempo en el que \u00e9l  y su banda interpretaron el repertorio completo de su \u00e1lbum \u00abEl vuelo del pez\u00bb.<\/p>\n\n\n\n<p>A pesar de que se present\u00f3 un problema con el audio, p\u00fablico y m\u00fasicos pudieron conectar y continuar con el espect\u00e1culo, lo que se constat\u00f3 a trav\u00e9s del chat donde los fans compart\u00edan sus preguntas, palabras de aliento y an\u00e9cdotas de vida conforme avanzaban las canciones, mientras que Siddhartha hac\u00eda peque\u00f1as pausas para leerlos y responderles.<\/p>\n\n\n\n<div class=\"wp-block-image\"><figure class=\"alignleft size-large is-resized\"><img loading=\"lazy\" decoding=\"async\" src=\"https:\/\/lightsontv.com\/wp-content\/uploads\/2020\/09\/WhatsApp-Image-2020-09-25-at-02.03.11-1-1024x569.jpeg\" alt=\"\" class=\"wp-image-4026\" width=\"324\" height=\"180\" srcset=\"https:\/\/lightsontv.com\/wp-content\/uploads\/2020\/09\/WhatsApp-Image-2020-09-25-at-02.03.11-1-1024x569.jpeg 1024w, https:\/\/lightsontv.com\/wp-content\/uploads\/2020\/09\/WhatsApp-Image-2020-09-25-at-02.03.11-1-300x167.jpeg 300w, https:\/\/lightsontv.com\/wp-content\/uploads\/2020\/09\/WhatsApp-Image-2020-09-25-at-02.03.11-1-768x426.jpeg 768w, https:\/\/lightsontv.com\/wp-content\/uploads\/2020\/09\/WhatsApp-Image-2020-09-25-at-02.03.11-1.jpeg 1068w\" sizes=\"auto, (max-width: 324px) 100vw, 324px\" \/><\/figure><\/div>\n\n\n\n<p>El concierto comenz\u00f3 con \u00abAl anochecer\u00bb y finaliz\u00f3 con \u00abLoco\u00bb, \u00e9xito que interpret\u00f3 sin Caloncho pero, que a\u00fan as\u00ed, gener\u00f3 un gran impacto y ayud\u00f3 a cerrar con broche de oro.<\/p>\n\n\n\n<p>Algunas de las cosas que el artista coment\u00f3 durante la velada fue el por qu\u00e9 eligi\u00f3 ese nombre para el disco, se\u00f1alando lo siguiente: \u00abMe gustaba mucho la idea de un pez volando (&#8230;) que evoluciona, crece, cambia (&#8230;) creo que todo el disco tiene esa tem\u00e1tica\u00bb.<\/p>\n\n\n\n<div class=\"wp-block-image\"><figure class=\"alignright size-large is-resized\"><img loading=\"lazy\" decoding=\"async\" src=\"https:\/\/lightsontv.com\/wp-content\/uploads\/2020\/09\/WhatsApp-Image-2020-09-25-at-02.03.11.jpeg\" alt=\"\" class=\"wp-image-4028\" width=\"272\" height=\"154\" srcset=\"https:\/\/lightsontv.com\/wp-content\/uploads\/2020\/09\/WhatsApp-Image-2020-09-25-at-02.03.11.jpeg 1009w, https:\/\/lightsontv.com\/wp-content\/uploads\/2020\/09\/WhatsApp-Image-2020-09-25-at-02.03.11-300x170.jpeg 300w, https:\/\/lightsontv.com\/wp-content\/uploads\/2020\/09\/WhatsApp-Image-2020-09-25-at-02.03.11-768x435.jpeg 768w\" sizes=\"auto, (max-width: 272px) 100vw, 272px\" \/><\/figure><\/div>\n\n\n\n<p>Tambi\u00e9n aprovech\u00f3 para recordar que su nuevo material \u00ab80 d\u00edas\u00bb se estrena el 29 de septiembre y que su banda regresa a los &#8216;shows&#8217; con p\u00fablico presencial en noviembre, aplicando el formato de <em>sana distancia<\/em>, acorde a la situaci\u00f3n actual.<\/p>\n","protected":false},"excerpt":{"rendered":"<p>El cantante jalisciense Siddhartha brind\u00f3 una noche llena de m\u00fasica y memorias a sus fans&#8230;<\/p>\n","protected":false},"author":21,"featured_media":4025,"comment_status":"open","ping_status":"open","sticky":false,"template":"","format":"aside","meta":{"footnotes":""},"categories":[492,339,93,53],"tags":[507,535,511,534],"class_list":["post-4024","post","type-post","status-publish","format-aside","has-post-thumbnail","hentry","category-concert-news","category-conciertos","category-music","category-musica","tag-conciertos-online","tag-el-vuelo-del-pez","tag-sala-estelar","tag-siddhartha","post_format-post-format-aside"],"_links":{"self":[{"href":"https:\/\/lightsontv.com\/index.php?rest_route=\/wp\/v2\/posts\/4024","targetHints":{"allow":["GET"]}}],"collection":[{"href":"https:\/\/lightsontv.com\/index.php?rest_route=\/wp\/v2\/posts"}],"about":[{"href":"https:\/\/lightsontv.com\/index.php?rest_route=\/wp\/v2\/types\/post"}],"author":[{"embeddable":true,"href":"https:\/\/lightsontv.com\/index.php?rest_route=\/wp\/v2\/users\/21"}],"replies":[{"embeddable":true,"href":"https:\/\/lightsontv.com\/index.php?rest_route=%2Fwp%2Fv2%2Fcomments&post=4024"}],"version-history":[{"count":3,"href":"https:\/\/lightsontv.com\/index.php?rest_route=\/wp\/v2\/posts\/4024\/revisions"}],"predecessor-version":[{"id":4030,"href":"https:\/\/lightsontv.com\/index.php?rest_route=\/wp\/v2\/posts\/4024\/revisions\/4030"}],"wp:featuredmedia":[{"embeddable":true,"href":"https:\/\/lightsontv.com\/index.php?rest_route=\/wp\/v2\/media\/4025"}],"wp:attachment":[{"href":"https:\/\/lightsontv.com\/index.php?rest_route=%2Fwp%2Fv2%2Fmedia&parent=4024"}],"wp:term":[{"taxonomy":"category","embeddable":true,"href":"https:\/\/lightsontv.com\/index.php?rest_route=%2Fwp%2Fv2%2Fcategories&post=4024"},{"taxonomy":"post_tag","embeddable":true,"href":"https:\/\/lightsontv.com\/index.php?rest_route=%2Fwp%2Fv2%2Ftags&post=4024"}],"curies":[{"name":"wp","href":"https:\/\/api.w.org\/{rel}","templated":true}]}}