{"id":4017,"date":"2020-09-22T13:19:42","date_gmt":"2020-09-22T18:19:42","guid":{"rendered":"https:\/\/lightsontv.com\/?p=4017"},"modified":"2020-09-22T13:23:05","modified_gmt":"2020-09-22T18:23:05","slug":"siddhartha-llegara-sala-estelar","status":"publish","type":"post","link":"https:\/\/lightsontv.com\/?p=4017","title":{"rendered":"SIDDHARTHA llegar\u00e1 Sala Estelar"},"content":{"rendered":"\n<p>Este pr\u00f3ximo 24 de septiembre Siddhartha presentar\u00e1 totalmente en vivo su \u00e1lbum &#8216;El Vuelo del Pez&#8217; el cual ha sido uno de los m\u00e1s emblem\u00e1ticos de toda su carrera.<\/p>\n\n\n\n<figure class=\"wp-block-image size-large is-style-default\"><img loading=\"lazy\" decoding=\"async\" width=\"737\" height=\"935\" src=\"https:\/\/lightsontv.com\/wp-content\/uploads\/2020\/09\/PSX_20200922_132048.jpg\" alt=\"\" class=\"wp-image-4021\" srcset=\"https:\/\/lightsontv.com\/wp-content\/uploads\/2020\/09\/PSX_20200922_132048.jpg 737w, https:\/\/lightsontv.com\/wp-content\/uploads\/2020\/09\/PSX_20200922_132048-236x300.jpg 236w\" sizes=\"auto, (max-width: 737px) 100vw, 737px\" \/><\/figure>\n\n\n\n<p>El Vuelo del Pez le trajo importantes reconocimientos y nominaciones en los a\u00f1os 2014 y 2015, cuando los Latin Grammy lo consideraron como \u201cMejor \u00c1lbum de Musica Alternativa\u201d y los Indie-O Music Awards como \u201cMejor \u00c1lbum Solista\u201d, entre otros premios y nominaciones.<\/p>\n\n\n\n<p>Consigue tus boletos en: <a rel=\"noreferrer noopener\" href=\"https:\/\/www.salaestelar.com\/products\/siddhartha-el-vuelo-del-pez\" target=\"_blank\">https:\/\/www.salaestelar.com\/products\/siddhartha-el-vuelo-del-pez<\/a><\/p>\n","protected":false},"excerpt":{"rendered":"<p>Este pr\u00f3ximo 24 de septiembre Siddhartha presentar\u00e1 totalmente en vivo su \u00e1lbum &#8216;El Vuelo del&#8230;<\/p>\n","protected":false},"author":8,"featured_media":4020,"comment_status":"open","ping_status":"open","sticky":false,"template":"","format":"aside","meta":{"footnotes":""},"categories":[492,339,1],"tags":[],"class_list":["post-4017","post","type-post","status-publish","format-aside","has-post-thumbnail","hentry","category-concert-news","category-conciertos","category-musica-3","post_format-post-format-aside"],"_links":{"self":[{"href":"https:\/\/lightsontv.com\/index.php?rest_route=\/wp\/v2\/posts\/4017","targetHints":{"allow":["GET"]}}],"collection":[{"href":"https:\/\/lightsontv.com\/index.php?rest_route=\/wp\/v2\/posts"}],"about":[{"href":"https:\/\/lightsontv.com\/index.php?rest_route=\/wp\/v2\/types\/post"}],"author":[{"embeddable":true,"href":"https:\/\/lightsontv.com\/index.php?rest_route=\/wp\/v2\/users\/8"}],"replies":[{"embeddable":true,"href":"https:\/\/lightsontv.com\/index.php?rest_route=%2Fwp%2Fv2%2Fcomments&post=4017"}],"version-history":[{"count":2,"href":"https:\/\/lightsontv.com\/index.php?rest_route=\/wp\/v2\/posts\/4017\/revisions"}],"predecessor-version":[{"id":4022,"href":"https:\/\/lightsontv.com\/index.php?rest_route=\/wp\/v2\/posts\/4017\/revisions\/4022"}],"wp:featuredmedia":[{"embeddable":true,"href":"https:\/\/lightsontv.com\/index.php?rest_route=\/wp\/v2\/media\/4020"}],"wp:attachment":[{"href":"https:\/\/lightsontv.com\/index.php?rest_route=%2Fwp%2Fv2%2Fmedia&parent=4017"}],"wp:term":[{"taxonomy":"category","embeddable":true,"href":"https:\/\/lightsontv.com\/index.php?rest_route=%2Fwp%2Fv2%2Fcategories&post=4017"},{"taxonomy":"post_tag","embeddable":true,"href":"https:\/\/lightsontv.com\/index.php?rest_route=%2Fwp%2Fv2%2Ftags&post=4017"}],"curies":[{"name":"wp","href":"https:\/\/api.w.org\/{rel}","templated":true}]}}