{"id":3982,"date":"2020-08-26T18:22:00","date_gmt":"2020-08-26T23:22:00","guid":{"rendered":"https:\/\/lightsontv.com\/?p=3982"},"modified":"2020-08-27T13:30:12","modified_gmt":"2020-08-27T18:30:12","slug":"el-rio-salvaje-de-little-jesus-encendera-sala-estelar","status":"publish","type":"post","link":"https:\/\/lightsontv.com\/?p=3982","title":{"rendered":"&#8216;El R\u00edo Salvaje&#8217; de Little Jes\u00fas encender\u00e1 Sala Estelar."},"content":{"rendered":"\n<p>La banda de rock psicod\u00e9lico Little Jesus llegar\u00e1 este viernes 28 de agosto a Sala Estelar para presentar un show especial de su \u00e1lbum &#8216;R\u00edo Salvaje&#8217;, un concierto que lleva por nombre el t\u00edtulo de su material que lanzaron en el 2016.<\/p>\n\n\n\n<p>Durante la rueda de prensa virtual con Little Jesus nos adelantaron un poco de lo que podremos esperar de su show, ya que mencionan esta cuarentena les ha servido para trabajar en su m\u00fasica.<\/p>\n\n\n\n<p>Adem\u00e1s, extra\u00f1aban tener shows pues no hab\u00edan tenido tiempo para juntarse como banda y hacer lo que m\u00e1s les gusta. Es por ello que se han estado preparando a\u00fan m\u00e1s para el concierto que tienen en puerta.<\/p>\n\n\n\n<p>\u00abEstos ensayos han servido para desoxidarnos un poco, espero no se note. Pero si va a estar bien chido\u00bb.<\/p>\n\n\n\n<figure class=\"wp-block-image size-large\"><img loading=\"lazy\" decoding=\"async\" width=\"1024\" height=\"681\" src=\"https:\/\/lightsontv.com\/wp-content\/uploads\/2020\/08\/LJ-5-1024x681.jpg\" alt=\"\" class=\"wp-image-3986\" srcset=\"https:\/\/lightsontv.com\/wp-content\/uploads\/2020\/08\/LJ-5-1024x681.jpg 1024w, https:\/\/lightsontv.com\/wp-content\/uploads\/2020\/08\/LJ-5-300x200.jpg 300w, https:\/\/lightsontv.com\/wp-content\/uploads\/2020\/08\/LJ-5-768x511.jpg 768w, https:\/\/lightsontv.com\/wp-content\/uploads\/2020\/08\/LJ-5-1536x1020.jpg 1536w, https:\/\/lightsontv.com\/wp-content\/uploads\/2020\/08\/LJ-5-2048x1363.jpg 2048w, https:\/\/lightsontv.com\/wp-content\/uploads\/2020\/08\/LJ-5-675x450.jpg 675w\" sizes=\"auto, (max-width: 1024px) 100vw, 1024px\" \/><\/figure>\n\n\n\n<p>Al ser cuestionados por escoger el \u00e1lbum de R\u00edo Salvaje, mencionaron que fue porque es un disco que les gusta mucho.<\/p>\n\n\n\n<p>\u00abEs un disco de rock psicod\u00e9lico, las l\u00edneas de bajo est\u00e1n locochonas y los sintetizadores ochenteros est\u00e1n con ganas.<\/p>\n\n\n\n<p>La idea es revivir ese disco que particularmente todos los de la banda le tenemos un cari\u00f1o muy importante\u00bb.<\/p>\n\n\n\n<p>Al ser un show de su \u00e1lbum con colaboraciones ic\u00f3nicas, tal es el caso con la canci\u00f3n \u00abTQM\u00bb que lanzaron en colaboraci\u00f3n con &#8216;Ximena Sari\u00f1ana&#8217; y &#8216;Elsa y El Mar&#8217; mencionaron que no ser\u00e1 posible tenerlas de invitadas.<\/p>\n\n\n\n<p>\u00abPor cuestiones de ubicaci\u00f3n y de sana distancia, Elsa est\u00e1 en Colombia y Ximena no se en d\u00f3nde esta. En estas circunstancias lo mejor es que fu\u00e9ramos solo nosotros\u00bb.<\/p>\n\n\n\n<p>Tendr\u00e1n su show por una plataforma de streaming totalmente en vivo, si bien sus fan\u00e1ticos estar\u00e1n disfrutando de su concierto desde sus casas, la banda har\u00e1 todo lo posible por llevar la magia de sus shows en vivo.<\/p>\n\n\n\n<p>\u00abEstamos tristes porque siempre es una interacci\u00f3n muy bonita entre el artista y sus fans, justo somos 6 entonces podemos compartir una energ\u00eda\u00bb.<\/p>\n\n\n\n<p>\u00abCarretera internacional\u00bb y \u00abLo que necesitas es amor\u00bb, son los sencillos que lanzaron este a\u00f1o pero qu\u00e9 a falta de shows no habian podido tocar en vivo. En esta presentaci\u00f3n v\u00eda sala estelar tocar\u00e1n estos sencillos por primera vez.<\/p>\n\n\n\n<p>No dejamos pasar la oportunidad para preguntarles sobre la din\u00e1mica de su &#8216;Meet &amp; Greet&#8217; virtual y nos comentaron que sus fan\u00e1ticos pueden esperar una convivencia con mucha buena vibra.<\/p>\n\n\n\n<p>\u00abPueden cotorrear, podemos mandarles regalos a sus casas y contar an\u00e9cdotas. Lo que nos quieran preguntar, por que siento que hay muchas cosas que quieren preguntarnos. Una captura de pantalla como selfie\u00bb.<\/p>\n\n\n\n<p>Para finalizar con la rueda de prensa, mandaron un mensaje a todos.<\/p>\n\n\n\n<p>\u00abEscuchen lo que necesitas es amor, porque esta muy chida nos quedo muy bien y compren su boleto para r\u00edo salvaje por sala estelar.<\/p>\n\n\n\n<p>Estamos muy emocionados por ya porfin tocar un concierto\u00bb.<\/p>\n\n\n\n<figure class=\"wp-block-image size-large\"><img loading=\"lazy\" decoding=\"async\" width=\"819\" height=\"1024\" src=\"https:\/\/lightsontv.com\/wp-content\/uploads\/2020\/08\/LJ-SALA-ESTELAR-819x1024.png\" alt=\"\" class=\"wp-image-3985\" srcset=\"https:\/\/lightsontv.com\/wp-content\/uploads\/2020\/08\/LJ-SALA-ESTELAR-819x1024.png 819w, https:\/\/lightsontv.com\/wp-content\/uploads\/2020\/08\/LJ-SALA-ESTELAR-240x300.png 240w, https:\/\/lightsontv.com\/wp-content\/uploads\/2020\/08\/LJ-SALA-ESTELAR-768x960.png 768w, https:\/\/lightsontv.com\/wp-content\/uploads\/2020\/08\/LJ-SALA-ESTELAR-1024x1280.png 1024w, https:\/\/lightsontv.com\/wp-content\/uploads\/2020\/08\/LJ-SALA-ESTELAR.png 1080w\" sizes=\"auto, (max-width: 819px) 100vw, 819px\" \/><\/figure>\n\n\n\n<p><a href=\"https:\/\/www.salaestelar.com\/products\/little-jesus\" target=\"_blank\" rel=\"noreferrer noopener\">Compra tus boletos<\/a><\/p>\n\n\n\n<ul class=\"wp-block-list\"><li>Acceso Digital al evento\u00a0($155 MXN).<\/li><li>Meet &amp; Greet\u00a0($440 MXN).<\/li><\/ul>\n","protected":false},"excerpt":{"rendered":"<p>La banda de rock psicod\u00e9lico Little Jesus llegar\u00e1 este viernes 28 de agosto a Sala&#8230;<\/p>\n","protected":false},"author":8,"featured_media":3983,"comment_status":"open","ping_status":"open","sticky":false,"template":"","format":"aside","meta":{"footnotes":""},"categories":[492,339,1,36],"tags":[106,521,522,518,23,13,502,519,67,511,520,408],"class_list":["post-3982","post","type-post","status-publish","format-aside","has-post-thumbnail","hentry","category-concert-news","category-conciertos","category-musica-3","category-rock","tag-conciertos","tag-covid","tag-elsa-y-el-mar","tag-little-jesus","tag-mexico","tag-musica","tag-online","tag-rio-salvaje","tag-rock","tag-sala-estelar","tag-stream","tag-ximena-sarinana","post_format-post-format-aside"],"_links":{"self":[{"href":"https:\/\/lightsontv.com\/index.php?rest_route=\/wp\/v2\/posts\/3982","targetHints":{"allow":["GET"]}}],"collection":[{"href":"https:\/\/lightsontv.com\/index.php?rest_route=\/wp\/v2\/posts"}],"about":[{"href":"https:\/\/lightsontv.com\/index.php?rest_route=\/wp\/v2\/types\/post"}],"author":[{"embeddable":true,"href":"https:\/\/lightsontv.com\/index.php?rest_route=\/wp\/v2\/users\/8"}],"replies":[{"embeddable":true,"href":"https:\/\/lightsontv.com\/index.php?rest_route=%2Fwp%2Fv2%2Fcomments&post=3982"}],"version-history":[{"count":2,"href":"https:\/\/lightsontv.com\/index.php?rest_route=\/wp\/v2\/posts\/3982\/revisions"}],"predecessor-version":[{"id":3987,"href":"https:\/\/lightsontv.com\/index.php?rest_route=\/wp\/v2\/posts\/3982\/revisions\/3987"}],"wp:featuredmedia":[{"embeddable":true,"href":"https:\/\/lightsontv.com\/index.php?rest_route=\/wp\/v2\/media\/3983"}],"wp:attachment":[{"href":"https:\/\/lightsontv.com\/index.php?rest_route=%2Fwp%2Fv2%2Fmedia&parent=3982"}],"wp:term":[{"taxonomy":"category","embeddable":true,"href":"https:\/\/lightsontv.com\/index.php?rest_route=%2Fwp%2Fv2%2Fcategories&post=3982"},{"taxonomy":"post_tag","embeddable":true,"href":"https:\/\/lightsontv.com\/index.php?rest_route=%2Fwp%2Fv2%2Ftags&post=3982"}],"curies":[{"name":"wp","href":"https:\/\/api.w.org\/{rel}","templated":true}]}}