{"id":3802,"date":"2020-02-27T20:55:45","date_gmt":"2020-02-28T02:55:45","guid":{"rendered":"https:\/\/lightsontv.com\/?p=3802"},"modified":"2020-02-27T20:55:47","modified_gmt":"2020-02-28T02:55:47","slug":"sotomayor-anuncia-show-en-galera","status":"publish","type":"post","link":"https:\/\/lightsontv.com\/?p=3802","title":{"rendered":"Sotomayor anuncia show en Galera"},"content":{"rendered":"\n<p>El d\u00fao mexicano&nbsp;<strong>Sotomayor<\/strong>&nbsp;se estar\u00e1 presentando en&nbsp;<strong>Galera el pr\u00f3ximo&nbsp;viernes 3 de abril<\/strong>&nbsp;a las 20:00 hrs para promocionar&nbsp;su tercer album,&nbsp;<strong><em>Or\u00edgenes<\/em><\/strong>. Los boletos tendr\u00e1n&nbsp;un costo de $250 en preventa y de $350 en taquilla y ya est\u00e1n disponibles a trav\u00e9s de&nbsp;<strong>Boletia<\/strong>.<\/p>\n\n\n\n<h3 class=\"wp-block-heading\">\u00bfPorqu\u00e9 escucharlos?<\/h3>\n\n\n\n<p>En los primeros dos&nbsp;\u00e1lbumes&nbsp;de Sotomayor,&nbsp;algunos tracks ten\u00edan una vibra de downtempo tropical&nbsp;pero para este nuevo material,&nbsp;<em>Or\u00edgenes<\/em>,&nbsp;se busc\u00f3&nbsp;hacer temas mucho m\u00e1s bailables, y dependientes fuertemente de la percusi\u00f3n Afro Caribe\u00f1a, respetando el estilo ya caracter\u00edstico de la banda.<\/p>\n\n\n\n<p>En&nbsp;<em>Or\u00edgenes<\/em>, Sotomayor toca m\u00fasica electr\u00f3nica latina&nbsp;que es tan atrevida, emocionante y viva como cualquier fiesta callejera, con un fuerte sentido de sus ra\u00edces y tradici\u00f3n. Al mismo tiempo, tambi\u00e9n es m\u00fasica que se define por las habilidades del d\u00fao como compositores, con un evidente talento por melod\u00edas y din\u00e1mica que agrega el mismo&nbsp;sentido de urgencia que el rock.<\/p>\n\n\n\n<p>El \u00e1lbum es co-producido por Eduardo Cabra (<em>Visitante<\/em>&nbsp;de Calle 13), quien ha ayudado a artistas latinoamericanos como Jorge Drexler, iLe y Vincent Garc\u00eda a crear fusiones innovadoras de tradici\u00f3n latina y formas musicales modernas, y que gan\u00f3 dos Latin Grammys por Productor del A\u00f1o en el proceso. Sotomayor est\u00e1 creando su propio universo musical \u00fanico, alimentado por los sonidos de los antros y calles de Latinoam\u00e9rica, con un nivel de lirismo y producci\u00f3n que solo parece ir aumentando.<\/p>\n\n\n\n<p>Sotomayor\u00a0son el d\u00fao musical de los hermanos\u00a0Ra\u00fal y Paulina Sotomayor.\u00a0Se formaron en 2015 despu\u00e9s de a\u00f1os de actividad en la escena indie de la Ciudad de M\u00e9xico, tocando en grupos como Jefes del Desierto y Beat Buffet.\u00a0<em>Or\u00edgenes<\/em>\u00a0es su tercer \u00e1lbum tras\u00a0<em>Salvaje<\/em>\u00a0(2015) y\u00a0<em>Conquistador<\/em>\u00a0(2017).<\/p>\n\n\n\n<figure class=\"wp-block-embed-spotify wp-block-embed is-type-rich is-provider-spotify wp-embed-aspect-9-16 wp-has-aspect-ratio\"><div class=\"wp-block-embed__wrapper\">\n<iframe title=\"Spotify Embed: Nunca es tarde\" style=\"border-radius: 12px\" width=\"100%\" height=\"152\" frameborder=\"0\" allowfullscreen allow=\"autoplay; clipboard-write; encrypted-media; fullscreen; picture-in-picture\" loading=\"lazy\" src=\"https:\/\/open.spotify.com\/embed\/track\/62D8quzWPTcW0lQkvYu22y?si=VMZNENNxRWqrDCzEWJV3NA&#038;utm_source=oembed\"><\/iframe>\n<\/div><\/figure>\n","protected":false},"excerpt":{"rendered":"<p>El d\u00fao mexicano&nbsp;Sotomayor&nbsp;se estar\u00e1 presentando en&nbsp;Galera el pr\u00f3ximo&nbsp;viernes 3 de abril&nbsp;a las 20:00 hrs para&#8230;<\/p>\n","protected":false},"author":15,"featured_media":3803,"comment_status":"open","ping_status":"open","sticky":false,"template":"","format":"aside","meta":{"footnotes":""},"categories":[492,339,93,1,53,493,494],"tags":[],"class_list":["post-3802","post","type-post","status-publish","format-aside","has-post-thumbnail","hentry","category-concert-news","category-conciertos","category-music","category-musica-3","category-musica","category-new-talent","category-new-talent-music","post_format-post-format-aside"],"_links":{"self":[{"href":"https:\/\/lightsontv.com\/index.php?rest_route=\/wp\/v2\/posts\/3802","targetHints":{"allow":["GET"]}}],"collection":[{"href":"https:\/\/lightsontv.com\/index.php?rest_route=\/wp\/v2\/posts"}],"about":[{"href":"https:\/\/lightsontv.com\/index.php?rest_route=\/wp\/v2\/types\/post"}],"author":[{"embeddable":true,"href":"https:\/\/lightsontv.com\/index.php?rest_route=\/wp\/v2\/users\/15"}],"replies":[{"embeddable":true,"href":"https:\/\/lightsontv.com\/index.php?rest_route=%2Fwp%2Fv2%2Fcomments&post=3802"}],"version-history":[{"count":1,"href":"https:\/\/lightsontv.com\/index.php?rest_route=\/wp\/v2\/posts\/3802\/revisions"}],"predecessor-version":[{"id":3804,"href":"https:\/\/lightsontv.com\/index.php?rest_route=\/wp\/v2\/posts\/3802\/revisions\/3804"}],"wp:featuredmedia":[{"embeddable":true,"href":"https:\/\/lightsontv.com\/index.php?rest_route=\/wp\/v2\/media\/3803"}],"wp:attachment":[{"href":"https:\/\/lightsontv.com\/index.php?rest_route=%2Fwp%2Fv2%2Fmedia&parent=3802"}],"wp:term":[{"taxonomy":"category","embeddable":true,"href":"https:\/\/lightsontv.com\/index.php?rest_route=%2Fwp%2Fv2%2Fcategories&post=3802"},{"taxonomy":"post_tag","embeddable":true,"href":"https:\/\/lightsontv.com\/index.php?rest_route=%2Fwp%2Fv2%2Ftags&post=3802"}],"curies":[{"name":"wp","href":"https:\/\/api.w.org\/{rel}","templated":true}]}}