{"id":3748,"date":"2020-02-23T18:41:00","date_gmt":"2020-02-24T00:41:00","guid":{"rendered":"https:\/\/lightsontv.com\/?p=3748"},"modified":"2020-02-28T05:54:18","modified_gmt":"2020-02-28T11:54:18","slug":"la-rebelion-de-los-godines","status":"publish","type":"post","link":"https:\/\/lightsontv.com\/?p=3748","title":{"rendered":"LA REBELI\u00d3N DE LOS GODINES"},"content":{"rendered":"\n<h5 class=\"wp-block-heading\">Una apuesta al cine mexicano<\/h5>\n\n\n\n<p>Este viernes 28 de febrero llegar\u00e1 una pel\u00edcula que trata una vez m\u00e1s de la vida god\u00edn, si bien en M\u00e9xico y en algunas partes de latinoamerica nos referimos as\u00ed a los oficinistas sabemos que no es as\u00ed en otras partes del mundo. <\/p>\n\n\n\n<p>La pelicula dirigida por Carlos Morett nos lleva una nueva historia en donde la lucha de poderes en las aldeas godines podr\u00eda superar la ficci\u00f3n(en la cinta). <\/p>\n\n\n\n<p>Si algo tenemos que reconocer de la pel\u00edcula es el uso de animadores mexicanos y talento, normalmente la gente se deja llevar por decir que no son buenas producciones pero le apuestan a la comedia. <\/p>\n\n\n\n<p>En rueda de prensa, Mauricio A. nos coment\u00f3 el porqu\u00e9 tomo este proyecto y lo que representa para el en trabajar con producciones mexicanas. (Lamentamos los problemas de reproducci\u00f3n, v\u00eddeo actualizado).<\/p>\n\n\n\n<figure class=\"wp-block-embed-facebook wp-block-embed is-type-video is-provider-facebook\"><div class=\"wp-block-embed__wrapper\">\nhttps:\/\/www.facebook.com\/LIGHTSONTV\/videos\/555547251974194\/\n<\/div><\/figure>\n\n\n\n<p>\u00a1Te dejamos el trailer!<\/p>\n\n\n\n<figure class=\"wp-block-embed-youtube wp-block-embed is-type-video is-provider-youtube wp-embed-aspect-16-9 wp-has-aspect-ratio\"><div class=\"wp-block-embed__wrapper\">\n<iframe loading=\"lazy\" title=\"Rebeli\u00f3n de los God\u00ednez | Tr\u00e1iler oficial | Pr\u00f3ximamente s\u00f3lo en cines.\" width=\"640\" height=\"360\" src=\"https:\/\/www.youtube.com\/embed\/txiV1NL0Ueo?feature=oembed\" frameborder=\"0\" allow=\"accelerometer; autoplay; clipboard-write; encrypted-media; gyroscope; picture-in-picture; web-share\" referrerpolicy=\"strict-origin-when-cross-origin\" allowfullscreen><\/iframe>\n<\/div><\/figure>\n","protected":false},"excerpt":{"rendered":"<p>Una apuesta al cine mexicano Este viernes 28 de febrero llegar\u00e1 una pel\u00edcula que trata&#8230;<\/p>\n","protected":false},"author":15,"featured_media":3750,"comment_status":"open","ping_status":"open","sticky":false,"template":"","format":"aside","meta":{"footnotes":""},"categories":[29,491,490],"tags":[],"class_list":["post-3748","post","type-post","status-publish","format-aside","has-post-thumbnail","hentry","category-cine","category-movies-news","category-resenas-films","post_format-post-format-aside"],"_links":{"self":[{"href":"https:\/\/lightsontv.com\/index.php?rest_route=\/wp\/v2\/posts\/3748","targetHints":{"allow":["GET"]}}],"collection":[{"href":"https:\/\/lightsontv.com\/index.php?rest_route=\/wp\/v2\/posts"}],"about":[{"href":"https:\/\/lightsontv.com\/index.php?rest_route=\/wp\/v2\/types\/post"}],"author":[{"embeddable":true,"href":"https:\/\/lightsontv.com\/index.php?rest_route=\/wp\/v2\/users\/15"}],"replies":[{"embeddable":true,"href":"https:\/\/lightsontv.com\/index.php?rest_route=%2Fwp%2Fv2%2Fcomments&post=3748"}],"version-history":[{"count":6,"href":"https:\/\/lightsontv.com\/index.php?rest_route=\/wp\/v2\/posts\/3748\/revisions"}],"predecessor-version":[{"id":3755,"href":"https:\/\/lightsontv.com\/index.php?rest_route=\/wp\/v2\/posts\/3748\/revisions\/3755"}],"wp:featuredmedia":[{"embeddable":true,"href":"https:\/\/lightsontv.com\/index.php?rest_route=\/wp\/v2\/media\/3750"}],"wp:attachment":[{"href":"https:\/\/lightsontv.com\/index.php?rest_route=%2Fwp%2Fv2%2Fmedia&parent=3748"}],"wp:term":[{"taxonomy":"category","embeddable":true,"href":"https:\/\/lightsontv.com\/index.php?rest_route=%2Fwp%2Fv2%2Fcategories&post=3748"},{"taxonomy":"post_tag","embeddable":true,"href":"https:\/\/lightsontv.com\/index.php?rest_route=%2Fwp%2Fv2%2Ftags&post=3748"}],"curies":[{"name":"wp","href":"https:\/\/api.w.org\/{rel}","templated":true}]}}