{"id":3739,"date":"2020-02-21T22:13:35","date_gmt":"2020-02-22T04:13:35","guid":{"rendered":"https:\/\/lightsontv.com\/?p=3739"},"modified":"2020-02-27T20:28:26","modified_gmt":"2020-02-28T02:28:26","slug":"serbia-tendra-segunda-fecha-en-monterrey","status":"publish","type":"post","link":"https:\/\/lightsontv.com\/?p=3739","title":{"rendered":"\u00a1Serbia tendr\u00e1 segunda fecha en Monterrey!"},"content":{"rendered":"\n<p><strong>Despu\u00e9s de lograr un <em>Sold Out<\/em>, Serbia anuncia una noche m\u00e1s con los regios.<\/strong><\/p>\n\n\n\n<p>Serbia se ha convertido en una de las bandas de rock m\u00e1s aclamadas del momento y lo dejaron en claro logrando su primer<em> Sold Out<\/em> en el Auditorio Rio 70.<\/p>\n\n\n\n<p>No conformes con esto, la joven banda regiomontana anunci\u00f3 que tendr\u00e1n una segunda fecha en el mismo recinto para que ninguno de sus fans se quede sin gritar y bailar cada una de sus canciones.<\/p>\n\n\n\n<figure class=\"wp-block-embed-facebook wp-block-embed is-type-rich is-provider-facebook\"><div class=\"wp-block-embed__wrapper\">\nhttps:\/\/www.facebook.com\/SerbiaOficial\/photos\/a.482389595119373\/3744454918912808\/?type=3&#038;xts%5B0%5D=68.ARARmdk2Ai5bGWIFitsPTyI20dibXRRzFV5sXBjSPj9LBJVGgCs82RPkP4vfgYs_SAgmanizea6pkoQHXUMD3bedq1pbEabs-OJ3aeNwM4NDUSl7ig-QEtyRCzUvBfEOFpJ_cdezo8Lm9XHoAP6Kwd5kUD5FkYAj2iCu2RMZlkd9Kefs7h3nL31ewYAjkhQPq_Xi-Pde0Fw8el28GHtswbNnr42Wi1WKUvK9HoXwncGWtY1DAHhQ824Xzi42r0osLKUoQsXfALeG5Cg7LttNc8zlpuyKEA9JE-JJyRDyN0iU7HfcoAdJYbz_DjhVzlur1NRRzJiEkAMdnjInigQMzD7oNQ&#038;tn=-R\n<\/div><\/figure>\n\n\n\n<p>La nueva fecha ocurrir\u00e1 el pr\u00f3ximo 1 de marzo, en punto de las 21:00 horas, apenas una noche despu\u00e9s de su primer concierto en el Rio 70. Los boletos se mantendr\u00e1n en el mismo costo y los podr\u00e1s adquirir a trav\u00e9s del sistema Ticketmaster.<\/p>\n\n\n\n<p>Serbia estar\u00e1 presentando su nuevo sencillo titulado \u00abCelosa\u00bb, el cual podr\u00e1s escuchar a continuaci\u00f3n. As\u00ed que ya lo sabes, tienes otra oportunidad de ver a Serbia en vivo. \u00a1No te los pierdas!<\/p>\n\n\n\n<figure class=\"wp-block-embed-youtube wp-block-embed is-type-video is-provider-youtube wp-embed-aspect-16-9 wp-has-aspect-ratio\"><div class=\"wp-block-embed__wrapper\">\n<iframe loading=\"lazy\" title=\"Serbia - Celosa (Lyric Video)\" width=\"640\" height=\"360\" src=\"https:\/\/www.youtube.com\/embed\/tmmVjbGuZyc?feature=oembed\" frameborder=\"0\" allow=\"accelerometer; autoplay; clipboard-write; encrypted-media; gyroscope; picture-in-picture; web-share\" referrerpolicy=\"strict-origin-when-cross-origin\" allowfullscreen><\/iframe>\n<\/div><\/figure>\n","protected":false},"excerpt":{"rendered":"<p>Despu\u00e9s de lograr un Sold Out, Serbia anuncia una noche m\u00e1s con los regios. Serbia&#8230;<\/p>\n","protected":false},"author":17,"featured_media":3741,"comment_status":"open","ping_status":"open","sticky":false,"template":"","format":"aside","meta":{"footnotes":""},"categories":[492,339],"tags":[358,10,67,423],"class_list":["post-3739","post","type-post","status-publish","format-aside","has-post-thumbnail","hentry","category-concert-news","category-conciertos","tag-auditorio-rio-70","tag-monterrey","tag-rock","tag-serbia","post_format-post-format-aside"],"_links":{"self":[{"href":"https:\/\/lightsontv.com\/index.php?rest_route=\/wp\/v2\/posts\/3739","targetHints":{"allow":["GET"]}}],"collection":[{"href":"https:\/\/lightsontv.com\/index.php?rest_route=\/wp\/v2\/posts"}],"about":[{"href":"https:\/\/lightsontv.com\/index.php?rest_route=\/wp\/v2\/types\/post"}],"author":[{"embeddable":true,"href":"https:\/\/lightsontv.com\/index.php?rest_route=\/wp\/v2\/users\/17"}],"replies":[{"embeddable":true,"href":"https:\/\/lightsontv.com\/index.php?rest_route=%2Fwp%2Fv2%2Fcomments&post=3739"}],"version-history":[{"count":2,"href":"https:\/\/lightsontv.com\/index.php?rest_route=\/wp\/v2\/posts\/3739\/revisions"}],"predecessor-version":[{"id":3784,"href":"https:\/\/lightsontv.com\/index.php?rest_route=\/wp\/v2\/posts\/3739\/revisions\/3784"}],"wp:featuredmedia":[{"embeddable":true,"href":"https:\/\/lightsontv.com\/index.php?rest_route=\/wp\/v2\/media\/3741"}],"wp:attachment":[{"href":"https:\/\/lightsontv.com\/index.php?rest_route=%2Fwp%2Fv2%2Fmedia&parent=3739"}],"wp:term":[{"taxonomy":"category","embeddable":true,"href":"https:\/\/lightsontv.com\/index.php?rest_route=%2Fwp%2Fv2%2Fcategories&post=3739"},{"taxonomy":"post_tag","embeddable":true,"href":"https:\/\/lightsontv.com\/index.php?rest_route=%2Fwp%2Fv2%2Ftags&post=3739"}],"curies":[{"name":"wp","href":"https:\/\/api.w.org\/{rel}","templated":true}]}}