{"id":3736,"date":"2020-02-20T22:31:37","date_gmt":"2020-02-21T04:31:37","guid":{"rendered":"https:\/\/lightsontv.com\/?p=3736"},"modified":"2020-02-27T20:28:53","modified_gmt":"2020-02-28T02:28:53","slug":"foals-visitara-monterrey-en-mayo","status":"publish","type":"post","link":"https:\/\/lightsontv.com\/?p=3736","title":{"rendered":"Foals visitar\u00e1 Monterrey en mayo"},"content":{"rendered":"\n<p><strong>\u00a1La conciertiza sigue! Ahora nos trae de regreso a Foals. <\/strong><\/p>\n\n\n\n<p>La banda brit\u00e1nica liderada por Yannis Philippakis  volver\u00e1 a la ciudad de las monta\u00f1as tras aquella memorable primera visita durante el Festival Live Out del 2016.<\/p>\n\n\n\n<p>El recinto que abrir\u00e1 sus puertas para que Foals ponga a rockear a los regios es el Showcenter Complex, esto el pr\u00f3ximo 15 de mayo. <\/p>\n\n\n\n<figure class=\"wp-block-embed-facebook wp-block-embed is-type-rich is-provider-facebook\"><div class=\"wp-block-embed__wrapper\">\nhttps:\/\/www.facebook.com\/showcentercomplex\/posts\/1067601080273816\n<\/div><\/figure>\n\n\n\n<p>Los precios de los boletos a\u00fan no se dan a conocer, pero sabemos que la preventa arranca el pr\u00f3ximo 25 de febrero y ser\u00e1 exclusiva para tarjetahbientes BBVA mediante el sistema Super Boletos, mientras que la venta libre comienza el 27 de febrero.<\/p>\n\n\n\n<p>Foals estar\u00e1 visitando tambi\u00e9n la Ciudad de M\u00e9xico y Guadalajara, donde ser\u00e1 uno de los headliners del Corona Capital en su edici\u00f3n tapat\u00eda. As\u00ed que&#8230; \u00bfd\u00f3nde vas a ver a Foals?<\/p>\n","protected":false},"excerpt":{"rendered":"<p>\u00a1La conciertiza sigue! Ahora nos trae de regreso a Foals. La banda brit\u00e1nica liderada por&#8230;<\/p>\n","protected":false},"author":17,"featured_media":3737,"comment_status":"open","ping_status":"open","sticky":false,"template":"","format":"aside","meta":{"footnotes":""},"categories":[492,339],"tags":[106,484,483,482,251],"class_list":["post-3736","post","type-post","status-publish","format-aside","has-post-thumbnail","hentry","category-concert-news","category-conciertos","tag-conciertos","tag-corona-capital-guadalajara","tag-fashion-drive","tag-foals","tag-showcenter-complex","post_format-post-format-aside"],"_links":{"self":[{"href":"https:\/\/lightsontv.com\/index.php?rest_route=\/wp\/v2\/posts\/3736","targetHints":{"allow":["GET"]}}],"collection":[{"href":"https:\/\/lightsontv.com\/index.php?rest_route=\/wp\/v2\/posts"}],"about":[{"href":"https:\/\/lightsontv.com\/index.php?rest_route=\/wp\/v2\/types\/post"}],"author":[{"embeddable":true,"href":"https:\/\/lightsontv.com\/index.php?rest_route=\/wp\/v2\/users\/17"}],"replies":[{"embeddable":true,"href":"https:\/\/lightsontv.com\/index.php?rest_route=%2Fwp%2Fv2%2Fcomments&post=3736"}],"version-history":[{"count":2,"href":"https:\/\/lightsontv.com\/index.php?rest_route=\/wp\/v2\/posts\/3736\/revisions"}],"predecessor-version":[{"id":3785,"href":"https:\/\/lightsontv.com\/index.php?rest_route=\/wp\/v2\/posts\/3736\/revisions\/3785"}],"wp:featuredmedia":[{"embeddable":true,"href":"https:\/\/lightsontv.com\/index.php?rest_route=\/wp\/v2\/media\/3737"}],"wp:attachment":[{"href":"https:\/\/lightsontv.com\/index.php?rest_route=%2Fwp%2Fv2%2Fmedia&parent=3736"}],"wp:term":[{"taxonomy":"category","embeddable":true,"href":"https:\/\/lightsontv.com\/index.php?rest_route=%2Fwp%2Fv2%2Fcategories&post=3736"},{"taxonomy":"post_tag","embeddable":true,"href":"https:\/\/lightsontv.com\/index.php?rest_route=%2Fwp%2Fv2%2Ftags&post=3736"}],"curies":[{"name":"wp","href":"https:\/\/api.w.org\/{rel}","templated":true}]}}