{"id":3596,"date":"2020-01-24T01:32:04","date_gmt":"2020-01-24T07:32:04","guid":{"rendered":"https:\/\/lightsontv.com\/?p=3596"},"modified":"2020-01-24T01:32:05","modified_gmt":"2020-01-24T07:32:05","slug":"cabuland-en-primetime","status":"publish","type":"post","link":"https:\/\/lightsontv.com\/?p=3596","title":{"rendered":"Cabuland en Primetime"},"content":{"rendered":"\n<p>Hace unos momentos Melo Montoya anunci\u00f3 en sus redes sociales la bienvenida a un nuevo festival a la familia Primetime: Cabuland.<\/p>\n\n\n\n<p>Y es que con esta nueva fusi\u00f3n el festival tendr\u00e1 una mejor calidad la cual solamente pudimos disfrutar en su primera edici\u00f3n, ya que, con el paso de las otras ediciones decay\u00f3, decepcionando a los asistentes. <\/p>\n\n\n\n<p>Ahora el festival estar\u00e1 a salvo ya que Primetime es organizador de WiSH Outdoor M\u00e9xico, Machaca Fest, Festival Catrina y Nortex. <\/p>\n\n\n\n<p>Estaremos a la expectativa de lo que vendr\u00e1 para Cabuland 2020.<\/p>\n\n\n\n<figure class=\"wp-block-image size-large\"><img loading=\"lazy\" decoding=\"async\" width=\"1024\" height=\"1024\" src=\"https:\/\/lightsontv.com\/wp-content\/uploads\/2020\/01\/WhatsApp-Image-2020-01-23-at-20.25.24-1024x1024.jpeg\" alt=\"\" class=\"wp-image-3597\" srcset=\"https:\/\/lightsontv.com\/wp-content\/uploads\/2020\/01\/WhatsApp-Image-2020-01-23-at-20.25.24-1024x1024.jpeg 1024w, https:\/\/lightsontv.com\/wp-content\/uploads\/2020\/01\/WhatsApp-Image-2020-01-23-at-20.25.24-300x300.jpeg 300w, https:\/\/lightsontv.com\/wp-content\/uploads\/2020\/01\/WhatsApp-Image-2020-01-23-at-20.25.24-150x150.jpeg 150w, https:\/\/lightsontv.com\/wp-content\/uploads\/2020\/01\/WhatsApp-Image-2020-01-23-at-20.25.24-768x768.jpeg 768w, https:\/\/lightsontv.com\/wp-content\/uploads\/2020\/01\/WhatsApp-Image-2020-01-23-at-20.25.24.jpeg 1080w\" sizes=\"auto, (max-width: 1024px) 100vw, 1024px\" \/><\/figure>\n","protected":false},"excerpt":{"rendered":"<p>Hace unos momentos Melo Montoya anunci\u00f3 en sus redes sociales la bienvenida a un nuevo&#8230;<\/p>\n","protected":false},"author":1,"featured_media":3597,"comment_status":"open","ping_status":"open","sticky":false,"template":"","format":"aside","meta":{"footnotes":""},"categories":[1],"tags":[],"class_list":["post-3596","post","type-post","status-publish","format-aside","has-post-thumbnail","hentry","category-musica-3","post_format-post-format-aside"],"_links":{"self":[{"href":"https:\/\/lightsontv.com\/index.php?rest_route=\/wp\/v2\/posts\/3596","targetHints":{"allow":["GET"]}}],"collection":[{"href":"https:\/\/lightsontv.com\/index.php?rest_route=\/wp\/v2\/posts"}],"about":[{"href":"https:\/\/lightsontv.com\/index.php?rest_route=\/wp\/v2\/types\/post"}],"author":[{"embeddable":true,"href":"https:\/\/lightsontv.com\/index.php?rest_route=\/wp\/v2\/users\/1"}],"replies":[{"embeddable":true,"href":"https:\/\/lightsontv.com\/index.php?rest_route=%2Fwp%2Fv2%2Fcomments&post=3596"}],"version-history":[{"count":1,"href":"https:\/\/lightsontv.com\/index.php?rest_route=\/wp\/v2\/posts\/3596\/revisions"}],"predecessor-version":[{"id":3598,"href":"https:\/\/lightsontv.com\/index.php?rest_route=\/wp\/v2\/posts\/3596\/revisions\/3598"}],"wp:featuredmedia":[{"embeddable":true,"href":"https:\/\/lightsontv.com\/index.php?rest_route=\/wp\/v2\/media\/3597"}],"wp:attachment":[{"href":"https:\/\/lightsontv.com\/index.php?rest_route=%2Fwp%2Fv2%2Fmedia&parent=3596"}],"wp:term":[{"taxonomy":"category","embeddable":true,"href":"https:\/\/lightsontv.com\/index.php?rest_route=%2Fwp%2Fv2%2Fcategories&post=3596"},{"taxonomy":"post_tag","embeddable":true,"href":"https:\/\/lightsontv.com\/index.php?rest_route=%2Fwp%2Fv2%2Ftags&post=3596"}],"curies":[{"name":"wp","href":"https:\/\/api.w.org\/{rel}","templated":true}]}}