{"id":359,"date":"2017-12-30T21:38:47","date_gmt":"2017-12-31T03:38:47","guid":{"rendered":"https:\/\/lightsontv.com\/?p=359"},"modified":"2018-01-08T23:25:03","modified_gmt":"2018-01-09T05:25:03","slug":"nos-presenta-noche","status":"publish","type":"post","link":"https:\/\/lightsontv.com\/?p=359","title":{"rendered":"Nos presenta \u201cNoche\u201d."},"content":{"rendered":"<p><img loading=\"lazy\" decoding=\"async\" class=\"wp-image-360 alignleft\" src=\"https:\/\/lightsontv.com\/wp-content\/uploads\/2017\/12\/IMG_1695-300x200.jpg\" alt=\"\" width=\"481\" height=\"321\" srcset=\"https:\/\/lightsontv.com\/wp-content\/uploads\/2017\/12\/IMG_1695-300x200.jpg 300w, https:\/\/lightsontv.com\/wp-content\/uploads\/2017\/12\/IMG_1695-768x512.jpg 768w, https:\/\/lightsontv.com\/wp-content\/uploads\/2017\/12\/IMG_1695-1024x683.jpg 1024w, https:\/\/lightsontv.com\/wp-content\/uploads\/2017\/12\/IMG_1695-1600x1067.jpg 1600w\" sizes=\"auto, (max-width: 481px) 100vw, 481px\" \/><\/p>\n<p><strong>31 de Julio de 2018.-<\/strong> Lo primero que una persona puede pensar al escuchar el T\u00edtulo del nuevo \u00e1lbum de Jos\u00e9 Madero es que esta llen\u00f3 de canciones oscuras, terror\u00edficas y muy profundas.<\/p>\n<p>El cantante nos coment\u00f3 que \u201ces un disco tranquilo y a la vez oscuro\u201d, asegurando que no es de terror, \u201cson canciones oscuras pero no son de asesinatos, bueno hay una que toca el tema de la balacera del ni\u00f1o de primaria, que cuando paso eso lo vi en el noticiero y dije habr\u00e1 que hacer algo al respecto musicalmente de eso\u201d.<\/p>\n<p>La canci\u00f3n lleva por t\u00edtulo <strong>Son\u00e1mbulos<\/strong>, la agreg\u00f3 a su \u00e1lbum cuando estaba grabando el disco, coment\u00f3 que no habla del suceso en si \u201csino de las consecuencias que este suceso trae a la sociedad\u201d. Cabe destacar que la melod\u00eda es la m\u00e1s fiestera de todas las canciones de <strong>Noche<\/strong>, conteniendo la letra m\u00e1s \u201coscura\u201d como lo describe. El mismo cantante comenta que lo hace \u201cadrede\u201d, porque le gusta meter \u201cesa bipolaridad\u201d en las canciones.<\/p>\n<p>Se le cuestion\u00f3 si ten\u00eda planes de cantar en otros idiomas, dado que su \u00e1lbum contiene una canci\u00f3n en sueco, titulada <strong>Natt i Stockholm<\/strong>. El cantante respondi\u00f3 \u201cNo, f\u00edjate que fue as\u00ed como una inquietud, no inquietud, m\u00e1s bien fue por novedoso, porque tengo un amigo sueco que al platicarle del concepto de mi disco, como que se emocion\u00f3 y dijo el ten\u00eda una idea de una canci\u00f3n que quedaba ah\u00ed m\u00e1s o menos con el tipo de l\u00edrica y me dijo<em>,\u00a0 \u00bfme dejas escribir algo que sea en sueco? y si te gusta lo ponemos<\/em>, hizo la letra y la verdad me gusto el concepto de la l\u00edrica, la inclu\u00ed no por\u00a0 querer ser famoso en Suecia, ni al caso, nom\u00e1s por la verdad por novedoso\u201d.<\/p>\n<p>Agreg\u00f3 que dif\u00edcilmente volver\u00e1 a cantar <strong>Natt i Stockholm<\/strong>, puesto que la letra es muy dif\u00edcil de pronunciar, platic\u00e1ndonos que su amigo lo apoy\u00f3 en la pronunciaci\u00f3n. \u00a0Al comentarle que ha tenido muy buena aceptaci\u00f3n por parte de sus seguidores y del p\u00fablico en general dijo \u201cpues si, aunque no sepan que dice, puedo estar mentando madres en la letra y nadie se da cuenta, es m\u00e1s ni yo, me podr\u00edan haber\u00a0 dado una letra ah\u00ed media extra\u00f1a y no s\u00e9 ni que estoy cantando\u201d.<\/p>\n<p>El material discogr\u00e1fico no cuenta con un g\u00e9nero musical especific\u00f3, coment\u00f3 que se dio \u201cm\u00e1s libertad de jugar con ritmos en este nuevo disco\u201d.<\/p>\n<p>\u201cDesde <strong>Carmes\u00ed<\/strong> como que empec\u00e9 a experimentar con otros ritmos. Me di m\u00e1s libertad de jugar con ritmos en este nuevo disco. Por ah\u00ed hay una cumbia\u201d.<\/p>\n<p>Agregando que no est\u00e1 en sus planes \u201ctener que acudir al gener\u00f3 del reggaet\u00f3n para llamarle la atenci\u00f3n al p\u00fablico nuevo, cada quien podr\u00e1 hacerlo y lo respeto, m\u00e1s no est\u00e1 en mis planes y estoy seguro que nunca lo har\u00eda\u00bb.<\/p>\n<p>\u00abSi t\u00fa me preguntas que gener\u00f3 es mi carrera de solista, no te lo sabr\u00eda decir, la \u00fanica que me ha dado as\u00ed como que un tipo de clic, yo creo que ser\u00eda el pop alternativo, pero ni eso me hace cien por ciento clic\u00bb.<\/p>\n<p>Tambi\u00e9n mencion\u00f3 , \u00abAhora que estuve en el machaca, mucha gente se sorprendi\u00f3, de que t\u00fa no tienes nada que ver con ese gener\u00f3, que haces ah\u00ed, no s\u00e9 si estaban molestos los fans de <strong>Pesado<\/strong> o los m\u00edos, nunca supe, pero pues yo digo, por ejemplo lo norte\u00f1o y lo grupero, pues yo de ni\u00f1o, la verdad escuchaba a la mafia, brinco, fui creciendo y el duelo, la costumbre, todas esas bandas, \u00f3sea no que me era fan pero me gustaban algunas canciones, y en las fiestas pues nunca faltan. Es un g\u00e9nero al cual no le temo, no quiere decir que lo voy a hacer, pero si alg\u00fan d\u00eda, se me hincha hacer una canci\u00f3n grupera probablemente lo haga\u00bb.<\/p>\n<p>No es imposible que haya invitados para su pr\u00f3ximo \u00e1lbum, pero nos coment\u00f3 que \u201cnecesita la canci\u00f3n pedirla, la canci\u00f3n manda y si la canci\u00f3n pide otra voz, no lo voy a hacer nada m\u00e1s porque si, el yo ser invitado a otra canci\u00f3n de alguien m\u00e1s, estar\u00eda la verdad muy puesto si la canci\u00f3n me llega a gustar, no tengo la verdad una lista de con quien me gustar\u00eda, pero probablemente con <strong>Joaqu\u00edn Sabina,<\/strong> <strong>Leiva<\/strong> un artista espa\u00f1ol\u201d.<\/p>\n<p>Al cuestionarle sobre el regreso de <strong>PXNDX <\/strong>a los escenarios, contest\u00f3 que no sabr\u00eda respondernos \u201cpor lo pronto no hay pl\u00e1ticas, pero cuando llegue a suceder lo tendr\u00eda que pensar mucho. Pero es probable que este con ambos proyectos\u201d.<\/p>\n<p>De lo que s\u00ed est\u00e1 seguro es de la novela de terror para ni\u00f1os, libro que llevar\u00e1 por t\u00edtulo <strong>Pesadillas para Sanar<\/strong>, \u201cno se la verdad cuando valla a salir, lo \u00fanico que se es el nombre y hasta donde voy\u201d. Escribi\u00f3 sobre terror porque su pap\u00e1 lo llevaba a ver pel\u00edculas de este gener\u00f3, en lugar de infantiles, hered\u00e1ndole el gusto y la afici\u00f3n a ese tipo de films, \u201choy en d\u00eda por ejemplo si estoy con gente de mi edad y digo oigan vamos a ver una pel\u00edcula de miedo, me dicen que no, no puedo dormir \u201d.<\/p>\n<p>Su m\u00e1s reciente material discogr\u00e1fico <strong>Noche <\/strong>incluye 13 canciones, del cual dar\u00e1 un concierto en Monterrey el 26 de enero del 2018 en el <strong>Auditorio Pabell\u00f3n M.<\/strong><\/p>\n<p>&nbsp;<\/p>\n<p>&nbsp;<\/p>\n<p>&nbsp;<\/p>\n","protected":false},"excerpt":{"rendered":"<p>31 de Julio de 2018.- Lo primero que una persona puede pensar al escuchar el&#8230;<\/p>\n","protected":false},"author":2,"featured_media":360,"comment_status":"open","ping_status":"open","sticky":false,"template":"","format":"standard","meta":{"footnotes":""},"categories":[1],"tags":[],"class_list":["post-359","post","type-post","status-publish","format-standard","has-post-thumbnail","hentry","category-musica-3"],"_links":{"self":[{"href":"https:\/\/lightsontv.com\/index.php?rest_route=\/wp\/v2\/posts\/359","targetHints":{"allow":["GET"]}}],"collection":[{"href":"https:\/\/lightsontv.com\/index.php?rest_route=\/wp\/v2\/posts"}],"about":[{"href":"https:\/\/lightsontv.com\/index.php?rest_route=\/wp\/v2\/types\/post"}],"author":[{"embeddable":true,"href":"https:\/\/lightsontv.com\/index.php?rest_route=\/wp\/v2\/users\/2"}],"replies":[{"embeddable":true,"href":"https:\/\/lightsontv.com\/index.php?rest_route=%2Fwp%2Fv2%2Fcomments&post=359"}],"version-history":[{"count":2,"href":"https:\/\/lightsontv.com\/index.php?rest_route=\/wp\/v2\/posts\/359\/revisions"}],"predecessor-version":[{"id":430,"href":"https:\/\/lightsontv.com\/index.php?rest_route=\/wp\/v2\/posts\/359\/revisions\/430"}],"wp:featuredmedia":[{"embeddable":true,"href":"https:\/\/lightsontv.com\/index.php?rest_route=\/wp\/v2\/media\/360"}],"wp:attachment":[{"href":"https:\/\/lightsontv.com\/index.php?rest_route=%2Fwp%2Fv2%2Fmedia&parent=359"}],"wp:term":[{"taxonomy":"category","embeddable":true,"href":"https:\/\/lightsontv.com\/index.php?rest_route=%2Fwp%2Fv2%2Fcategories&post=359"},{"taxonomy":"post_tag","embeddable":true,"href":"https:\/\/lightsontv.com\/index.php?rest_route=%2Fwp%2Fv2%2Ftags&post=359"}],"curies":[{"name":"wp","href":"https:\/\/api.w.org\/{rel}","templated":true}]}}