{"id":3011,"date":"2019-08-15T08:23:36","date_gmt":"2019-08-15T13:23:36","guid":{"rendered":"https:\/\/lightsontv.com\/?p=3011"},"modified":"2019-08-15T18:26:48","modified_gmt":"2019-08-15T23:26:48","slug":"el-gran-tenor-mexicano-javier-camarena-uno-de-los-mas-reconocidos-a-nivel-mundial-le-canta-a-monterrey","status":"publish","type":"post","link":"https:\/\/lightsontv.com\/?p=3011","title":{"rendered":"EL GRAN TENOR MEXICANO JAVIER CAMARENA, UNO DE LOS MAS RECONOCIDOS A NIVEL MUNDIAL, LE CANTA A MONTERREY"},"content":{"rendered":"\n<p>El maravilloso tenor mexicano que est\u00e1 conquistando al mundo entero, Javier Camarena por primera vez llega al Showcenter Complex para deleitar a los regios, despu\u00e9s de haber abierto la temporada de la \u00d3pera de Par\u00eds con la \u00f3pera \u201cLos Puritanos\u201d de Bellini.<\/p>\n\n\n\n<p>El concierto tendr\u00e1 lugar el pr\u00f3ximo jueves 17 de octubre a las 21:00 hrs. Estar\u00e1 acompa\u00f1ado por la Orquesta Filarm\u00f3nica de Coahuila dirigida en esta ocasi\u00f3n por el Maestro Iv\u00e1n L\u00f3pez Reynoso y por la magn\u00edfica soprano mexicana Karen Gardeazabal. El concierto incluir\u00e1 arias de \u00f3pera de Bellini, Donizetti y Puccini as\u00ed como Zarzuela de los compositores Soroz\u00e1bal, Chop\u00ed, Serrano entre otros y muchas sorpresas para todos los asistentes.<\/p>\n\n\n\n<p>Camarena es originario de Xalapa, Veracruz e inici\u00f3 sus estudios en la Facultad de M\u00fasica de la Universidad Veracruzana y se gradu\u00f3 con honores de la Licenciatura en M\u00fasica de la Universidad de Guanajuato. Ganador del Concurso Nacional de Canto Carlo Morelli en el 2004, hizo su debut en un rol estelar como Tonio en \u201cLa Hija del Regimiento\u201d, de Donizetti, en el Palacio de Bellas Artes. En el 2005, obtuvo el primer lugar en el Concurso de Canto Juan Oncinas en Barcelona. Posteriormente en el 2006, se integr\u00f3 al International Opernstudio en Zurich, bajo la tutela del Mtro. Francisco Araiza.<\/p>\n\n\n\n<p>Ha tenido una carrera de mucho impacto internacional, present\u00e1ndose en los mejores recintos oper\u00edsticos del mundo con gran \u00e9xito tales como el Teatro del Liceu en Barcelona, el Teatro Real en Madrid, la Deutsche Oper de Berlin, la \u00d3pera Estatal de Baviera en Munich, Alemania, la Metropolitan Opera House de Nueva York, la Royal Opera House de Londres, la \u00d3pera de Par\u00eds etc. Javier Camarena ha sido admirado por la belleza de sus interpretaciones en un repertorio de gran virtuosismo y dificultad, alternando con las figuras m\u00e1s importantes de la \u00f3pera mundial, interpretando roles principales y bajo batutas tan destacadas como las de Claudio Abbado o Zubin Mehta, por mencionar a algunas.&nbsp;<br><\/p>\n\n\n\n<p>El Maestro Camarena es el \u00fanico tenor en la historia del Metropolitan Opera en bisar en 3 producciones distintas: Don Pasquale (2 funciones), La Cenerentola (2 funciones) y en febrero de este a\u00f1o en La hija del Regimiento en las 7 funciones que cant\u00f3, rompiendo todos los records de ese recinto.\u00a0 En julio pasado, con la misma \u00f3pera, bis\u00f3 en las 4 funciones que cant\u00f3 en Royal Opera House de Londres, donde nadie realizaba esta haza\u00f1a desde 1960.\u00a0\u00a0<\/p>\n\n\n\n<p>En 2018, lanz\u00f3 su primer \u00e1lbum con la prestigiosa disquera Decca Classics, \u201cContrabandista\u201d un homenaje al cantante de \u00f3pera y compositor espa\u00f1ol Manuel Garc\u00eda con gran \u00e9xito.&nbsp; Adem\u00e1s, cuenta con tres CDS, Serenata, Recitales y uno de m\u00fasica de Cri Cri para ni\u00f1os.&nbsp;&nbsp;<\/p>\n\n\n\n<p><strong>JAVIER CAMARENA EN SHOWCENTER COMPLEX<\/strong><\/p>\n\n\n\n<p>Jueves 17 de Octubre 9:00pm<\/p>\n\n\n\n<p><strong>Pre-venta BBVA:<\/strong>&nbsp;Del 15 al 17 de Agosto 2019 a partir de las 11:00am<\/p>\n\n\n\n<p><strong>Venta p\u00fablico general:&nbsp;<\/strong>Domingo 18 de Agosto 2019 a las 11:00am<\/p>\n\n\n\n<p>Boletos desde $800<\/p>\n\n\n\n<p><strong>Boletos en Superboletos, taquillas del Showcenter Complex, modulos de Fashion Drive y Main Entrance.<\/strong><br><\/p>\n","protected":false},"excerpt":{"rendered":"<p>El maravilloso tenor mexicano que est\u00e1 conquistando al mundo entero, Javier Camarena por primera vez&#8230;<\/p>\n","protected":false},"author":8,"featured_media":3013,"comment_status":"open","ping_status":"open","sticky":false,"template":"","format":"standard","meta":{"footnotes":""},"categories":[339],"tags":[],"class_list":["post-3011","post","type-post","status-publish","format-standard","has-post-thumbnail","hentry","category-conciertos"],"_links":{"self":[{"href":"https:\/\/lightsontv.com\/index.php?rest_route=\/wp\/v2\/posts\/3011","targetHints":{"allow":["GET"]}}],"collection":[{"href":"https:\/\/lightsontv.com\/index.php?rest_route=\/wp\/v2\/posts"}],"about":[{"href":"https:\/\/lightsontv.com\/index.php?rest_route=\/wp\/v2\/types\/post"}],"author":[{"embeddable":true,"href":"https:\/\/lightsontv.com\/index.php?rest_route=\/wp\/v2\/users\/8"}],"replies":[{"embeddable":true,"href":"https:\/\/lightsontv.com\/index.php?rest_route=%2Fwp%2Fv2%2Fcomments&post=3011"}],"version-history":[{"count":1,"href":"https:\/\/lightsontv.com\/index.php?rest_route=\/wp\/v2\/posts\/3011\/revisions"}],"predecessor-version":[{"id":3014,"href":"https:\/\/lightsontv.com\/index.php?rest_route=\/wp\/v2\/posts\/3011\/revisions\/3014"}],"wp:featuredmedia":[{"embeddable":true,"href":"https:\/\/lightsontv.com\/index.php?rest_route=\/wp\/v2\/media\/3013"}],"wp:attachment":[{"href":"https:\/\/lightsontv.com\/index.php?rest_route=%2Fwp%2Fv2%2Fmedia&parent=3011"}],"wp:term":[{"taxonomy":"category","embeddable":true,"href":"https:\/\/lightsontv.com\/index.php?rest_route=%2Fwp%2Fv2%2Fcategories&post=3011"},{"taxonomy":"post_tag","embeddable":true,"href":"https:\/\/lightsontv.com\/index.php?rest_route=%2Fwp%2Fv2%2Ftags&post=3011"}],"curies":[{"name":"wp","href":"https:\/\/api.w.org\/{rel}","templated":true}]}}