{"id":2264,"date":"2019-03-27T14:42:15","date_gmt":"2019-03-27T20:42:15","guid":{"rendered":"https:\/\/lightsontv.com\/?p=2264"},"modified":"2019-05-03T01:52:13","modified_gmt":"2019-05-03T06:52:13","slug":"frequencerz-regresan-a-monterrey-para-wish-outdoor-mx","status":"publish","type":"post","link":"https:\/\/lightsontv.com\/?p=2264","title":{"rendered":"Frequencerz regresan a Monterrey para WiSH OUTDOOR MX."},"content":{"rendered":"\n<figure class=\"wp-block-image\"><img loading=\"lazy\" decoding=\"async\" width=\"683\" height=\"455\" src=\"https:\/\/lightsontv.com\/wp-content\/uploads\/2019\/05\/freq-1.jpeg\" alt=\"\" class=\"wp-image-2266\" srcset=\"https:\/\/lightsontv.com\/wp-content\/uploads\/2019\/05\/freq-1.jpeg 683w, https:\/\/lightsontv.com\/wp-content\/uploads\/2019\/05\/freq-1-300x200.jpeg 300w, https:\/\/lightsontv.com\/wp-content\/uploads\/2019\/05\/freq-1-675x450.jpeg 675w\" sizes=\"auto, (max-width: 683px) 100vw, 683px\" \/><\/figure>\n\n\n\n<p>El duo de DJs de Los Pa\u00edses Bajos regresar\u00e1 este pr\u00f3ximo 25 de mayo a Monterrey como parte del talento del <strong>WiSH OUTDOOR MX<\/strong> 2019. <\/p>\n\n\n\n<figure class=\"wp-block-image\"><img loading=\"lazy\" decoding=\"async\" width=\"790\" height=\"790\" src=\"https:\/\/lightsontv.com\/wp-content\/uploads\/2019\/05\/freq-2.jpeg\" alt=\"\" class=\"wp-image-2267\" srcset=\"https:\/\/lightsontv.com\/wp-content\/uploads\/2019\/05\/freq-2.jpeg 790w, https:\/\/lightsontv.com\/wp-content\/uploads\/2019\/05\/freq-2-150x150.jpeg 150w, https:\/\/lightsontv.com\/wp-content\/uploads\/2019\/05\/freq-2-300x300.jpeg 300w, https:\/\/lightsontv.com\/wp-content\/uploads\/2019\/05\/freq-2-768x768.jpeg 768w\" sizes=\"auto, (max-width: 790px) 100vw, 790px\" \/><\/figure>\n\n\n\n<p><strong>Frequencerz <\/strong>son grandes exponentes del <strong>Hard Style<\/strong> y sin duda alguna pondr\u00e1n a vibrar este escenario. <\/p>\n\n\n\n<p>Escucha la play list oficial del festival aqu\u00ed:  https:\/\/open.spotify.com\/user\/wish_outdoor <\/p>\n\n\n\n<p>Ob<strong>t\u00e9n tus tickets a trav\u00e9s de HOT TICKET y Saharis Pop Culture<\/strong><\/p>\n","protected":false},"excerpt":{"rendered":"<p>El duo de DJs de Los Pa\u00edses Bajos regresar\u00e1 este pr\u00f3ximo 25 de mayo a&#8230;<\/p>\n","protected":false},"author":8,"featured_media":2265,"comment_status":"open","ping_status":"open","sticky":false,"template":"","format":"aside","meta":{"footnotes":""},"categories":[92],"tags":[290,275,274],"class_list":["post-2264","post","type-post","status-publish","format-aside","has-post-thumbnail","hentry","category-festivals","tag-frequencerz","tag-wish-outdoor-2019","tag-wish-outdoor-mexico","post_format-post-format-aside"],"_links":{"self":[{"href":"https:\/\/lightsontv.com\/index.php?rest_route=\/wp\/v2\/posts\/2264","targetHints":{"allow":["GET"]}}],"collection":[{"href":"https:\/\/lightsontv.com\/index.php?rest_route=\/wp\/v2\/posts"}],"about":[{"href":"https:\/\/lightsontv.com\/index.php?rest_route=\/wp\/v2\/types\/post"}],"author":[{"embeddable":true,"href":"https:\/\/lightsontv.com\/index.php?rest_route=\/wp\/v2\/users\/8"}],"replies":[{"embeddable":true,"href":"https:\/\/lightsontv.com\/index.php?rest_route=%2Fwp%2Fv2%2Fcomments&post=2264"}],"version-history":[{"count":1,"href":"https:\/\/lightsontv.com\/index.php?rest_route=\/wp\/v2\/posts\/2264\/revisions"}],"predecessor-version":[{"id":2268,"href":"https:\/\/lightsontv.com\/index.php?rest_route=\/wp\/v2\/posts\/2264\/revisions\/2268"}],"wp:featuredmedia":[{"embeddable":true,"href":"https:\/\/lightsontv.com\/index.php?rest_route=\/wp\/v2\/media\/2265"}],"wp:attachment":[{"href":"https:\/\/lightsontv.com\/index.php?rest_route=%2Fwp%2Fv2%2Fmedia&parent=2264"}],"wp:term":[{"taxonomy":"category","embeddable":true,"href":"https:\/\/lightsontv.com\/index.php?rest_route=%2Fwp%2Fv2%2Fcategories&post=2264"},{"taxonomy":"post_tag","embeddable":true,"href":"https:\/\/lightsontv.com\/index.php?rest_route=%2Fwp%2Fv2%2Ftags&post=2264"}],"curies":[{"name":"wp","href":"https:\/\/api.w.org\/{rel}","templated":true}]}}