{"id":2256,"date":"2019-03-15T01:24:06","date_gmt":"2019-03-15T07:24:06","guid":{"rendered":"https:\/\/lightsontv.com\/?p=2256"},"modified":"2019-05-03T01:41:51","modified_gmt":"2019-05-03T06:41:51","slug":"llegara-machaca-fest-2019","status":"publish","type":"post","link":"https:\/\/lightsontv.com\/?p=2256","title":{"rendered":"Llegar\u00e1 Machaca Fest 2019."},"content":{"rendered":"\n<figure class=\"wp-block-image\"><img loading=\"lazy\" decoding=\"async\" width=\"819\" height=\"1024\" src=\"https:\/\/lightsontv.com\/wp-content\/uploads\/2019\/05\/cartel-machaca1-819x1024.jpeg\" alt=\"\" class=\"wp-image-2257\" srcset=\"https:\/\/lightsontv.com\/wp-content\/uploads\/2019\/05\/cartel-machaca1-819x1024.jpeg 819w, https:\/\/lightsontv.com\/wp-content\/uploads\/2019\/05\/cartel-machaca1-240x300.jpeg 240w, https:\/\/lightsontv.com\/wp-content\/uploads\/2019\/05\/cartel-machaca1-768x960.jpeg 768w, https:\/\/lightsontv.com\/wp-content\/uploads\/2019\/05\/cartel-machaca1.jpeg 1024w\" sizes=\"auto, (max-width: 819px) 100vw, 819px\" \/><\/figure>\n\n\n\n<p>Mucha ha sido la expectativa en torno a este festival que combina todo tipo de g\u00e9neros musicales que van desde el rock hasta lo norte\u00f1o. La espera termin\u00f3, puesto que el d\u00eda de ayer revelaron el line up de la edici\u00f3n del 2019, impactando a todos los asistentes puesto que lograron traer a <strong>Gwen Stefani<\/strong> a un festival regio. <\/p>\n\n\n\n<figure class=\"wp-block-image\"><img loading=\"lazy\" decoding=\"async\" width=\"822\" height=\"1024\" src=\"https:\/\/lightsontv.com\/wp-content\/uploads\/2019\/05\/macha-1-822x1024.jpeg\" alt=\"\" class=\"wp-image-2258\" srcset=\"https:\/\/lightsontv.com\/wp-content\/uploads\/2019\/05\/macha-1-822x1024.jpeg 822w, https:\/\/lightsontv.com\/wp-content\/uploads\/2019\/05\/macha-1-241x300.jpeg 241w, https:\/\/lightsontv.com\/wp-content\/uploads\/2019\/05\/macha-1-768x956.jpeg 768w, https:\/\/lightsontv.com\/wp-content\/uploads\/2019\/05\/macha-1-1024x1275.jpeg 1024w, https:\/\/lightsontv.com\/wp-content\/uploads\/2019\/05\/macha-1.jpeg 1028w\" sizes=\"auto, (max-width: 822px) 100vw, 822px\" \/><\/figure>\n\n\n\n<p>Y es que realmente los fan\u00e1ticos del T\u00edo Machaca no se lo esperaban, puesto que en redes circulaban diversas confirmaciones de artistas extra oficiales pero ninguna de <strong>Bastille<\/strong> y <strong>Gwen Stefani<\/strong>. <\/p>\n\n\n\n<ul class=\"wp-block-gallery columns-2 is-cropped wp-block-gallery-1 is-layout-flex wp-block-gallery-is-layout-flex\"><li class=\"blocks-gallery-item\"><figure><img loading=\"lazy\" decoding=\"async\" width=\"1024\" height=\"845\" src=\"https:\/\/lightsontv.com\/wp-content\/uploads\/2019\/05\/macha-2-1024x845.jpeg\" alt=\"\" data-id=\"2259\" data-link=\"https:\/\/lightsontv.com\/?attachment_id=2259\" class=\"wp-image-2259\" srcset=\"https:\/\/lightsontv.com\/wp-content\/uploads\/2019\/05\/macha-2-1024x845.jpeg 1024w, https:\/\/lightsontv.com\/wp-content\/uploads\/2019\/05\/macha-2-300x248.jpeg 300w, https:\/\/lightsontv.com\/wp-content\/uploads\/2019\/05\/macha-2-768x634.jpeg 768w, https:\/\/lightsontv.com\/wp-content\/uploads\/2019\/05\/macha-2.jpeg 1080w\" sizes=\"auto, (max-width: 1024px) 100vw, 1024px\" \/><\/figure><\/li><li class=\"blocks-gallery-item\"><figure><img loading=\"lazy\" decoding=\"async\" width=\"1024\" height=\"1024\" src=\"https:\/\/lightsontv.com\/wp-content\/uploads\/2019\/05\/mahca-4-1024x1024.jpeg\" alt=\"\" data-id=\"2261\" data-link=\"https:\/\/lightsontv.com\/?attachment_id=2261\" class=\"wp-image-2261\" srcset=\"https:\/\/lightsontv.com\/wp-content\/uploads\/2019\/05\/mahca-4-1024x1024.jpeg 1024w, https:\/\/lightsontv.com\/wp-content\/uploads\/2019\/05\/mahca-4-150x150.jpeg 150w, https:\/\/lightsontv.com\/wp-content\/uploads\/2019\/05\/mahca-4-300x300.jpeg 300w, https:\/\/lightsontv.com\/wp-content\/uploads\/2019\/05\/mahca-4-768x768.jpeg 768w, https:\/\/lightsontv.com\/wp-content\/uploads\/2019\/05\/mahca-4.jpeg 1080w\" sizes=\"auto, (max-width: 1024px) 100vw, 1024px\" \/><\/figure><\/li><\/ul>\n\n\n\n<p>Algunos de los artistas que estar\u00e1n presentes en esta edici\u00f3n son: <strong>Bad Bunny<\/strong>,<strong> Jaguares<\/strong>,<strong> Zo\u00e9<\/strong>, <strong>Los \u00c1ngeles Azules<\/strong>, <strong>Alejandra Guzm\u00e1n<\/strong>, <strong>Ska-P<\/strong>, <strong>Cartel de Santa<\/strong>, <strong>Cultura Prof\u00e9tica<\/strong>, <strong>Mago de Oz<\/strong>, <strong>Bobby Pulido<\/strong> y muchos m\u00e1s. <\/p>\n\n\n\n<p style=\"text-align:center\"><strong>\u00a1Sin duda alguna este pr\u00f3ximo 22 de junio te la pasar\u00e1s incre\u00edble!<\/strong><\/p>\n","protected":false},"excerpt":{"rendered":"<p>Mucha ha sido la expectativa en torno a este festival que combina todo tipo de&#8230;<\/p>\n","protected":false},"author":8,"featured_media":2262,"comment_status":"open","ping_status":"open","sticky":false,"template":"","format":"aside","meta":{"footnotes":""},"categories":[92],"tags":[99,286,289,287,283,284,285,288],"class_list":["post-2256","post","type-post","status-publish","format-aside","has-post-thumbnail","hentry","category-festivals","tag-99","tag-bad-bunny","tag-bastille","tag-gwen-stefanu","tag-machaca","tag-machaca-fest","tag-machaca-festival","tag-zoe","post_format-post-format-aside"],"_links":{"self":[{"href":"https:\/\/lightsontv.com\/index.php?rest_route=\/wp\/v2\/posts\/2256","targetHints":{"allow":["GET"]}}],"collection":[{"href":"https:\/\/lightsontv.com\/index.php?rest_route=\/wp\/v2\/posts"}],"about":[{"href":"https:\/\/lightsontv.com\/index.php?rest_route=\/wp\/v2\/types\/post"}],"author":[{"embeddable":true,"href":"https:\/\/lightsontv.com\/index.php?rest_route=\/wp\/v2\/users\/8"}],"replies":[{"embeddable":true,"href":"https:\/\/lightsontv.com\/index.php?rest_route=%2Fwp%2Fv2%2Fcomments&post=2256"}],"version-history":[{"count":1,"href":"https:\/\/lightsontv.com\/index.php?rest_route=\/wp\/v2\/posts\/2256\/revisions"}],"predecessor-version":[{"id":2263,"href":"https:\/\/lightsontv.com\/index.php?rest_route=\/wp\/v2\/posts\/2256\/revisions\/2263"}],"wp:featuredmedia":[{"embeddable":true,"href":"https:\/\/lightsontv.com\/index.php?rest_route=\/wp\/v2\/media\/2262"}],"wp:attachment":[{"href":"https:\/\/lightsontv.com\/index.php?rest_route=%2Fwp%2Fv2%2Fmedia&parent=2256"}],"wp:term":[{"taxonomy":"category","embeddable":true,"href":"https:\/\/lightsontv.com\/index.php?rest_route=%2Fwp%2Fv2%2Fcategories&post=2256"},{"taxonomy":"post_tag","embeddable":true,"href":"https:\/\/lightsontv.com\/index.php?rest_route=%2Fwp%2Fv2%2Ftags&post=2256"}],"curies":[{"name":"wp","href":"https:\/\/api.w.org\/{rel}","templated":true}]}}