{"id":2101,"date":"2019-03-15T16:05:44","date_gmt":"2019-03-15T22:05:44","guid":{"rendered":"https:\/\/lightsontv.com\/?p=2101"},"modified":"2019-04-08T16:20:02","modified_gmt":"2019-04-08T21:20:02","slug":"todos-los-detalles-de-la-magica-apertura-del-showcenter-complex","status":"publish","type":"post","link":"https:\/\/lightsontv.com\/?p=2101","title":{"rendered":"\u00a1Todos los detalles de la m\u00e1gica apertura del Showcenter Complex!"},"content":{"rendered":"\n<p>El recinto m\u00e1s esperado del noreste de M\u00e9xico se se inaugur\u00f3 el d\u00eda de ayer, estamos hablando de Showcenter Complex. Y es que contaron como primer espect\u00e1culo con The Illusionists, Live From Broadway, en el que seis ilusionistas internacionales asombraron al p\u00fablico con sus actos impresionantes.<br><\/p>\n\n\n\n<figure class=\"wp-block-image\"><img loading=\"lazy\" decoding=\"async\" width=\"1024\" height=\"576\" src=\"https:\/\/lightsontv.com\/wp-content\/uploads\/2019\/04\/ILUSIONISTAS-7-1024x576.jpg\" alt=\"\" class=\"wp-image-2108\" srcset=\"https:\/\/lightsontv.com\/wp-content\/uploads\/2019\/04\/ILUSIONISTAS-7-1024x576.jpg 1024w, https:\/\/lightsontv.com\/wp-content\/uploads\/2019\/04\/ILUSIONISTAS-7-300x169.jpg 300w, https:\/\/lightsontv.com\/wp-content\/uploads\/2019\/04\/ILUSIONISTAS-7-768x432.jpg 768w\" sizes=\"auto, (max-width: 1024px) 100vw, 1024px\" \/><figcaption>Cortes\u00eda Showcenter <\/figcaption><\/figure>\n\n\n\n<p> An Ha Lim, Jonathan Goodwin, Colin Cloud, Raymond Crowe, Sabine y Joaqu\u00edn Kotkin, fueron parte del elenco. Pero eso no es todo por que pese a que el espect\u00e1culo se pensar\u00eda no tuviera una traducci\u00f3n la tuvo.<br><\/p>\n\n\n\n<p>El coreano An Ha Lim y su manipulaci\u00f3n de cartas divirti\u00f3 a los asistentes, Jonathan Goodwin asombr\u00f3 con sus temerarios actos con escorpiones y ballestas, mientras la bella Sabine demostr\u00f3 el poder femenino al ser la \u00fanica mujer en el espect\u00e1culo y hechizar a todos con sus trucos.<\/p>\n\n\n\n<figure class=\"wp-block-image\"><img loading=\"lazy\" decoding=\"async\" width=\"1024\" height=\"683\" src=\"https:\/\/lightsontv.com\/wp-content\/uploads\/2019\/04\/ILUSIONISTAS-4-1024x683.jpg\" alt=\"\" class=\"wp-image-2106\" srcset=\"https:\/\/lightsontv.com\/wp-content\/uploads\/2019\/04\/ILUSIONISTAS-4-1024x683.jpg 1024w, https:\/\/lightsontv.com\/wp-content\/uploads\/2019\/04\/ILUSIONISTAS-4-300x200.jpg 300w, https:\/\/lightsontv.com\/wp-content\/uploads\/2019\/04\/ILUSIONISTAS-4-768x512.jpg 768w, https:\/\/lightsontv.com\/wp-content\/uploads\/2019\/04\/ILUSIONISTAS-4-675x450.jpg 675w, https:\/\/lightsontv.com\/wp-content\/uploads\/2019\/04\/ILUSIONISTAS-4.jpg 1800w\" sizes=\"auto, (max-width: 1024px) 100vw, 1024px\" \/><figcaption> Cortes\u00eda Showcenter <\/figcaption><\/figure>\n\n\n\n<p>Raymond Crowe puso el toque simp\u00e1tico con sus participaciones y su manejo de sombras, mientras las deducciones de Colin Cloud sorprendieron a todos. Adem\u00e1s de apoyar los actos de sus compa\u00f1eros ilusionistas, Joaqu\u00edn Kotkin emocion\u00f3 con su magia en los que utiliz\u00f3 accesorios comunes como un globo y papel, y sofisticados como un diamante.<br><\/p>\n\n\n\n<figure class=\"wp-block-image\"><img loading=\"lazy\" decoding=\"async\" width=\"1024\" height=\"576\" src=\"https:\/\/lightsontv.com\/wp-content\/uploads\/2019\/04\/ILUSIONISTAS-8-1024x576.jpg\" alt=\"\" class=\"wp-image-2107\" srcset=\"https:\/\/lightsontv.com\/wp-content\/uploads\/2019\/04\/ILUSIONISTAS-8-1024x576.jpg 1024w, https:\/\/lightsontv.com\/wp-content\/uploads\/2019\/04\/ILUSIONISTAS-8-300x169.jpg 300w, https:\/\/lightsontv.com\/wp-content\/uploads\/2019\/04\/ILUSIONISTAS-8-768x432.jpg 768w\" sizes=\"auto, (max-width: 1024px) 100vw, 1024px\" \/><figcaption> Cortes\u00eda Showcenter <\/figcaption><\/figure>\n\n\n\n<p>El p\u00fablico disfrut\u00f3 de principio a fin The Illusionists, Live From Broadway que se presentar\u00e1 tambi\u00e9n el viernes 15 de marzo a las 8:00 PM, el s\u00e1bado 16 en dos funciones a las 2:00 PM y a las 8:00 PM, igual que el domingo 17 de marzo a las 2:00 PM y a las 7:30 PM. La venta de boletos es por el sistema Superboletos o en las taquillas del recinto, Main Entrance y Fashion Drive.<br><\/p>\n\n\n\n<p><strong>Brillante apertura<\/strong><\/p>\n\n\n\n<figure class=\"wp-block-image\"><img loading=\"lazy\" decoding=\"async\" width=\"1024\" height=\"683\" src=\"https:\/\/lightsontv.com\/wp-content\/uploads\/2019\/04\/GENTE2-1024x683.jpg\" alt=\"\" class=\"wp-image-2104\" srcset=\"https:\/\/lightsontv.com\/wp-content\/uploads\/2019\/04\/GENTE2-1024x683.jpg 1024w, https:\/\/lightsontv.com\/wp-content\/uploads\/2019\/04\/GENTE2-300x200.jpg 300w, https:\/\/lightsontv.com\/wp-content\/uploads\/2019\/04\/GENTE2-768x512.jpg 768w, https:\/\/lightsontv.com\/wp-content\/uploads\/2019\/04\/GENTE2-675x450.jpg 675w, https:\/\/lightsontv.com\/wp-content\/uploads\/2019\/04\/GENTE2.jpg 2048w\" sizes=\"auto, (max-width: 1024px) 100vw, 1024px\" \/><figcaption>Cortes\u00eda Showcenter <\/figcaption><\/figure>\n\n\n\n<p>Antes del espect\u00e1culo The Illusionists, el Showcenter Complex fue inaugurado por el Arquitecto Eudelio Garza Mercado junto a autoridades de San Pedro e invitados especiales, que despu\u00e9s desfilaron por una alfombra roja dispuesta en la entrada del recinto.<br><\/p>\n\n\n\n<figure class=\"wp-block-image\"><img loading=\"lazy\" decoding=\"async\" width=\"1024\" height=\"683\" src=\"https:\/\/lightsontv.com\/wp-content\/uploads\/2019\/04\/Apertura2-1024x683.jpg\" alt=\"\" class=\"wp-image-2103\" srcset=\"https:\/\/lightsontv.com\/wp-content\/uploads\/2019\/04\/Apertura2-1024x683.jpg 1024w, https:\/\/lightsontv.com\/wp-content\/uploads\/2019\/04\/Apertura2-300x200.jpg 300w, https:\/\/lightsontv.com\/wp-content\/uploads\/2019\/04\/Apertura2-768x512.jpg 768w, https:\/\/lightsontv.com\/wp-content\/uploads\/2019\/04\/Apertura2-675x450.jpg 675w, https:\/\/lightsontv.com\/wp-content\/uploads\/2019\/04\/Apertura2.jpg 2048w\" sizes=\"auto, (max-width: 1024px) 100vw, 1024px\" \/><figcaption>Cortes\u00eda Showcenter <\/figcaption><\/figure>\n\n\n\n<p>El Alcalde de San Pedro, Miguel Trevi\u00f1o, felicit\u00f3 al Arquitecto Eudelio Garza Mercado por su visi\u00f3n para traer espect\u00e1culos de primera calidad al municipio, y la se\u00f1ora Yolanda Santos, fundadora del Ballet de Monterrey, aplaudi\u00f3 que un recinto como el Showcenter Complex puede traer m\u00e1s cultura a la ciudad.<br><\/p>\n\n\n\n<figure class=\"wp-block-image\"><img loading=\"lazy\" decoding=\"async\" width=\"1024\" height=\"664\" src=\"https:\/\/lightsontv.com\/wp-content\/uploads\/2019\/04\/Apertura1-1-1024x664.jpg\" alt=\"\" class=\"wp-image-2105\" srcset=\"https:\/\/lightsontv.com\/wp-content\/uploads\/2019\/04\/Apertura1-1-1024x664.jpg 1024w, https:\/\/lightsontv.com\/wp-content\/uploads\/2019\/04\/Apertura1-1-300x195.jpg 300w, https:\/\/lightsontv.com\/wp-content\/uploads\/2019\/04\/Apertura1-1-768x498.jpg 768w, https:\/\/lightsontv.com\/wp-content\/uploads\/2019\/04\/Apertura1-1.jpg 2048w\" sizes=\"auto, (max-width: 1024px) 100vw, 1024px\" \/><figcaption> Cortes\u00eda Showcenter <\/figcaption><\/figure>\n\n\n\n<p>En el acto de corte de list\u00f3n tambi\u00e9n participaron Miguel \u00c1ngel Cant\u00fa, Secretario de Turismo de San Pedro; y Jeff Daniel y Bruce Granath, representantes de la compa\u00f1\u00eda Broadway Across America, quienes aseguraron que traer\u00e1n m\u00e1s producciones en el futuro al ver el \u00e9xito de esta primera temporada.<br> <\/p>\n","protected":false},"excerpt":{"rendered":"<p>El recinto m\u00e1s esperado del noreste de M\u00e9xico se se inaugur\u00f3 el d\u00eda de ayer,&#8230;<\/p>\n","protected":false},"author":8,"featured_media":2109,"comment_status":"open","ping_status":"open","sticky":false,"template":"","format":"aside","meta":{"footnotes":""},"categories":[37,93],"tags":[143,142,251,252],"class_list":["post-2101","post","type-post","status-publish","format-aside","has-post-thumbnail","hentry","category-moda","category-music","tag-broadway","tag-showcenter","tag-showcenter-complex","tag-the-illusionists","post_format-post-format-aside"],"_links":{"self":[{"href":"https:\/\/lightsontv.com\/index.php?rest_route=\/wp\/v2\/posts\/2101","targetHints":{"allow":["GET"]}}],"collection":[{"href":"https:\/\/lightsontv.com\/index.php?rest_route=\/wp\/v2\/posts"}],"about":[{"href":"https:\/\/lightsontv.com\/index.php?rest_route=\/wp\/v2\/types\/post"}],"author":[{"embeddable":true,"href":"https:\/\/lightsontv.com\/index.php?rest_route=\/wp\/v2\/users\/8"}],"replies":[{"embeddable":true,"href":"https:\/\/lightsontv.com\/index.php?rest_route=%2Fwp%2Fv2%2Fcomments&post=2101"}],"version-history":[{"count":1,"href":"https:\/\/lightsontv.com\/index.php?rest_route=\/wp\/v2\/posts\/2101\/revisions"}],"predecessor-version":[{"id":2110,"href":"https:\/\/lightsontv.com\/index.php?rest_route=\/wp\/v2\/posts\/2101\/revisions\/2110"}],"wp:featuredmedia":[{"embeddable":true,"href":"https:\/\/lightsontv.com\/index.php?rest_route=\/wp\/v2\/media\/2109"}],"wp:attachment":[{"href":"https:\/\/lightsontv.com\/index.php?rest_route=%2Fwp%2Fv2%2Fmedia&parent=2101"}],"wp:term":[{"taxonomy":"category","embeddable":true,"href":"https:\/\/lightsontv.com\/index.php?rest_route=%2Fwp%2Fv2%2Fcategories&post=2101"},{"taxonomy":"post_tag","embeddable":true,"href":"https:\/\/lightsontv.com\/index.php?rest_route=%2Fwp%2Fv2%2Ftags&post=2101"}],"curies":[{"name":"wp","href":"https:\/\/api.w.org\/{rel}","templated":true}]}}