{"id":2004,"date":"2019-03-24T17:36:04","date_gmt":"2019-03-24T23:36:04","guid":{"rendered":"https:\/\/lightsontv.com\/?p=2004"},"modified":"2019-04-01T18:15:02","modified_gmt":"2019-04-02T00:15:02","slug":"recuento-pal-norte-dia-2","status":"publish","type":"post","link":"https:\/\/lightsontv.com\/?p=2004","title":{"rendered":"Recuento Pal Norte D\u00eda 2"},"content":{"rendered":"\n<p>El segundo d\u00eda de <strong>Tecate Pal Norte 2019<\/strong> lleg\u00f3 con un clima m\u00e1s c\u00e1lido y un ambiente de fiesta que inici\u00f3 desde muy temprana hora. Y es que a diferencia del primer d\u00eda los asistentes pudieron ingresar al festival desde las 12 hrs del d\u00eda s\u00e1bado 23 de marzo. <\/p>\n\n\n\n<p>Fue en punto de las 12:10 que los primeros artistas salieron al escenario a dar su show. En el escenario <strong>Tecate Light<\/strong> los primeros en aperturar fueron <strong>Afro Brothers <\/strong>quienes tocan m\u00fasica fusionando los ritmos del <strong>reggae<\/strong>, <strong>ska<\/strong>, <strong>funk <\/strong>y <strong>rock<\/strong>. <\/p>\n\n\n\n<figure class=\"wp-block-image\"><img loading=\"lazy\" decoding=\"async\" width=\"4324\" height=\"2883\" src=\"https:\/\/i1.wp.com\/lightsontv.com\/wp-content\/uploads\/2019\/04\/Copia-de-afro-6.jpg?fit=640%2C427&amp;ssl=1\" alt=\"\" class=\"wp-image-2006\" srcset=\"https:\/\/lightsontv.com\/wp-content\/uploads\/2019\/04\/Copia-de-afro-6.jpg 4324w, https:\/\/lightsontv.com\/wp-content\/uploads\/2019\/04\/Copia-de-afro-6-300x200.jpg 300w, https:\/\/lightsontv.com\/wp-content\/uploads\/2019\/04\/Copia-de-afro-6-768x512.jpg 768w, https:\/\/lightsontv.com\/wp-content\/uploads\/2019\/04\/Copia-de-afro-6-1024x683.jpg 1024w, https:\/\/lightsontv.com\/wp-content\/uploads\/2019\/04\/Copia-de-afro-6-675x450.jpg 675w\" sizes=\"auto, (max-width: 4324px) 100vw, 4324px\" \/><\/figure>\n\n\n\n<p>Como invitado trajeron a <strong>Chem\u00edn<\/strong>, trompetista de <strong>Fanko <\/strong>para interpretar <strong>\u201cYo S\u00e9 Que Le Gusta\u201d<\/strong>. Emocionando a los asistentes que llegaron desde temprano para disfrutar del festival.<\/p>\n\n\n\n<figure class=\"wp-block-image\"><img loading=\"lazy\" decoding=\"async\" width=\"6111\" height=\"4074\" src=\"https:\/\/i0.wp.com\/lightsontv.com\/wp-content\/uploads\/2019\/04\/Copia-de-afro.jpg?fit=640%2C427&amp;ssl=1\" alt=\"\" class=\"wp-image-2007\" srcset=\"https:\/\/lightsontv.com\/wp-content\/uploads\/2019\/04\/Copia-de-afro.jpg 6111w, https:\/\/lightsontv.com\/wp-content\/uploads\/2019\/04\/Copia-de-afro-300x200.jpg 300w, https:\/\/lightsontv.com\/wp-content\/uploads\/2019\/04\/Copia-de-afro-768x512.jpg 768w, https:\/\/lightsontv.com\/wp-content\/uploads\/2019\/04\/Copia-de-afro-1024x683.jpg 1024w, https:\/\/lightsontv.com\/wp-content\/uploads\/2019\/04\/Copia-de-afro-675x450.jpg 675w\" sizes=\"auto, (max-width: 6111px) 100vw, 6111px\" \/><\/figure>\n\n\n\n<p>Por su parte <strong>Primavera Club <\/strong>se present\u00f3 en el escenario <strong>Tecate Original<\/strong> a las 12:40 hrs iniciando su show con la canci\u00f3n \u00abDame M\u00e1s Love\u201d. <\/p>\n\n\n\n<figure class=\"wp-block-image\"><img loading=\"lazy\" decoding=\"async\" width=\"1920\" height=\"1280\" src=\"https:\/\/i0.wp.com\/lightsontv.com\/wp-content\/uploads\/2019\/04\/Copia-de-IMG_0770.jpg?fit=640%2C427&amp;ssl=1\" alt=\"\" class=\"wp-image-2011\" srcset=\"https:\/\/lightsontv.com\/wp-content\/uploads\/2019\/04\/Copia-de-IMG_0770.jpg 1920w, https:\/\/lightsontv.com\/wp-content\/uploads\/2019\/04\/Copia-de-IMG_0770-300x200.jpg 300w, https:\/\/lightsontv.com\/wp-content\/uploads\/2019\/04\/Copia-de-IMG_0770-768x512.jpg 768w, https:\/\/lightsontv.com\/wp-content\/uploads\/2019\/04\/Copia-de-IMG_0770-1024x683.jpg 1024w, https:\/\/lightsontv.com\/wp-content\/uploads\/2019\/04\/Copia-de-IMG_0770-675x450.jpg 675w\" sizes=\"auto, (max-width: 1920px) 100vw, 1920px\" \/><\/figure>\n\n\n\n<p>La banda regia se mostr\u00f3 muy agradecida con el publico y sus seguidores, quienes emocionados cantaban canciones como <strong>\u00abCoraz\u00f3n Abierto\u00bb<\/strong>,<strong>\u00abFactores\u00bb<\/strong> y <strong>\u00abNadie Quiere Conmigo\u00bb<\/strong>.\u00a0 <\/p>\n\n\n\n<figure class=\"wp-block-image\"><img loading=\"lazy\" decoding=\"async\" width=\"1920\" height=\"1280\" src=\"https:\/\/i1.wp.com\/lightsontv.com\/wp-content\/uploads\/2019\/04\/Copia-de-IMG_0683.jpg?fit=640%2C427&amp;ssl=1\" alt=\"\" class=\"wp-image-2012\" srcset=\"https:\/\/lightsontv.com\/wp-content\/uploads\/2019\/04\/Copia-de-IMG_0683.jpg 1920w, https:\/\/lightsontv.com\/wp-content\/uploads\/2019\/04\/Copia-de-IMG_0683-300x200.jpg 300w, https:\/\/lightsontv.com\/wp-content\/uploads\/2019\/04\/Copia-de-IMG_0683-768x512.jpg 768w, https:\/\/lightsontv.com\/wp-content\/uploads\/2019\/04\/Copia-de-IMG_0683-1024x683.jpg 1024w, https:\/\/lightsontv.com\/wp-content\/uploads\/2019\/04\/Copia-de-IMG_0683-675x450.jpg 675w\" sizes=\"auto, (max-width: 1920px) 100vw, 1920px\" \/><\/figure>\n\n\n\n<p>A las 13:10 Hrs <strong>Juan Pablo Vega<\/strong> sali\u00f3 al escenario Tecate Light desde Bogot\u00e1 Colombia con su estilo \u00fanico de Hip-hop con una mezcla de reggae. <\/p>\n\n\n\n<figure class=\"wp-block-image\"><img loading=\"lazy\" decoding=\"async\" width=\"5470\" height=\"3647\" src=\"https:\/\/i0.wp.com\/lightsontv.com\/wp-content\/uploads\/2019\/04\/juan-pablo-vega.jpg?fit=640%2C427&amp;ssl=1\" alt=\"\" class=\"wp-image-2008\" srcset=\"https:\/\/lightsontv.com\/wp-content\/uploads\/2019\/04\/juan-pablo-vega.jpg 5470w, https:\/\/lightsontv.com\/wp-content\/uploads\/2019\/04\/juan-pablo-vega-300x200.jpg 300w, https:\/\/lightsontv.com\/wp-content\/uploads\/2019\/04\/juan-pablo-vega-768x512.jpg 768w, https:\/\/lightsontv.com\/wp-content\/uploads\/2019\/04\/juan-pablo-vega-1024x683.jpg 1024w, https:\/\/lightsontv.com\/wp-content\/uploads\/2019\/04\/juan-pablo-vega-675x450.jpg 675w\" sizes=\"auto, (max-width: 5470px) 100vw, 5470px\" \/><\/figure>\n\n\n\n<p>En rueda de prensa en canta autor colombiano nos confeso estar muy contento de haber tocado en el festival y en cuanto a la nueva industria musical que prefiere cuidarse de la especulaci\u00f3n \u00aben un mundo en donde los views y los streamings son muy importantes\u00bb.<\/p>\n\n\n\n<figure class=\"wp-block-image\"><img loading=\"lazy\" decoding=\"async\" width=\"2592\" height=\"1728\" src=\"https:\/\/i1.wp.com\/lightsontv.com\/wp-content\/uploads\/2019\/04\/IMG_4316.jpg?fit=640%2C427&amp;ssl=1\" alt=\"\" class=\"wp-image-2009\" srcset=\"https:\/\/lightsontv.com\/wp-content\/uploads\/2019\/04\/IMG_4316.jpg 2592w, https:\/\/lightsontv.com\/wp-content\/uploads\/2019\/04\/IMG_4316-300x200.jpg 300w, https:\/\/lightsontv.com\/wp-content\/uploads\/2019\/04\/IMG_4316-768x512.jpg 768w, https:\/\/lightsontv.com\/wp-content\/uploads\/2019\/04\/IMG_4316-1024x683.jpg 1024w, https:\/\/lightsontv.com\/wp-content\/uploads\/2019\/04\/IMG_4316-675x450.jpg 675w\" sizes=\"auto, (max-width: 2592px) 100vw, 2592px\" \/><\/figure>\n\n\n\n<p><strong>Serbia<\/strong> por su parte se present\u00f3 en el escenario Fusi\u00f3n con un show cargado de energ\u00eda y mucho <strong>rock and roll<\/strong>, en donde sus fan\u00e1ticos, adem\u00e1s de los asistentes del festival brincaron con sus canciones. <\/p>\n\n\n\n<figure class=\"wp-block-image\"><img loading=\"lazy\" decoding=\"async\" width=\"2592\" height=\"1728\" src=\"https:\/\/i1.wp.com\/lightsontv.com\/wp-content\/uploads\/2019\/04\/IMG_4122.jpg?fit=640%2C427&amp;ssl=1\" alt=\"\" class=\"wp-image-2016\" srcset=\"https:\/\/lightsontv.com\/wp-content\/uploads\/2019\/04\/IMG_4122.jpg 2592w, https:\/\/lightsontv.com\/wp-content\/uploads\/2019\/04\/IMG_4122-300x200.jpg 300w, https:\/\/lightsontv.com\/wp-content\/uploads\/2019\/04\/IMG_4122-768x512.jpg 768w, https:\/\/lightsontv.com\/wp-content\/uploads\/2019\/04\/IMG_4122-1024x683.jpg 1024w, https:\/\/lightsontv.com\/wp-content\/uploads\/2019\/04\/IMG_4122-675x450.jpg 675w\" sizes=\"auto, (max-width: 2592px) 100vw, 2592px\" \/><\/figure>\n\n\n\n<p>La banda se mostr\u00f3 muy contenta de estar en el festival. Canciones como <strong>\u00abFr\u00edo Artificial\u00bb<\/strong>, <strong>\u00abFantasmas\u00bb<\/strong>, <strong>\u00abCinco a\u00f1os y un mes\u00bb<\/strong>, <strong>\u00abCama\u00bb<\/strong> y <strong>\u00abAb\u00fasame\u00bb<\/strong> fueron parte de su set list. <\/p>\n\n\n\n<figure class=\"wp-block-image\"><img loading=\"lazy\" decoding=\"async\" width=\"2592\" height=\"1728\" src=\"https:\/\/i1.wp.com\/lightsontv.com\/wp-content\/uploads\/2019\/04\/IMG_4143.jpg?fit=640%2C427&amp;ssl=1\" alt=\"\" class=\"wp-image-2017\" srcset=\"https:\/\/lightsontv.com\/wp-content\/uploads\/2019\/04\/IMG_4143.jpg 2592w, https:\/\/lightsontv.com\/wp-content\/uploads\/2019\/04\/IMG_4143-300x200.jpg 300w, https:\/\/lightsontv.com\/wp-content\/uploads\/2019\/04\/IMG_4143-768x512.jpg 768w, https:\/\/lightsontv.com\/wp-content\/uploads\/2019\/04\/IMG_4143-1024x683.jpg 1024w, https:\/\/lightsontv.com\/wp-content\/uploads\/2019\/04\/IMG_4143-675x450.jpg 675w\" sizes=\"auto, (max-width: 2592px) 100vw, 2592px\" \/><\/figure>\n\n\n\n<p><strong>Los Mesoneros<\/strong> llegaron para arrasar con el escenario <strong>Tecate Original <\/strong>puesto que la banda obtuvo muy buena respuesta por parte del p\u00fablico quien no dejaba de cantar sus canciones y es que su estilo \u00fanico musical cautivo a los asistentes. <\/p>\n\n\n\n<figure class=\"wp-block-image\"><img loading=\"lazy\" decoding=\"async\" width=\"2592\" height=\"1728\" src=\"https:\/\/i0.wp.com\/lightsontv.com\/wp-content\/uploads\/2019\/04\/IMG_4244.jpg?fit=640%2C427&amp;ssl=1\" alt=\"\" class=\"wp-image-2025\" srcset=\"https:\/\/lightsontv.com\/wp-content\/uploads\/2019\/04\/IMG_4244.jpg 2592w, https:\/\/lightsontv.com\/wp-content\/uploads\/2019\/04\/IMG_4244-300x200.jpg 300w, https:\/\/lightsontv.com\/wp-content\/uploads\/2019\/04\/IMG_4244-768x512.jpg 768w, https:\/\/lightsontv.com\/wp-content\/uploads\/2019\/04\/IMG_4244-1024x683.jpg 1024w, https:\/\/lightsontv.com\/wp-content\/uploads\/2019\/04\/IMG_4244-675x450.jpg 675w\" sizes=\"auto, (max-width: 2592px) 100vw, 2592px\" \/><\/figure>\n\n\n\n<p>Canciones <strong>\u00abDime C\u00f3mo T\u00fa Quieras\u00bb<\/strong>, <strong>\u00abExpr\u00f3piese\u00bb<\/strong>, <strong>\u00abSolo\u00bb<\/strong>, <strong>\u00abPara\u00edso\u00bb <\/strong>y <strong>\u00abTe lo advert\u00ed\u00bb<\/strong> fueron las m\u00e1s coreadas, tanto as\u00ed que los asistentes gritaban \u00abotra, otra\u00bb pidiendo m\u00e1s temas de la banda venezolana. <\/p>\n\n\n\n<figure class=\"wp-block-image\"><img loading=\"lazy\" decoding=\"async\" width=\"2592\" height=\"1728\" src=\"https:\/\/i0.wp.com\/lightsontv.com\/wp-content\/uploads\/2019\/04\/IMG_4287.jpg?fit=640%2C427&amp;ssl=1\" alt=\"\" class=\"wp-image-2024\" srcset=\"https:\/\/lightsontv.com\/wp-content\/uploads\/2019\/04\/IMG_4287.jpg 2592w, https:\/\/lightsontv.com\/wp-content\/uploads\/2019\/04\/IMG_4287-300x200.jpg 300w, https:\/\/lightsontv.com\/wp-content\/uploads\/2019\/04\/IMG_4287-768x512.jpg 768w, https:\/\/lightsontv.com\/wp-content\/uploads\/2019\/04\/IMG_4287-1024x683.jpg 1024w, https:\/\/lightsontv.com\/wp-content\/uploads\/2019\/04\/IMG_4287-675x450.jpg 675w\" sizes=\"auto, (max-width: 2592px) 100vw, 2592px\" \/><\/figure>\n","protected":false},"excerpt":{"rendered":"<p>El segundo d\u00eda de Tecate Pal Norte 2019 lleg\u00f3 con un clima m\u00e1s c\u00e1lido y&#8230;<\/p>\n","protected":false},"author":8,"featured_media":2014,"comment_status":"open","ping_status":"open","sticky":false,"template":"","format":"aside","meta":{"footnotes":""},"categories":[92,1],"tags":[99,152,151],"class_list":["post-2004","post","type-post","status-publish","format-aside","has-post-thumbnail","hentry","category-festivals","category-musica-3","tag-99","tag-pal-norte","tag-tecate-pal-norte","post_format-post-format-aside"],"_links":{"self":[{"href":"https:\/\/lightsontv.com\/index.php?rest_route=\/wp\/v2\/posts\/2004","targetHints":{"allow":["GET"]}}],"collection":[{"href":"https:\/\/lightsontv.com\/index.php?rest_route=\/wp\/v2\/posts"}],"about":[{"href":"https:\/\/lightsontv.com\/index.php?rest_route=\/wp\/v2\/types\/post"}],"author":[{"embeddable":true,"href":"https:\/\/lightsontv.com\/index.php?rest_route=\/wp\/v2\/users\/8"}],"replies":[{"embeddable":true,"href":"https:\/\/lightsontv.com\/index.php?rest_route=%2Fwp%2Fv2%2Fcomments&post=2004"}],"version-history":[{"count":7,"href":"https:\/\/lightsontv.com\/index.php?rest_route=\/wp\/v2\/posts\/2004\/revisions"}],"predecessor-version":[{"id":2027,"href":"https:\/\/lightsontv.com\/index.php?rest_route=\/wp\/v2\/posts\/2004\/revisions\/2027"}],"wp:featuredmedia":[{"embeddable":true,"href":"https:\/\/lightsontv.com\/index.php?rest_route=\/wp\/v2\/media\/2014"}],"wp:attachment":[{"href":"https:\/\/lightsontv.com\/index.php?rest_route=%2Fwp%2Fv2%2Fmedia&parent=2004"}],"wp:term":[{"taxonomy":"category","embeddable":true,"href":"https:\/\/lightsontv.com\/index.php?rest_route=%2Fwp%2Fv2%2Fcategories&post=2004"},{"taxonomy":"post_tag","embeddable":true,"href":"https:\/\/lightsontv.com\/index.php?rest_route=%2Fwp%2Fv2%2Ftags&post=2004"}],"curies":[{"name":"wp","href":"https:\/\/api.w.org\/{rel}","templated":true}]}}