{"id":1992,"date":"2019-03-29T17:34:43","date_gmt":"2019-03-29T23:34:43","guid":{"rendered":"https:\/\/lightsontv.com\/pimpinela-por-primera-vez-en-mexico-cantaran-al-lado-de-sus-hijos\/"},"modified":"2019-03-29T17:34:43","modified_gmt":"2019-03-29T23:34:43","slug":"pimpinela-por-primera-vez-en-mexico-cantaran-al-lado-de-sus-hijos","status":"publish","type":"post","link":"https:\/\/lightsontv.com\/?p=1992","title":{"rendered":"PIMPINELA POR PRIMERA VEZ EN MEXICO CANTAR\u00c1N AL LADO DE SUS HIJOS"},"content":{"rendered":"<p>El concierto en el Teatro Metropolitan : Sold Out<\/p>\n<p>Durante los pr\u00f3ximos conciertos del d\u00fao PIMPINELA en M\u00e9xico (Monterrey 4 abril \/ Puebla 5 Abril \/ CDMX 7 Abril Teatro Metropolitan) Luc\u00eda y Joaqu\u00edn contar\u00e1n con invitados de lujo: Sus hijos ROCIO HAZAN GALAN y FRANCISCO JOAQUIN GALAN, quienes por primera vez les acompa\u00f1an en el Tour \u201cHERMANOS\u201d en M\u00e9xico con la gran ilusi\u00f3n de volver a nuestro pa\u00eds ya que no lo hac\u00edan desde que eran ni\u00f1os.ROCIO, con 21 a\u00f1os es hija \u00fanica del matrimonio de Luc\u00eda Gal\u00e1n con el empresario Alberto Hazan, divorciados desde hace ya algunos a\u00f1os. En la actualidad esta dedicada a la m\u00fasica; hered\u00f3 la vena art\u00edstica y la voz de su madre y recientemente form\u00f3 el duo ROYAL junto a una de sus mejores amigas. Ahora se encuentran grabando su primer \u00e1lbum.<\/p>\n<p>Por su parte, FRANCISCO JOAQUIN GALAN tiene 27 a\u00f1os y es hijo \u00fanico del matrimonio de Joaqu\u00edn con la artista pl\u00e1stica Viviana Berco. El joven es cantante y compositor pero comparte sus aptitudes art\u00edsticas con un marcado gusto como emprendedor nato, que lo ha llevado a dedicarse a generar proyectos en el mundo de la tecnolog\u00eda.<\/p>\n<p>El d\u00fao PIMPINELA vuelve a M\u00e9xico para realizar estos 3 conciertos donde recorrer\u00e1n musicalmente toda su trayectoria y sus grandes \u00e9xitos. Y la bienvenida no puede ser mejor cuando el concierto a realizarse en el Teatro Metropolitan el domingo 7 de Abril se encuentra practicamente agotado. Previo a este concierto se presentar\u00e1n en el Auditorio Citibanamex en Monterrey el Jueves 4 de Abril y en el Auditorio Metropolitano de Puebla el viernes 5 de Abril.<\/p>\n","protected":false},"excerpt":{"rendered":"<p>El concierto en el Teatro Metropolitan : Sold Out Durante los pr\u00f3ximos conciertos del d\u00fao&#8230;<\/p>\n","protected":false},"author":1,"featured_media":0,"comment_status":"open","ping_status":"open","sticky":false,"template":"","format":"aside","meta":{"footnotes":""},"categories":[1],"tags":[],"class_list":["post-1992","post","type-post","status-publish","format-aside","hentry","category-musica-3","post_format-post-format-aside"],"_links":{"self":[{"href":"https:\/\/lightsontv.com\/index.php?rest_route=\/wp\/v2\/posts\/1992","targetHints":{"allow":["GET"]}}],"collection":[{"href":"https:\/\/lightsontv.com\/index.php?rest_route=\/wp\/v2\/posts"}],"about":[{"href":"https:\/\/lightsontv.com\/index.php?rest_route=\/wp\/v2\/types\/post"}],"author":[{"embeddable":true,"href":"https:\/\/lightsontv.com\/index.php?rest_route=\/wp\/v2\/users\/1"}],"replies":[{"embeddable":true,"href":"https:\/\/lightsontv.com\/index.php?rest_route=%2Fwp%2Fv2%2Fcomments&post=1992"}],"version-history":[{"count":0,"href":"https:\/\/lightsontv.com\/index.php?rest_route=\/wp\/v2\/posts\/1992\/revisions"}],"wp:attachment":[{"href":"https:\/\/lightsontv.com\/index.php?rest_route=%2Fwp%2Fv2%2Fmedia&parent=1992"}],"wp:term":[{"taxonomy":"category","embeddable":true,"href":"https:\/\/lightsontv.com\/index.php?rest_route=%2Fwp%2Fv2%2Fcategories&post=1992"},{"taxonomy":"post_tag","embeddable":true,"href":"https:\/\/lightsontv.com\/index.php?rest_route=%2Fwp%2Fv2%2Ftags&post=1992"}],"curies":[{"name":"wp","href":"https:\/\/api.w.org\/{rel}","templated":true}]}}