{"id":1902,"date":"2019-03-22T17:11:37","date_gmt":"2019-03-22T23:11:37","guid":{"rendered":"https:\/\/lightsontv.com\/?p=1902"},"modified":"2019-03-25T20:23:38","modified_gmt":"2019-03-26T02:23:38","slug":"recuento-pal-norte-dia-1","status":"publish","type":"post","link":"https:\/\/lightsontv.com\/?p=1902","title":{"rendered":"Recuento Pal Norte D\u00eda 1"},"content":{"rendered":"\n<p>Lleg\u00f3 el 22 de Marzo del 2019 y los asistentes desde muy temprana hora empezaron a hacer fila, quienes ante cada movimiento por parte de la gente de seguridad se mostraban emocionados puesto que estaban a la espera de la apertura de las puertas del festival. <\/p>\n\n\n\n<figure class=\"wp-block-image\"><img loading=\"lazy\" decoding=\"async\" width=\"2592\" height=\"1728\" src=\"https:\/\/i0.wp.com\/lightsontv.com\/wp-content\/uploads\/2019\/03\/IMG_3173.jpg?fit=640%2C427&amp;ssl=1\" alt=\"\" class=\"wp-image-1904\" srcset=\"https:\/\/lightsontv.com\/wp-content\/uploads\/2019\/03\/IMG_3173.jpg 2592w, https:\/\/lightsontv.com\/wp-content\/uploads\/2019\/03\/IMG_3173-300x200.jpg 300w, https:\/\/lightsontv.com\/wp-content\/uploads\/2019\/03\/IMG_3173-768x512.jpg 768w, https:\/\/lightsontv.com\/wp-content\/uploads\/2019\/03\/IMG_3173-1024x683.jpg 1024w, https:\/\/lightsontv.com\/wp-content\/uploads\/2019\/03\/IMG_3173-675x450.jpg 675w\" sizes=\"auto, (max-width: 2592px) 100vw, 2592px\" \/><\/figure>\n\n\n\n<p>Para amenizar la espera los asistentes pudieron disfrutar de la m\u00fasica de un Dj qui\u00e9n los recibi\u00f3 con unos beats muy movidos. <\/p>\n\n\n\n<figure class=\"wp-block-image\"><img loading=\"lazy\" decoding=\"async\" width=\"2592\" height=\"1728\" src=\"https:\/\/i2.wp.com\/lightsontv.com\/wp-content\/uploads\/2019\/03\/IMG_3170.jpg?fit=640%2C427&amp;ssl=1\" alt=\"\" class=\"wp-image-1905\" srcset=\"https:\/\/lightsontv.com\/wp-content\/uploads\/2019\/03\/IMG_3170.jpg 2592w, https:\/\/lightsontv.com\/wp-content\/uploads\/2019\/03\/IMG_3170-300x200.jpg 300w, https:\/\/lightsontv.com\/wp-content\/uploads\/2019\/03\/IMG_3170-768x512.jpg 768w, https:\/\/lightsontv.com\/wp-content\/uploads\/2019\/03\/IMG_3170-1024x683.jpg 1024w, https:\/\/lightsontv.com\/wp-content\/uploads\/2019\/03\/IMG_3170-675x450.jpg 675w\" sizes=\"auto, (max-width: 2592px) 100vw, 2592px\" \/><\/figure>\n\n\n\n<p>Lleg\u00f3 el momento m\u00e1s esperado, se abrieron las puertas y empezaron a accesar al festial. <\/p>\n\n\n\n<figure class=\"wp-block-image\"><img loading=\"lazy\" decoding=\"async\" width=\"2592\" height=\"1728\" src=\"https:\/\/i1.wp.com\/lightsontv.com\/wp-content\/uploads\/2019\/03\/IMG_3175.jpg?fit=640%2C427&amp;ssl=1\" alt=\"\" class=\"wp-image-1906\" srcset=\"https:\/\/lightsontv.com\/wp-content\/uploads\/2019\/03\/IMG_3175.jpg 2592w, https:\/\/lightsontv.com\/wp-content\/uploads\/2019\/03\/IMG_3175-300x200.jpg 300w, https:\/\/lightsontv.com\/wp-content\/uploads\/2019\/03\/IMG_3175-768x512.jpg 768w, https:\/\/lightsontv.com\/wp-content\/uploads\/2019\/03\/IMG_3175-1024x683.jpg 1024w, https:\/\/lightsontv.com\/wp-content\/uploads\/2019\/03\/IMG_3175-675x450.jpg 675w\" sizes=\"auto, (max-width: 2592px) 100vw, 2592px\" \/><\/figure>\n\n\n\n<p>Unos aprovecharon y se tomaron fotos en el mural princial.<\/p>\n\n\n\n<figure class=\"wp-block-image\"><img loading=\"lazy\" decoding=\"async\" width=\"2592\" height=\"1728\" src=\"https:\/\/i2.wp.com\/lightsontv.com\/wp-content\/uploads\/2019\/03\/IMG_3192.jpg?fit=640%2C427&amp;ssl=1\" alt=\"\" class=\"wp-image-1907\" srcset=\"https:\/\/lightsontv.com\/wp-content\/uploads\/2019\/03\/IMG_3192.jpg 2592w, https:\/\/lightsontv.com\/wp-content\/uploads\/2019\/03\/IMG_3192-300x200.jpg 300w, https:\/\/lightsontv.com\/wp-content\/uploads\/2019\/03\/IMG_3192-768x512.jpg 768w, https:\/\/lightsontv.com\/wp-content\/uploads\/2019\/03\/IMG_3192-1024x683.jpg 1024w, https:\/\/lightsontv.com\/wp-content\/uploads\/2019\/03\/IMG_3192-675x450.jpg 675w\" sizes=\"auto, (max-width: 2592px) 100vw, 2592px\" \/><\/figure>\n\n\n\n<p>Otros empezaron a buscar en el mapa en donde quedaban los escenarios que les interesaban. <\/p>\n\n\n\n<figure class=\"wp-block-image\"><img loading=\"lazy\" decoding=\"async\" width=\"2592\" height=\"1728\" src=\"https:\/\/i1.wp.com\/lightsontv.com\/wp-content\/uploads\/2019\/03\/IMG_3199.jpg?fit=640%2C427&amp;ssl=1\" alt=\"\" class=\"wp-image-1909\" srcset=\"https:\/\/lightsontv.com\/wp-content\/uploads\/2019\/03\/IMG_3199.jpg 2592w, https:\/\/lightsontv.com\/wp-content\/uploads\/2019\/03\/IMG_3199-300x200.jpg 300w, https:\/\/lightsontv.com\/wp-content\/uploads\/2019\/03\/IMG_3199-768x512.jpg 768w, https:\/\/lightsontv.com\/wp-content\/uploads\/2019\/03\/IMG_3199-1024x683.jpg 1024w, https:\/\/lightsontv.com\/wp-content\/uploads\/2019\/03\/IMG_3199-675x450.jpg 675w\" sizes=\"auto, (max-width: 2592px) 100vw, 2592px\" \/><\/figure>\n\n\n\n<p>Y por otra parte estan los que de plano empezaron a correr para alcanzar a sus artistas favoritos. <\/p>\n\n\n\n<figure class=\"wp-block-image\"><img loading=\"lazy\" decoding=\"async\" width=\"2592\" height=\"1728\" src=\"https:\/\/i0.wp.com\/lightsontv.com\/wp-content\/uploads\/2019\/03\/IMG_3189-1.jpg?fit=640%2C427&amp;ssl=1\" alt=\"\" class=\"wp-image-1911\" srcset=\"https:\/\/lightsontv.com\/wp-content\/uploads\/2019\/03\/IMG_3189-1.jpg 2592w, https:\/\/lightsontv.com\/wp-content\/uploads\/2019\/03\/IMG_3189-1-300x200.jpg 300w, https:\/\/lightsontv.com\/wp-content\/uploads\/2019\/03\/IMG_3189-1-768x512.jpg 768w, https:\/\/lightsontv.com\/wp-content\/uploads\/2019\/03\/IMG_3189-1-1024x683.jpg 1024w, https:\/\/lightsontv.com\/wp-content\/uploads\/2019\/03\/IMG_3189-1-675x450.jpg 675w\" sizes=\"auto, (max-width: 2592px) 100vw, 2592px\" \/><\/figure>\n\n\n\n<p><strong>Don Tetto<\/strong> fue el encargado de aperturar el escenario <strong>Fusi\u00f3n<\/strong>, tocando sus mas grandes \u00e9xitos como <strong>\u00abMi error\u00bb<\/strong> y <strong>\u00abNo digas lo siento\u00bb<\/strong>.<\/p>\n\n\n\n<figure class=\"wp-block-image\"><img loading=\"lazy\" decoding=\"async\" width=\"2592\" height=\"1728\" src=\"https:\/\/i0.wp.com\/lightsontv.com\/wp-content\/uploads\/2019\/03\/IMG_3241.jpg?fit=640%2C427&amp;ssl=1\" alt=\"\" class=\"wp-image-1912\" srcset=\"https:\/\/lightsontv.com\/wp-content\/uploads\/2019\/03\/IMG_3241.jpg 2592w, https:\/\/lightsontv.com\/wp-content\/uploads\/2019\/03\/IMG_3241-300x200.jpg 300w, https:\/\/lightsontv.com\/wp-content\/uploads\/2019\/03\/IMG_3241-768x512.jpg 768w, https:\/\/lightsontv.com\/wp-content\/uploads\/2019\/03\/IMG_3241-1024x683.jpg 1024w, https:\/\/lightsontv.com\/wp-content\/uploads\/2019\/03\/IMG_3241-675x450.jpg 675w\" sizes=\"auto, (max-width: 2592px) 100vw, 2592px\" \/><\/figure>\n\n\n\n<p>La banda colombiana se mostro muy agradecida con la respuesta del p\u00fablico, prometiendo regresar a monterrey. <\/p>\n\n\n\n<figure class=\"wp-block-image\"><img loading=\"lazy\" decoding=\"async\" width=\"2592\" height=\"1728\" src=\"https:\/\/i0.wp.com\/lightsontv.com\/wp-content\/uploads\/2019\/03\/IMG_3298-1.jpg?fit=640%2C427&amp;ssl=1\" alt=\"\" class=\"wp-image-1914\" srcset=\"https:\/\/lightsontv.com\/wp-content\/uploads\/2019\/03\/IMG_3298-1.jpg 2592w, https:\/\/lightsontv.com\/wp-content\/uploads\/2019\/03\/IMG_3298-1-300x200.jpg 300w, https:\/\/lightsontv.com\/wp-content\/uploads\/2019\/03\/IMG_3298-1-768x512.jpg 768w, https:\/\/lightsontv.com\/wp-content\/uploads\/2019\/03\/IMG_3298-1-1024x683.jpg 1024w, https:\/\/lightsontv.com\/wp-content\/uploads\/2019\/03\/IMG_3298-1-675x450.jpg 675w\" sizes=\"auto, (max-width: 2592px) 100vw, 2592px\" \/><\/figure>\n\n\n\n<p><strong>La Garfield<\/strong> sali\u00f3 para encender los motores del escenario <strong>Tecate Original <\/strong>en donde deleito a todos sus fan\u00e1ticos y asistentes. <\/p>\n\n\n\n<figure class=\"wp-block-image\"><img loading=\"lazy\" decoding=\"async\" width=\"2592\" height=\"1728\" src=\"https:\/\/i2.wp.com\/lightsontv.com\/wp-content\/uploads\/2019\/03\/IMG_3321.jpg?fit=640%2C427&amp;ssl=1\" alt=\"\" class=\"wp-image-1915\" srcset=\"https:\/\/lightsontv.com\/wp-content\/uploads\/2019\/03\/IMG_3321.jpg 2592w, https:\/\/lightsontv.com\/wp-content\/uploads\/2019\/03\/IMG_3321-300x200.jpg 300w, https:\/\/lightsontv.com\/wp-content\/uploads\/2019\/03\/IMG_3321-768x512.jpg 768w, https:\/\/lightsontv.com\/wp-content\/uploads\/2019\/03\/IMG_3321-1024x683.jpg 1024w, https:\/\/lightsontv.com\/wp-content\/uploads\/2019\/03\/IMG_3321-675x450.jpg 675w\" sizes=\"auto, (max-width: 2592px) 100vw, 2592px\" \/><\/figure>\n\n\n\n<p>Canciones como <strong>\u00abEntre Palmeras \u00ab<\/strong> y <strong>\u00abLuna de Plata\u00bb<\/strong> sonaron fuertemente en su presentaci\u00f3n. <\/p>\n\n\n\n<figure class=\"wp-block-image\"><img loading=\"lazy\" decoding=\"async\" width=\"2592\" height=\"1728\" src=\"https:\/\/i2.wp.com\/lightsontv.com\/wp-content\/uploads\/2019\/03\/IMG_3339.jpg?fit=640%2C427&amp;ssl=1\" alt=\"\" class=\"wp-image-1917\" srcset=\"https:\/\/lightsontv.com\/wp-content\/uploads\/2019\/03\/IMG_3339.jpg 2592w, https:\/\/lightsontv.com\/wp-content\/uploads\/2019\/03\/IMG_3339-300x200.jpg 300w, https:\/\/lightsontv.com\/wp-content\/uploads\/2019\/03\/IMG_3339-768x512.jpg 768w, https:\/\/lightsontv.com\/wp-content\/uploads\/2019\/03\/IMG_3339-1024x683.jpg 1024w, https:\/\/lightsontv.com\/wp-content\/uploads\/2019\/03\/IMG_3339-675x450.jpg 675w\" sizes=\"auto, (max-width: 2592px) 100vw, 2592px\" \/><\/figure>\n\n\n\n<p><strong>Centavrvs <\/strong>se present\u00f3 en el escenario <strong>Fusi\u00f3n <\/strong>causando furor entre el publico. Y es que la banda tiene m\u00fasica con influencias mexicanas fusionando estas notas con algo del g\u00e9nero ranchero sum\u00e1ndole un toque electr\u00f3nico. <\/p>\n\n\n\n<figure class=\"wp-block-image\"><img loading=\"lazy\" decoding=\"async\" width=\"2592\" height=\"1728\" src=\"https:\/\/i0.wp.com\/lightsontv.com\/wp-content\/uploads\/2019\/03\/IMG_3353.jpg?fit=640%2C427&amp;ssl=1\" alt=\"\" class=\"wp-image-1918\" srcset=\"https:\/\/lightsontv.com\/wp-content\/uploads\/2019\/03\/IMG_3353.jpg 2592w, https:\/\/lightsontv.com\/wp-content\/uploads\/2019\/03\/IMG_3353-300x200.jpg 300w, https:\/\/lightsontv.com\/wp-content\/uploads\/2019\/03\/IMG_3353-768x512.jpg 768w, https:\/\/lightsontv.com\/wp-content\/uploads\/2019\/03\/IMG_3353-1024x683.jpg 1024w, https:\/\/lightsontv.com\/wp-content\/uploads\/2019\/03\/IMG_3353-675x450.jpg 675w\" sizes=\"auto, (max-width: 2592px) 100vw, 2592px\" \/><\/figure>\n\n\n\n<p>Las horas pasaban y los asistentes no perd\u00edan la oportunidad de tomarse la fotograf\u00eda del recuerdo en las distintas esculturas y murales que se encontraban dentro del festival. <\/p>\n\n\n\n<figure class=\"wp-block-image\"><img loading=\"lazy\" decoding=\"async\" width=\"2592\" height=\"1728\" src=\"https:\/\/i0.wp.com\/lightsontv.com\/wp-content\/uploads\/2019\/03\/IMG_3355.jpg?fit=640%2C427&amp;ssl=1\" alt=\"\" class=\"wp-image-1919\" srcset=\"https:\/\/lightsontv.com\/wp-content\/uploads\/2019\/03\/IMG_3355.jpg 2592w, https:\/\/lightsontv.com\/wp-content\/uploads\/2019\/03\/IMG_3355-300x200.jpg 300w, https:\/\/lightsontv.com\/wp-content\/uploads\/2019\/03\/IMG_3355-768x512.jpg 768w, https:\/\/lightsontv.com\/wp-content\/uploads\/2019\/03\/IMG_3355-1024x683.jpg 1024w, https:\/\/lightsontv.com\/wp-content\/uploads\/2019\/03\/IMG_3355-675x450.jpg 675w\" sizes=\"auto, (max-width: 2592px) 100vw, 2592px\" \/><\/figure>\n\n\n\n<p>Dentro de las actividades que pudieron encontrar en el primer d\u00eda fueron la kermese, feria del postre y hasta una barber shop. <\/p>\n\n\n\n<figure class=\"wp-block-image\"><img loading=\"lazy\" decoding=\"async\" width=\"2592\" height=\"1728\" src=\"https:\/\/i2.wp.com\/lightsontv.com\/wp-content\/uploads\/2019\/03\/IMG_3366.jpg?fit=640%2C427&amp;ssl=1\" alt=\"\" class=\"wp-image-1921\" srcset=\"https:\/\/lightsontv.com\/wp-content\/uploads\/2019\/03\/IMG_3366.jpg 2592w, https:\/\/lightsontv.com\/wp-content\/uploads\/2019\/03\/IMG_3366-300x200.jpg 300w, https:\/\/lightsontv.com\/wp-content\/uploads\/2019\/03\/IMG_3366-768x512.jpg 768w, https:\/\/lightsontv.com\/wp-content\/uploads\/2019\/03\/IMG_3366-1024x683.jpg 1024w, https:\/\/lightsontv.com\/wp-content\/uploads\/2019\/03\/IMG_3366-675x450.jpg 675w\" sizes=\"auto, (max-width: 2592px) 100vw, 2592px\" \/><\/figure>\n\n\n\n<figure class=\"wp-block-image\"><img loading=\"lazy\" decoding=\"async\" width=\"2592\" height=\"1728\" src=\"https:\/\/i2.wp.com\/lightsontv.com\/wp-content\/uploads\/2019\/03\/IMG_3378.jpg?fit=640%2C427&amp;ssl=1\" alt=\"\" class=\"wp-image-1922\" srcset=\"https:\/\/lightsontv.com\/wp-content\/uploads\/2019\/03\/IMG_3378.jpg 2592w, https:\/\/lightsontv.com\/wp-content\/uploads\/2019\/03\/IMG_3378-300x200.jpg 300w, https:\/\/lightsontv.com\/wp-content\/uploads\/2019\/03\/IMG_3378-768x512.jpg 768w, https:\/\/lightsontv.com\/wp-content\/uploads\/2019\/03\/IMG_3378-1024x683.jpg 1024w, https:\/\/lightsontv.com\/wp-content\/uploads\/2019\/03\/IMG_3378-675x450.jpg 675w\" sizes=\"auto, (max-width: 2592px) 100vw, 2592px\" \/><\/figure>\n\n\n\n<figure class=\"wp-block-image\"><img loading=\"lazy\" decoding=\"async\" width=\"3264\" height=\"1836\" src=\"https:\/\/i0.wp.com\/lightsontv.com\/wp-content\/uploads\/2019\/03\/lllll.jpg?fit=640%2C360&amp;ssl=1\" alt=\"\" class=\"wp-image-1954\" srcset=\"https:\/\/lightsontv.com\/wp-content\/uploads\/2019\/03\/lllll.jpg 3264w, https:\/\/lightsontv.com\/wp-content\/uploads\/2019\/03\/lllll-300x169.jpg 300w, https:\/\/lightsontv.com\/wp-content\/uploads\/2019\/03\/lllll-768x432.jpg 768w, https:\/\/lightsontv.com\/wp-content\/uploads\/2019\/03\/lllll-1024x576.jpg 1024w\" sizes=\"auto, (max-width: 3264px) 100vw, 3264px\" \/><\/figure>\n\n\n\n<p>El ambiente empez\u00f3 a tomar calor con la banda <strong>Allison<\/strong> quienes interpretaron sus m\u00e1s grandes \u00e9xitos. <\/p>\n\n\n\n<figure class=\"wp-block-image\"><img loading=\"lazy\" decoding=\"async\" width=\"2592\" height=\"1728\" src=\"https:\/\/i1.wp.com\/lightsontv.com\/wp-content\/uploads\/2019\/03\/IMG_3481.jpg?fit=640%2C427&amp;ssl=1\" alt=\"\" class=\"wp-image-1923\" srcset=\"https:\/\/lightsontv.com\/wp-content\/uploads\/2019\/03\/IMG_3481.jpg 2592w, https:\/\/lightsontv.com\/wp-content\/uploads\/2019\/03\/IMG_3481-300x200.jpg 300w, https:\/\/lightsontv.com\/wp-content\/uploads\/2019\/03\/IMG_3481-768x512.jpg 768w, https:\/\/lightsontv.com\/wp-content\/uploads\/2019\/03\/IMG_3481-1024x683.jpg 1024w, https:\/\/lightsontv.com\/wp-content\/uploads\/2019\/03\/IMG_3481-675x450.jpg 675w\" sizes=\"auto, (max-width: 2592px) 100vw, 2592px\" \/><\/figure>\n\n\n\n<p>El rapero<strong> Alem\u00e1n<\/strong> se present\u00f3 en el escenario <strong>Tecate Light<\/strong> y su canci\u00f3n <strong>\u00abRuc\u00f3n\u00bb<\/strong> .<\/p>\n\n\n\n<figure class=\"wp-block-image\"><img loading=\"lazy\" decoding=\"async\" width=\"2592\" height=\"1728\" src=\"https:\/\/i0.wp.com\/lightsontv.com\/wp-content\/uploads\/2019\/03\/IMG_3523.jpg?fit=640%2C427&amp;ssl=1\" alt=\"\" class=\"wp-image-1924\" srcset=\"https:\/\/lightsontv.com\/wp-content\/uploads\/2019\/03\/IMG_3523.jpg 2592w, https:\/\/lightsontv.com\/wp-content\/uploads\/2019\/03\/IMG_3523-300x200.jpg 300w, https:\/\/lightsontv.com\/wp-content\/uploads\/2019\/03\/IMG_3523-768x512.jpg 768w, https:\/\/lightsontv.com\/wp-content\/uploads\/2019\/03\/IMG_3523-1024x683.jpg 1024w, https:\/\/lightsontv.com\/wp-content\/uploads\/2019\/03\/IMG_3523-675x450.jpg 675w\" sizes=\"auto, (max-width: 2592px) 100vw, 2592px\" \/><\/figure>\n\n\n\n<p><strong>The Wookies<\/strong> lleg\u00f3 con su estilo dance \u00fanico impresionando a los asistentes quienes empezaban a llegar al escenario <strong>Fusi\u00f3n<\/strong>. Y es que su estilo y beats eran muy notorios, tanto as\u00ed que la gente no pudo dejar de bailar. <\/p>\n\n\n\n<figure class=\"wp-block-image\"><img loading=\"lazy\" decoding=\"async\" width=\"2592\" height=\"1728\" src=\"https:\/\/i1.wp.com\/lightsontv.com\/wp-content\/uploads\/2019\/03\/IMG_3561.jpg?fit=640%2C427&amp;ssl=1\" alt=\"\" class=\"wp-image-1934\" srcset=\"https:\/\/lightsontv.com\/wp-content\/uploads\/2019\/03\/IMG_3561.jpg 2592w, https:\/\/lightsontv.com\/wp-content\/uploads\/2019\/03\/IMG_3561-300x200.jpg 300w, https:\/\/lightsontv.com\/wp-content\/uploads\/2019\/03\/IMG_3561-768x512.jpg 768w, https:\/\/lightsontv.com\/wp-content\/uploads\/2019\/03\/IMG_3561-1024x683.jpg 1024w, https:\/\/lightsontv.com\/wp-content\/uploads\/2019\/03\/IMG_3561-675x450.jpg 675w\" sizes=\"auto, (max-width: 2592px) 100vw, 2592px\" \/><\/figure>\n\n\n\n<p><strong>Ximena Sari\u00f1ana<\/strong> se present\u00f3 en el escenario <strong>Tecate Original<\/strong> y su canci\u00f3n <strong>\u00abSin ti no puede estar tan mal\u00bb<\/strong> fue la m\u00e1s coreada. <\/p>\n\n\n\n<figure class=\"wp-block-image\"><img loading=\"lazy\" decoding=\"async\" width=\"2592\" height=\"1728\" src=\"https:\/\/i2.wp.com\/lightsontv.com\/wp-content\/uploads\/2019\/03\/IMG_3641.jpg?fit=640%2C427&amp;ssl=1\" alt=\"\" class=\"wp-image-1927\" srcset=\"https:\/\/lightsontv.com\/wp-content\/uploads\/2019\/03\/IMG_3641.jpg 2592w, https:\/\/lightsontv.com\/wp-content\/uploads\/2019\/03\/IMG_3641-300x200.jpg 300w, https:\/\/lightsontv.com\/wp-content\/uploads\/2019\/03\/IMG_3641-768x512.jpg 768w, https:\/\/lightsontv.com\/wp-content\/uploads\/2019\/03\/IMG_3641-1024x683.jpg 1024w, https:\/\/lightsontv.com\/wp-content\/uploads\/2019\/03\/IMG_3641-675x450.jpg 675w\" sizes=\"auto, (max-width: 2592px) 100vw, 2592px\" \/><\/figure>\n\n\n\n<figure class=\"wp-block-image\"><img loading=\"lazy\" decoding=\"async\" width=\"2592\" height=\"1728\" src=\"https:\/\/i1.wp.com\/lightsontv.com\/wp-content\/uploads\/2019\/03\/IMG_3651-1.jpg?fit=640%2C427&amp;ssl=1\" alt=\"\" class=\"wp-image-1937\" srcset=\"https:\/\/lightsontv.com\/wp-content\/uploads\/2019\/03\/IMG_3651-1.jpg 2592w, https:\/\/lightsontv.com\/wp-content\/uploads\/2019\/03\/IMG_3651-1-300x200.jpg 300w, https:\/\/lightsontv.com\/wp-content\/uploads\/2019\/03\/IMG_3651-1-768x512.jpg 768w, https:\/\/lightsontv.com\/wp-content\/uploads\/2019\/03\/IMG_3651-1-1024x683.jpg 1024w, https:\/\/lightsontv.com\/wp-content\/uploads\/2019\/03\/IMG_3651-1-675x450.jpg 675w\" sizes=\"auto, (max-width: 2592px) 100vw, 2592px\" \/><\/figure>\n\n\n\n<p>El evento estaba su apogeo y<strong> Little Jesus<\/strong> se encarg\u00f3 de sacar los \u00abrugidos\u00bb de los asistentes quienes no paraban de cantar canciones como <strong>\u00abMagia\u00bb<\/strong>, <strong>\u00abTQM\u00bb<\/strong>  Y <strong> \u00abLos A\u00f1os Maravillosos\u00bb<\/strong>. La banda se present\u00f3 en el escenario <strong>Tecate Light<\/strong>, en donde horas despu\u00e9s se presentar\u00eda <strong>Artic Monkeys<\/strong>. <\/p>\n\n\n\n<figure class=\"wp-block-image\"><img loading=\"lazy\" decoding=\"async\" width=\"6228\" height=\"4152\" src=\"https:\/\/i0.wp.com\/lightsontv.com\/wp-content\/uploads\/2019\/03\/LITTLE-JESUS.jpg?fit=640%2C427&amp;ssl=1\" alt=\"\" class=\"wp-image-1938\" srcset=\"https:\/\/lightsontv.com\/wp-content\/uploads\/2019\/03\/LITTLE-JESUS.jpg 6228w, https:\/\/lightsontv.com\/wp-content\/uploads\/2019\/03\/LITTLE-JESUS-300x200.jpg 300w, https:\/\/lightsontv.com\/wp-content\/uploads\/2019\/03\/LITTLE-JESUS-768x512.jpg 768w, https:\/\/lightsontv.com\/wp-content\/uploads\/2019\/03\/LITTLE-JESUS-1024x683.jpg 1024w, https:\/\/lightsontv.com\/wp-content\/uploads\/2019\/03\/LITTLE-JESUS-675x450.jpg 675w\" sizes=\"auto, (max-width: 6228px) 100vw, 6228px\" \/><\/figure>\n\n\n\n<p><strong>Tit\u00e1n <\/strong>impresion\u00f3 demasiado, la banda integrada por <strong>Emilio Acevedo<\/strong>, <strong>Juli\u00e1n Lede<\/strong> y <strong>Jay de la Cueva<\/strong> se present\u00f3 en el escenario <strong>Tecate Fusi\u00f3n<\/strong>. <\/p>\n\n\n\n<figure class=\"wp-block-image\"><img loading=\"lazy\" decoding=\"async\" width=\"2592\" height=\"1728\" src=\"https:\/\/i0.wp.com\/lightsontv.com\/wp-content\/uploads\/2019\/03\/IMG_3698.jpg?fit=640%2C427&amp;ssl=1\" alt=\"\" class=\"wp-image-1939\" srcset=\"https:\/\/lightsontv.com\/wp-content\/uploads\/2019\/03\/IMG_3698.jpg 2592w, https:\/\/lightsontv.com\/wp-content\/uploads\/2019\/03\/IMG_3698-300x200.jpg 300w, https:\/\/lightsontv.com\/wp-content\/uploads\/2019\/03\/IMG_3698-768x512.jpg 768w, https:\/\/lightsontv.com\/wp-content\/uploads\/2019\/03\/IMG_3698-1024x683.jpg 1024w, https:\/\/lightsontv.com\/wp-content\/uploads\/2019\/03\/IMG_3698-675x450.jpg 675w\" sizes=\"auto, (max-width: 2592px) 100vw, 2592px\" \/><\/figure>\n\n\n\n<p><strong>Dread Mar I <\/strong>lleg\u00f3 desde Argentina para hacer sonar su m\u00fasica del gener\u00f3 <strong>reggae <\/strong>en el escenario <strong>Tecate Light<\/strong> . Y es que <strong>\u00abSeno del amor\u00bb<\/strong>, <strong>\u00abVuela Vuela\u00bb<\/strong>, <strong>\u00abLaberinto\u00bb<\/strong> y<strong> \u00abCamin\u00e1ras conmigo\u00bb&nbsp;<\/strong> fueron las canciones que m\u00e1s emocionaron al p\u00fablico que no dejaba de bailar y cantar. <\/p>\n\n\n\n<figure class=\"wp-block-image\"><img loading=\"lazy\" decoding=\"async\" width=\"6720\" height=\"4480\" src=\"https:\/\/i2.wp.com\/lightsontv.com\/wp-content\/uploads\/2019\/03\/dread-mar.jpg?fit=640%2C427&amp;ssl=1\" alt=\"\" class=\"wp-image-1942\" srcset=\"https:\/\/lightsontv.com\/wp-content\/uploads\/2019\/03\/dread-mar.jpg 6720w, https:\/\/lightsontv.com\/wp-content\/uploads\/2019\/03\/dread-mar-300x200.jpg 300w, https:\/\/lightsontv.com\/wp-content\/uploads\/2019\/03\/dread-mar-768x512.jpg 768w, https:\/\/lightsontv.com\/wp-content\/uploads\/2019\/03\/dread-mar-1024x683.jpg 1024w, https:\/\/lightsontv.com\/wp-content\/uploads\/2019\/03\/dread-mar-675x450.jpg 675w\" sizes=\"auto, (max-width: 6720px) 100vw, 6720px\" \/><\/figure>\n\n\n\n<p>Eran las 18:55 hrs y <strong>Snow Patrol <\/strong>sali\u00f3 a reventar el escenario <strong>Tecate Original<\/strong>. Y es que la banda originaria de Irlanda del Norte y Escocia conquisto los corazones de todos los asistentes.<\/p>\n\n\n\n<figure class=\"wp-block-image\"><img loading=\"lazy\" decoding=\"async\" width=\"2592\" height=\"1456\" src=\"https:\/\/i1.wp.com\/lightsontv.com\/wp-content\/uploads\/2019\/03\/IMG_3847.jpg?fit=640%2C359&amp;ssl=1\" alt=\"\" class=\"wp-image-1940\" srcset=\"https:\/\/lightsontv.com\/wp-content\/uploads\/2019\/03\/IMG_3847.jpg 2592w, https:\/\/lightsontv.com\/wp-content\/uploads\/2019\/03\/IMG_3847-300x169.jpg 300w, https:\/\/lightsontv.com\/wp-content\/uploads\/2019\/03\/IMG_3847-768x431.jpg 768w, https:\/\/lightsontv.com\/wp-content\/uploads\/2019\/03\/IMG_3847-1024x575.jpg 1024w\" sizes=\"auto, (max-width: 2592px) 100vw, 2592px\" \/><\/figure>\n\n\n\n<p>Canciones como <strong>\u00abTake Back the City\u00bb<\/strong>, <strong>\u00abHeal Me\u00bb <\/strong> y  <strong>\u00abChasing Cars\u00bb <\/strong>se robaron el coraz\u00f3n de los asistentes quienes ansiaban su visita a tierras regias. <\/p>\n\n\n\n<figure class=\"wp-block-image\"><img loading=\"lazy\" decoding=\"async\" width=\"2592\" height=\"1456\" src=\"https:\/\/i2.wp.com\/lightsontv.com\/wp-content\/uploads\/2019\/03\/IMG_3839.jpg?fit=640%2C359&amp;ssl=1\" alt=\"\" class=\"wp-image-1941\" srcset=\"https:\/\/lightsontv.com\/wp-content\/uploads\/2019\/03\/IMG_3839.jpg 2592w, https:\/\/lightsontv.com\/wp-content\/uploads\/2019\/03\/IMG_3839-300x169.jpg 300w, https:\/\/lightsontv.com\/wp-content\/uploads\/2019\/03\/IMG_3839-768x431.jpg 768w, https:\/\/lightsontv.com\/wp-content\/uploads\/2019\/03\/IMG_3839-1024x575.jpg 1024w\" sizes=\"auto, (max-width: 2592px) 100vw, 2592px\" \/><\/figure>\n\n\n\n<p>La alarma empez\u00f3 a sonar y todos los asistentes corrieron al <strong>escenario Sorpresa <\/strong>para ver al primer artista que sorprender\u00eda al p\u00fablico. Todos estaban emocionados, en el momento menos esperado<strong> Manuel Turizo<\/strong> sali\u00f3 robando suspiros y gritos de los asistentes. <\/p>\n\n\n\n<figure class=\"wp-block-image\"><img loading=\"lazy\" decoding=\"async\" width=\"2592\" height=\"1728\" src=\"https:\/\/i0.wp.com\/lightsontv.com\/wp-content\/uploads\/2019\/03\/IMG_3937.jpg?fit=640%2C427&amp;ssl=1\" alt=\"\" class=\"wp-image-1945\" srcset=\"https:\/\/lightsontv.com\/wp-content\/uploads\/2019\/03\/IMG_3937.jpg 2592w, https:\/\/lightsontv.com\/wp-content\/uploads\/2019\/03\/IMG_3937-300x200.jpg 300w, https:\/\/lightsontv.com\/wp-content\/uploads\/2019\/03\/IMG_3937-768x512.jpg 768w, https:\/\/lightsontv.com\/wp-content\/uploads\/2019\/03\/IMG_3937-1024x683.jpg 1024w, https:\/\/lightsontv.com\/wp-content\/uploads\/2019\/03\/IMG_3937-675x450.jpg 675w\" sizes=\"auto, (max-width: 2592px) 100vw, 2592px\" \/><\/figure>\n\n\n\n<p>Canciones como <strong>\u00abUna Lady Como Tu\u00bb<\/strong>, <strong>\u00abD\u00e9jala Que Vuelva\u00bb<\/strong>, <strong>\u00abEsclavo de tus Besos\u00bb<\/strong> y <strong>\u00abUna Vaina Loca\u00bb<\/strong> fueron las que tocaron <strong>Manuel<\/strong> y <strong>Juli\u00e1n Turizo<\/strong>. <\/p>\n\n\n\n<figure class=\"wp-block-image\"><img loading=\"lazy\" decoding=\"async\" width=\"2592\" height=\"1728\" src=\"https:\/\/i2.wp.com\/lightsontv.com\/wp-content\/uploads\/2019\/03\/IMG_3876-1.jpg?fit=640%2C427&amp;ssl=1\" alt=\"\" class=\"wp-image-1947\" srcset=\"https:\/\/lightsontv.com\/wp-content\/uploads\/2019\/03\/IMG_3876-1.jpg 2592w, https:\/\/lightsontv.com\/wp-content\/uploads\/2019\/03\/IMG_3876-1-300x200.jpg 300w, https:\/\/lightsontv.com\/wp-content\/uploads\/2019\/03\/IMG_3876-1-768x512.jpg 768w, https:\/\/lightsontv.com\/wp-content\/uploads\/2019\/03\/IMG_3876-1-1024x683.jpg 1024w, https:\/\/lightsontv.com\/wp-content\/uploads\/2019\/03\/IMG_3876-1-675x450.jpg 675w\" sizes=\"auto, (max-width: 2592px) 100vw, 2592px\" \/><\/figure>\n\n\n\n<p>Llego el momento que muchos estaban esperando,<strong> Nicky Jam<\/strong> salio para romper el escenario <strong>Tecate Light<\/strong> y es que los asistentes despu\u00e9s de escuchar al artista sorpresa empezaron a acercarse hasta el <strong>stage<\/strong> que desprend\u00eda fuegos artificiales d\u00e1ndole la bienvenida al reguetonero y a los actos principales. <\/p>\n\n\n\n<figure class=\"wp-block-image\"><img loading=\"lazy\" decoding=\"async\" width=\"5303\" height=\"3535\" src=\"https:\/\/i0.wp.com\/lightsontv.com\/wp-content\/uploads\/2019\/03\/Copia-de-nicky-3.jpg?fit=640%2C427&amp;ssl=1\" alt=\"\" class=\"wp-image-1943\" srcset=\"https:\/\/lightsontv.com\/wp-content\/uploads\/2019\/03\/Copia-de-nicky-3.jpg 5303w, https:\/\/lightsontv.com\/wp-content\/uploads\/2019\/03\/Copia-de-nicky-3-300x200.jpg 300w, https:\/\/lightsontv.com\/wp-content\/uploads\/2019\/03\/Copia-de-nicky-3-768x512.jpg 768w, https:\/\/lightsontv.com\/wp-content\/uploads\/2019\/03\/Copia-de-nicky-3-1024x683.jpg 1024w, https:\/\/lightsontv.com\/wp-content\/uploads\/2019\/03\/Copia-de-nicky-3-675x450.jpg 675w\" sizes=\"auto, (max-width: 5303px) 100vw, 5303px\" \/><\/figure>\n\n\n\n<p> <strong>\u00abSi t\u00fa la vez\u00bb<\/strong>, <strong>\u00abBella y sensual\u00bb<\/strong>, <strong>\u00abC\u00e1sate conmigo\u00bb<\/strong> y <strong>\u00abTe bote\u00bb<\/strong> fueron la combinaci\u00f3n perfecta para que los asistentes se pusieran a bailar. <\/p>\n\n\n\n<figure class=\"wp-block-image\"><img loading=\"lazy\" decoding=\"async\" width=\"5869\" height=\"3913\" src=\"https:\/\/i1.wp.com\/lightsontv.com\/wp-content\/uploads\/2019\/03\/Copia-de-nicky.jpg?fit=640%2C427&amp;ssl=1\" alt=\"\" class=\"wp-image-1944\" srcset=\"https:\/\/lightsontv.com\/wp-content\/uploads\/2019\/03\/Copia-de-nicky.jpg 5869w, https:\/\/lightsontv.com\/wp-content\/uploads\/2019\/03\/Copia-de-nicky-300x200.jpg 300w, https:\/\/lightsontv.com\/wp-content\/uploads\/2019\/03\/Copia-de-nicky-768x512.jpg 768w, https:\/\/lightsontv.com\/wp-content\/uploads\/2019\/03\/Copia-de-nicky-1024x683.jpg 1024w, https:\/\/lightsontv.com\/wp-content\/uploads\/2019\/03\/Copia-de-nicky-675x450.jpg 675w\" sizes=\"auto, (max-width: 5869px) 100vw, 5869px\" \/><\/figure>\n\n\n\n<p><strong>Mr. Pig<\/strong> puso a bailar a todo el <strong>Club Social <\/strong>del festival con su ritmo techno y el mambo. El Dj se mostr\u00f3 muy contento de estar en el estar en el festival y desprendi\u00f3 mucha energ\u00eda en su set musical. <\/p>\n\n\n\n<figure class=\"wp-block-image\"><img loading=\"lazy\" decoding=\"async\" width=\"1920\" height=\"1280\" src=\"https:\/\/i2.wp.com\/lightsontv.com\/wp-content\/uploads\/2019\/03\/IMG_7990.jpg?fit=640%2C427&amp;ssl=1\" alt=\"\" class=\"wp-image-1949\" srcset=\"https:\/\/lightsontv.com\/wp-content\/uploads\/2019\/03\/IMG_7990.jpg 1920w, https:\/\/lightsontv.com\/wp-content\/uploads\/2019\/03\/IMG_7990-300x200.jpg 300w, https:\/\/lightsontv.com\/wp-content\/uploads\/2019\/03\/IMG_7990-768x512.jpg 768w, https:\/\/lightsontv.com\/wp-content\/uploads\/2019\/03\/IMG_7990-1024x683.jpg 1024w, https:\/\/lightsontv.com\/wp-content\/uploads\/2019\/03\/IMG_7990-675x450.jpg 675w\" sizes=\"auto, (max-width: 1920px) 100vw, 1920px\" \/><\/figure>\n\n\n\n<p>En punto de las 21:35 hrs volvi\u00f3 a sonar la alarma del <strong>escenario sorpresa<\/strong> anunciando al acto que saldr\u00eda para deleitar a los asistentes. Y fue el turno de <strong>Cristian Castro<\/strong> de sorprender al p\u00fablico con sus m\u00e1s grandes \u00e9xitos como <strong>\u00abAzul\u00bb<\/strong>,<strong> \u00abNo Podr\u00e1s\u00bb <\/strong>y <strong>\u00abEs Mejor As\u00ed\u00bb<\/strong>.<\/p>\n\n\n\n<figure class=\"wp-block-image\"><img loading=\"lazy\" decoding=\"async\" width=\"1920\" height=\"1280\" src=\"https:\/\/i2.wp.com\/lightsontv.com\/wp-content\/uploads\/2019\/03\/IMG_8003.jpg?fit=640%2C427&amp;ssl=1\" alt=\"\" class=\"wp-image-1964\" srcset=\"https:\/\/lightsontv.com\/wp-content\/uploads\/2019\/03\/IMG_8003.jpg 1920w, https:\/\/lightsontv.com\/wp-content\/uploads\/2019\/03\/IMG_8003-300x200.jpg 300w, https:\/\/lightsontv.com\/wp-content\/uploads\/2019\/03\/IMG_8003-768x512.jpg 768w, https:\/\/lightsontv.com\/wp-content\/uploads\/2019\/03\/IMG_8003-1024x683.jpg 1024w, https:\/\/lightsontv.com\/wp-content\/uploads\/2019\/03\/IMG_8003-675x450.jpg 675w\" sizes=\"auto, (max-width: 1920px) 100vw, 1920px\" \/><\/figure>\n\n\n\n<p>El cantante reafirmo que todos podemos cantar tres o m\u00e1s canciones que han sido sus mejores \u00e9xitos. <br><\/p>\n\n\n\n<figure class=\"wp-block-image\"><img loading=\"lazy\" decoding=\"async\" width=\"1920\" height=\"1280\" src=\"https:\/\/i1.wp.com\/lightsontv.com\/wp-content\/uploads\/2019\/03\/IMG_8015.jpg?fit=640%2C427&amp;ssl=1\" alt=\"\" class=\"wp-image-1965\" srcset=\"https:\/\/lightsontv.com\/wp-content\/uploads\/2019\/03\/IMG_8015.jpg 1920w, https:\/\/lightsontv.com\/wp-content\/uploads\/2019\/03\/IMG_8015-300x200.jpg 300w, https:\/\/lightsontv.com\/wp-content\/uploads\/2019\/03\/IMG_8015-768x512.jpg 768w, https:\/\/lightsontv.com\/wp-content\/uploads\/2019\/03\/IMG_8015-1024x683.jpg 1024w, https:\/\/lightsontv.com\/wp-content\/uploads\/2019\/03\/IMG_8015-675x450.jpg 675w\" sizes=\"auto, (max-width: 1920px) 100vw, 1920px\" \/><\/figure>\n\n\n\n<p>La noche empezaba a caer y con ello llegaba la presentaci\u00f3n de <strong>The 1975<\/strong> quienes dieron la bienvenida al p\u00fablico diciendo <strong>\u00abGood evening Monterrey it&#8217;s The 1975 from Manchester City\u00bb <\/strong>(Buenas noches monterrey es The 1975 de la ciudad de Manchester). <\/p>\n\n\n\n<figure class=\"wp-block-image\"><img loading=\"lazy\" decoding=\"async\" width=\"2592\" height=\"1456\" src=\"https:\/\/i2.wp.com\/lightsontv.com\/wp-content\/uploads\/2019\/03\/IMG_3992.jpg?fit=640%2C359&amp;ssl=1\" alt=\"\" class=\"wp-image-1950\" srcset=\"https:\/\/lightsontv.com\/wp-content\/uploads\/2019\/03\/IMG_3992.jpg 2592w, https:\/\/lightsontv.com\/wp-content\/uploads\/2019\/03\/IMG_3992-300x169.jpg 300w, https:\/\/lightsontv.com\/wp-content\/uploads\/2019\/03\/IMG_3992-768x431.jpg 768w, https:\/\/lightsontv.com\/wp-content\/uploads\/2019\/03\/IMG_3992-1024x575.jpg 1024w\" sizes=\"auto, (max-width: 2592px) 100vw, 2592px\" \/><\/figure>\n\n\n\n<figure class=\"wp-block-image\"><img loading=\"lazy\" decoding=\"async\" width=\"2592\" height=\"1456\" src=\"https:\/\/i2.wp.com\/lightsontv.com\/wp-content\/uploads\/2019\/03\/IMG_3994.jpg?fit=640%2C359&amp;ssl=1\" alt=\"\" class=\"wp-image-1951\" srcset=\"https:\/\/lightsontv.com\/wp-content\/uploads\/2019\/03\/IMG_3994.jpg 2592w, https:\/\/lightsontv.com\/wp-content\/uploads\/2019\/03\/IMG_3994-300x169.jpg 300w, https:\/\/lightsontv.com\/wp-content\/uploads\/2019\/03\/IMG_3994-768x431.jpg 768w, https:\/\/lightsontv.com\/wp-content\/uploads\/2019\/03\/IMG_3994-1024x575.jpg 1024w\" sizes=\"auto, (max-width: 2592px) 100vw, 2592px\" \/><\/figure>\n\n\n\n<p>El publico que se encontraba en el escenario <strong>Tecate Original <\/strong>enloqueci\u00f3 y empez\u00f3 a cantar, bailar y a disfrutar de las canciones de la banda, tales como <strong>\u00abSomebody Else\u00bb<\/strong>, <strong>\u00abChocolate\u00bb<\/strong> y <strong>\u00abThe Sound\u00bb<\/strong> fueron las mas coreadas. <\/p>\n\n\n\n<figure class=\"wp-block-image\"><img loading=\"lazy\" decoding=\"async\" width=\"2592\" height=\"1456\" src=\"https:\/\/i1.wp.com\/lightsontv.com\/wp-content\/uploads\/2019\/03\/IMG_4001.jpg?fit=640%2C359&amp;ssl=1\" alt=\"\" class=\"wp-image-1952\" srcset=\"https:\/\/lightsontv.com\/wp-content\/uploads\/2019\/03\/IMG_4001.jpg 2592w, https:\/\/lightsontv.com\/wp-content\/uploads\/2019\/03\/IMG_4001-300x169.jpg 300w, https:\/\/lightsontv.com\/wp-content\/uploads\/2019\/03\/IMG_4001-768x431.jpg 768w, https:\/\/lightsontv.com\/wp-content\/uploads\/2019\/03\/IMG_4001-1024x575.jpg 1024w\" sizes=\"auto, (max-width: 2592px) 100vw, 2592px\" \/><\/figure>\n\n\n\n<p>Lleg\u00f3 el momento m\u00e1s esperado por todo el p\u00fablico, <strong>Artic Monkeys <\/strong>sali\u00f3 al escenario <strong>Tecate Light <\/strong>impresionando a los asistentes, quienes desde temprana hora ansiaban ver a la banda brit\u00e1nica conformada <strong>Alex Turner<\/strong>, <strong>Jamie Cook<\/strong>, <strong>Matt Helders<\/strong> y <strong>Nick O&#8217;Malley<\/strong>.<\/p>\n\n\n\n<figure class=\"wp-block-image\"><img loading=\"lazy\" decoding=\"async\" width=\"4000\" height=\"2667\" src=\"https:\/\/i2.wp.com\/lightsontv.com\/wp-content\/uploads\/2019\/03\/artic-1.jpg?fit=640%2C427&amp;ssl=1\" alt=\"\" class=\"wp-image-1960\" srcset=\"https:\/\/lightsontv.com\/wp-content\/uploads\/2019\/03\/artic-1.jpg 4000w, https:\/\/lightsontv.com\/wp-content\/uploads\/2019\/03\/artic-1-300x200.jpg 300w, https:\/\/lightsontv.com\/wp-content\/uploads\/2019\/03\/artic-1-768x512.jpg 768w, https:\/\/lightsontv.com\/wp-content\/uploads\/2019\/03\/artic-1-1024x683.jpg 1024w, https:\/\/lightsontv.com\/wp-content\/uploads\/2019\/03\/artic-1-675x450.jpg 675w\" sizes=\"auto, (max-width: 4000px) 100vw, 4000px\" \/><\/figure>\n\n\n\n<p>Su set musical lo iniciaron con <strong>\u00abDo I Wanna Know?\u00bb<\/strong> canci\u00f3n que muchos esperar\u00edan fuera parte del cierre de su presentaci\u00f3n. <\/p>\n\n\n\n<figure class=\"wp-block-image\"><img loading=\"lazy\" decoding=\"async\" width=\"4000\" height=\"2667\" src=\"https:\/\/i1.wp.com\/lightsontv.com\/wp-content\/uploads\/2019\/03\/artic-2.jpg?fit=640%2C427&amp;ssl=1\" alt=\"\" class=\"wp-image-1959\" srcset=\"https:\/\/lightsontv.com\/wp-content\/uploads\/2019\/03\/artic-2.jpg 4000w, https:\/\/lightsontv.com\/wp-content\/uploads\/2019\/03\/artic-2-300x200.jpg 300w, https:\/\/lightsontv.com\/wp-content\/uploads\/2019\/03\/artic-2-768x512.jpg 768w, https:\/\/lightsontv.com\/wp-content\/uploads\/2019\/03\/artic-2-1024x683.jpg 1024w, https:\/\/lightsontv.com\/wp-content\/uploads\/2019\/03\/artic-2-675x450.jpg 675w\" sizes=\"auto, (max-width: 4000px) 100vw, 4000px\" \/><\/figure>\n\n\n\n<p><strong>\u00abR U Mine?\u00bb<\/strong>, <strong>\u00abAM\u00bb<\/strong>, <strong>\u00abFluorescent Adolescent\u00bb<\/strong>,<strong> \u00abFour Out Of five\u00bb<\/strong>, <strong>\u00abSnap Out Of Ir\u00bb<\/strong>, <strong>\u00abWhy&#8217;d You One Only Call Me When You&#8217;re High\u00bb<\/strong> y <strong>\u00abArabella\u00bb<\/strong> fueron parte de las canciones que la banda toc\u00f3 en el escenario. <\/p>\n\n\n\n<figure class=\"wp-block-image\"><img loading=\"lazy\" decoding=\"async\" width=\"4000\" height=\"2667\" src=\"https:\/\/i2.wp.com\/lightsontv.com\/wp-content\/uploads\/2019\/03\/artic-3.jpg?fit=640%2C427&amp;ssl=1\" alt=\"\" class=\"wp-image-1961\" srcset=\"https:\/\/lightsontv.com\/wp-content\/uploads\/2019\/03\/artic-3.jpg 4000w, https:\/\/lightsontv.com\/wp-content\/uploads\/2019\/03\/artic-3-300x200.jpg 300w, https:\/\/lightsontv.com\/wp-content\/uploads\/2019\/03\/artic-3-768x512.jpg 768w, https:\/\/lightsontv.com\/wp-content\/uploads\/2019\/03\/artic-3-1024x683.jpg 1024w, https:\/\/lightsontv.com\/wp-content\/uploads\/2019\/03\/artic-3-675x450.jpg 675w\" sizes=\"auto, (max-width: 4000px) 100vw, 4000px\" \/><\/figure>\n\n\n\n<p>Y as\u00ed fue como termin\u00f3 el primer d\u00eda de <strong>Tecate Pal Norte 2019<\/strong>, ser\u00e1 hasta ma\u00f1ana que veremos m\u00e1s actos nacionales e internacionales, descubriremos m\u00e1s a fondo los escenarios <strong>ac\u00fastico<\/strong> y <strong>villa maravilla<\/strong>. Adem\u00e1s de estaremos a la expectativa de las sorpresas que el festival regio nos tiene. <\/p>\n\n\n\n<figure class=\"wp-block-image\"><img loading=\"lazy\" decoding=\"async\" width=\"1920\" height=\"1280\" src=\"https:\/\/i2.wp.com\/lightsontv.com\/wp-content\/uploads\/2019\/03\/IMG_8240.jpg?fit=640%2C427&amp;ssl=1\" alt=\"\" class=\"wp-image-1963\" srcset=\"https:\/\/lightsontv.com\/wp-content\/uploads\/2019\/03\/IMG_8240.jpg 1920w, https:\/\/lightsontv.com\/wp-content\/uploads\/2019\/03\/IMG_8240-300x200.jpg 300w, https:\/\/lightsontv.com\/wp-content\/uploads\/2019\/03\/IMG_8240-768x512.jpg 768w, https:\/\/lightsontv.com\/wp-content\/uploads\/2019\/03\/IMG_8240-1024x683.jpg 1024w, https:\/\/lightsontv.com\/wp-content\/uploads\/2019\/03\/IMG_8240-675x450.jpg 675w\" sizes=\"auto, (max-width: 1920px) 100vw, 1920px\" \/><\/figure>\n\n\n\n<p style=\"text-align:center\"><strong>\u00a1See you tomorrow! <\/strong><\/p>\n","protected":false},"excerpt":{"rendered":"<p>Lleg\u00f3 el 22 de Marzo del 2019 y los asistentes desde muy temprana hora empezaron&#8230;<\/p>\n","protected":false},"author":8,"featured_media":1903,"comment_status":"open","ping_status":"open","sticky":false,"template":"","format":"aside","meta":{"footnotes":""},"categories":[92,93,53,1],"tags":[152,151],"class_list":["post-1902","post","type-post","status-publish","format-aside","has-post-thumbnail","hentry","category-festivals","category-music","category-musica","category-musica-3","tag-pal-norte","tag-tecate-pal-norte","post_format-post-format-aside"],"_links":{"self":[{"href":"https:\/\/lightsontv.com\/index.php?rest_route=\/wp\/v2\/posts\/1902","targetHints":{"allow":["GET"]}}],"collection":[{"href":"https:\/\/lightsontv.com\/index.php?rest_route=\/wp\/v2\/posts"}],"about":[{"href":"https:\/\/lightsontv.com\/index.php?rest_route=\/wp\/v2\/types\/post"}],"author":[{"embeddable":true,"href":"https:\/\/lightsontv.com\/index.php?rest_route=\/wp\/v2\/users\/8"}],"replies":[{"embeddable":true,"href":"https:\/\/lightsontv.com\/index.php?rest_route=%2Fwp%2Fv2%2Fcomments&post=1902"}],"version-history":[{"count":10,"href":"https:\/\/lightsontv.com\/index.php?rest_route=\/wp\/v2\/posts\/1902\/revisions"}],"predecessor-version":[{"id":1966,"href":"https:\/\/lightsontv.com\/index.php?rest_route=\/wp\/v2\/posts\/1902\/revisions\/1966"}],"wp:featuredmedia":[{"embeddable":true,"href":"https:\/\/lightsontv.com\/index.php?rest_route=\/wp\/v2\/media\/1903"}],"wp:attachment":[{"href":"https:\/\/lightsontv.com\/index.php?rest_route=%2Fwp%2Fv2%2Fmedia&parent=1902"}],"wp:term":[{"taxonomy":"category","embeddable":true,"href":"https:\/\/lightsontv.com\/index.php?rest_route=%2Fwp%2Fv2%2Fcategories&post=1902"},{"taxonomy":"post_tag","embeddable":true,"href":"https:\/\/lightsontv.com\/index.php?rest_route=%2Fwp%2Fv2%2Ftags&post=1902"}],"curies":[{"name":"wp","href":"https:\/\/api.w.org\/{rel}","templated":true}]}}