{"id":1892,"date":"2019-03-22T16:15:14","date_gmt":"2019-03-22T22:15:14","guid":{"rendered":"https:\/\/lightsontv.com\/?p=1892"},"modified":"2019-03-22T16:15:20","modified_gmt":"2019-03-22T22:15:20","slug":"arranca-tecate-pal-norte-2019","status":"publish","type":"post","link":"https:\/\/lightsontv.com\/?p=1892","title":{"rendered":"Arranca Tecate Pal Norte 2019"},"content":{"rendered":"\n<p>Se lleg\u00f3 una edici\u00f3n m\u00e1s de Tecate Pal Norte, el festival m\u00e1s poderoso y ascendente de M\u00e9xico. Desde temprano la gente empez\u00f3 a hacer fila para ser de los primeros en entrar y poder disfrutar de tantos artistas como sea posible. Comenzamos con los primeros sets en los escenarios Tecate Light y Telcel Fusi\u00f3n.<\/p>\n\n\n\n<figure class=\"wp-block-image\"><img loading=\"lazy\" decoding=\"async\" width=\"1200\" height=\"600\" src=\"https:\/\/i1.wp.com\/lightsontv.com\/wp-content\/uploads\/2019\/03\/arranca-palnorte.jpg?fit=640%2C320&amp;ssl=1\" alt=\"\" class=\"wp-image-1893\" srcset=\"https:\/\/lightsontv.com\/wp-content\/uploads\/2019\/03\/arranca-palnorte.jpg 1200w, https:\/\/lightsontv.com\/wp-content\/uploads\/2019\/03\/arranca-palnorte-300x150.jpg 300w, https:\/\/lightsontv.com\/wp-content\/uploads\/2019\/03\/arranca-palnorte-768x384.jpg 768w, https:\/\/lightsontv.com\/wp-content\/uploads\/2019\/03\/arranca-palnorte-1024x512.jpg 1024w\" sizes=\"auto, (max-width: 1200px) 100vw, 1200px\" \/><\/figure>\n\n\n\n<p>En el escenario Tecate Light, Tessa Ia abri\u00f3 con su set de media hora llamando la atenci\u00f3n de los asistentes que reci\u00e9n llegaban al Parque Fundidora, quienes la recibieron con aplausos y gritos. Al terminar, los uruguayos de Cuarteto de Nos se hicieron presentes con su energ\u00eda y estilo caracter\u00edstico. <\/p>\n\n\n\n<p>Por su parte, el rapero mexicano Alem\u00e1n encendi\u00f3 el escenario con sus canciones y puso a la gente a bailar al ritmo del trap. Definitivamente, fue como lo hab\u00edamos esperado (y lo que nos prometi\u00f3), un set el\u00e9ctrico, lleno de buena vibra y ambiente. <\/p>\n\n\n\n<p>Estos sets no nos quedaron a deber y estamos seguros que si de esta manera comenz\u00f3 el festival, nos espera un final extraordinario.<\/p>\n","protected":false},"excerpt":{"rendered":"<p>Se lleg\u00f3 una edici\u00f3n m\u00e1s de Tecate Pal Norte, el festival m\u00e1s poderoso y ascendente&#8230;<\/p>\n","protected":false},"author":1,"featured_media":1893,"comment_status":"open","ping_status":"open","sticky":false,"template":"","format":"aside","meta":{"footnotes":""},"categories":[92,93,53,1],"tags":[23,10,151],"class_list":["post-1892","post","type-post","status-publish","format-aside","has-post-thumbnail","hentry","category-festivals","category-music","category-musica","category-musica-3","tag-mexico","tag-monterrey","tag-tecate-pal-norte","post_format-post-format-aside"],"_links":{"self":[{"href":"https:\/\/lightsontv.com\/index.php?rest_route=\/wp\/v2\/posts\/1892","targetHints":{"allow":["GET"]}}],"collection":[{"href":"https:\/\/lightsontv.com\/index.php?rest_route=\/wp\/v2\/posts"}],"about":[{"href":"https:\/\/lightsontv.com\/index.php?rest_route=\/wp\/v2\/types\/post"}],"author":[{"embeddable":true,"href":"https:\/\/lightsontv.com\/index.php?rest_route=\/wp\/v2\/users\/1"}],"replies":[{"embeddable":true,"href":"https:\/\/lightsontv.com\/index.php?rest_route=%2Fwp%2Fv2%2Fcomments&post=1892"}],"version-history":[{"count":1,"href":"https:\/\/lightsontv.com\/index.php?rest_route=\/wp\/v2\/posts\/1892\/revisions"}],"predecessor-version":[{"id":1895,"href":"https:\/\/lightsontv.com\/index.php?rest_route=\/wp\/v2\/posts\/1892\/revisions\/1895"}],"wp:featuredmedia":[{"embeddable":true,"href":"https:\/\/lightsontv.com\/index.php?rest_route=\/wp\/v2\/media\/1893"}],"wp:attachment":[{"href":"https:\/\/lightsontv.com\/index.php?rest_route=%2Fwp%2Fv2%2Fmedia&parent=1892"}],"wp:term":[{"taxonomy":"category","embeddable":true,"href":"https:\/\/lightsontv.com\/index.php?rest_route=%2Fwp%2Fv2%2Fcategories&post=1892"},{"taxonomy":"post_tag","embeddable":true,"href":"https:\/\/lightsontv.com\/index.php?rest_route=%2Fwp%2Fv2%2Ftags&post=1892"}],"curies":[{"name":"wp","href":"https:\/\/api.w.org\/{rel}","templated":true}]}}