{"id":1821,"date":"2019-02-12T15:01:29","date_gmt":"2019-02-12T21:01:29","guid":{"rendered":"https:\/\/lightsontv.com\/?p=1821"},"modified":"2019-02-12T15:02:40","modified_gmt":"2019-02-12T21:02:40","slug":"la-espera-termino-revelan-el-cartel-del-domo-care-2019","status":"publish","type":"post","link":"https:\/\/lightsontv.com\/?p=1821","title":{"rendered":"La espera termin\u00f3, revelan  el cartel del Domo Care 2019."},"content":{"rendered":"\n<p>Bronco, Alejandro Fernandez, Carlos Rivera, Gloria Trevi, Yuridia, Los Tigres del Norte y Duelo, encabezan el cartel de la temporada 2019 del Domo Care el cual se encuentra ubicado en la Expo Guadalupe (Gpe. N.L.) .<\/p>\n\n\n\n<div class=\"wp-block-image\"><figure class=\"aligncenter\"><img loading=\"lazy\" decoding=\"async\" width=\"480\" height=\"448\" src=\"https:\/\/lightsontv.com\/wp-content\/uploads\/2019\/02\/Cartel-DOmo.jpeg\" alt=\"\" class=\"wp-image-1822\" srcset=\"https:\/\/lightsontv.com\/wp-content\/uploads\/2019\/02\/Cartel-DOmo.jpeg 480w, https:\/\/lightsontv.com\/wp-content\/uploads\/2019\/02\/Cartel-DOmo-300x280.jpeg 300w\" sizes=\"auto, (max-width: 480px) 100vw, 480px\" \/><\/figure><\/div>\n\n\n\n<p>En rueda de prensa comentaron que esta temporada iniciar\u00e1 el 26 de abril, en donde el talento presentar\u00e1 sus shows en un \u00abredondel\u00bb (venue) totalmente re-modelado para esta temporada. <\/p>\n\n\n\n<p>La venta de boletos iniciar\u00e1 el d\u00eda de ma\u00f1ana 13 de febrero en punto de las 10:00 a.m. y los podr\u00e1s adquirir en las taquillas del Domo Care, Arena Monterrey, Innova Sport y El palacio de Hierro (Monterrey). Tambi\u00e9n podr\u00e1s comprar en l\u00ednea por Super Boletos. <\/p>\n","protected":false},"excerpt":{"rendered":"<p>Bronco, Alejandro Fernandez, Carlos Rivera, Gloria Trevi, Yuridia, Los Tigres del Norte y Duelo, encabezan&#8230;<\/p>\n","protected":false},"author":8,"featured_media":1823,"comment_status":"open","ping_status":"open","sticky":false,"template":"","format":"aside","meta":{"footnotes":""},"categories":[93,1,53],"tags":[209,208,205,106,203,206,204,207],"class_list":["post-1821","post","type-post","status-publish","format-aside","has-post-thumbnail","hentry","category-music","category-musica-3","category-musica","tag-alejandro-fernandez","tag-bronco","tag-carlos-rivera","tag-conciertos","tag-domo-care","tag-gloria-trevi","tag-serca-music","tag-yuridia","post_format-post-format-aside"],"_links":{"self":[{"href":"https:\/\/lightsontv.com\/index.php?rest_route=\/wp\/v2\/posts\/1821","targetHints":{"allow":["GET"]}}],"collection":[{"href":"https:\/\/lightsontv.com\/index.php?rest_route=\/wp\/v2\/posts"}],"about":[{"href":"https:\/\/lightsontv.com\/index.php?rest_route=\/wp\/v2\/types\/post"}],"author":[{"embeddable":true,"href":"https:\/\/lightsontv.com\/index.php?rest_route=\/wp\/v2\/users\/8"}],"replies":[{"embeddable":true,"href":"https:\/\/lightsontv.com\/index.php?rest_route=%2Fwp%2Fv2%2Fcomments&post=1821"}],"version-history":[{"count":2,"href":"https:\/\/lightsontv.com\/index.php?rest_route=\/wp\/v2\/posts\/1821\/revisions"}],"predecessor-version":[{"id":1826,"href":"https:\/\/lightsontv.com\/index.php?rest_route=\/wp\/v2\/posts\/1821\/revisions\/1826"}],"wp:featuredmedia":[{"embeddable":true,"href":"https:\/\/lightsontv.com\/index.php?rest_route=\/wp\/v2\/media\/1823"}],"wp:attachment":[{"href":"https:\/\/lightsontv.com\/index.php?rest_route=%2Fwp%2Fv2%2Fmedia&parent=1821"}],"wp:term":[{"taxonomy":"category","embeddable":true,"href":"https:\/\/lightsontv.com\/index.php?rest_route=%2Fwp%2Fv2%2Fcategories&post=1821"},{"taxonomy":"post_tag","embeddable":true,"href":"https:\/\/lightsontv.com\/index.php?rest_route=%2Fwp%2Fv2%2Ftags&post=1821"}],"curies":[{"name":"wp","href":"https:\/\/api.w.org\/{rel}","templated":true}]}}