{"id":1803,"date":"2019-02-10T20:44:16","date_gmt":"2019-02-11T02:44:16","guid":{"rendered":"https:\/\/lightsontv.com\/?p=1803"},"modified":"2019-02-10T20:44:22","modified_gmt":"2019-02-11T02:44:22","slug":"micca-mont-estrena-jun-ep-y-su-nuevo-sencillo-aqui-ahora","status":"publish","type":"post","link":"https:\/\/lightsontv.com\/?p=1803","title":{"rendered":"Micca Mont estrena \u201cJun\u201d EP y su nuevo sencillo \u201cAqu\u00ed Ahora\u201d"},"content":{"rendered":"\n<p>Micca Mont llega con dos esperados estrenos&nbsp;de la mano de la disquera LOV\/RECS: su nuevo&nbsp;EP&nbsp;\u201cJun\u201d&nbsp;y su sencillo&nbsp;\u201cAqu\u00ed&nbsp;Ahora\u201d, el cual viene acompa\u00f1ado de un videoclip. Est\u00e1n disponibles a partir de hoy en todas las plataformas.<\/p>\n\n\n\n<p>\u201cJun\u201d es el segundo EP de Micca Mont, en el que explora su oscuridad y su luz. Este material marca la reinvenci\u00f3n de su sonido, donde cada canci\u00f3n es un momento diferente dentro de su viaje. Canciones que a trav\u00e9s de atm\u00f3sferas, beats electr\u00f3nicos y una voz suave, te trasportan a ese lugar \u00fanico del mundo Jun.<\/p>\n\n\n\n<p>\u201cHacer este EP fue &nbsp;muy liberador, empec\u00e9 a componerlo como una sanaci\u00f3n, sin pensar que ser\u00edan canciones que alguien escuchar\u00eda y que ahora son parte del EP. No hubo referencias art\u00edsticas ni g\u00e9neros musicales, mi \u00fanico prop\u00f3sito era dejar que la emoci\u00f3n y su intenci\u00f3n salieran libres y pintaran el paisaje. Es m\u00fasica que no fue concebida en notas sino en la frecuencia que se sincronizara con lo que sent\u00eda, mi voz cambi\u00f3, mi m\u00fasica cambi\u00f3 y siento que es el material m\u00e1s honesto que he hecho hasta el momento.\u201d<\/p>\n\n\n\n<figure class=\"wp-block-image\"><img loading=\"lazy\" decoding=\"async\" width=\"930\" height=\"1396\" src=\"https:\/\/i1.wp.com\/lightsontv.com\/wp-content\/uploads\/2019\/02\/unnamed-1.png?fit=640%2C961&amp;ssl=1\" alt=\"\" class=\"wp-image-1804\" srcset=\"https:\/\/lightsontv.com\/wp-content\/uploads\/2019\/02\/unnamed-1.png 930w, https:\/\/lightsontv.com\/wp-content\/uploads\/2019\/02\/unnamed-1-200x300.png 200w, https:\/\/lightsontv.com\/wp-content\/uploads\/2019\/02\/unnamed-1-768x1153.png 768w, https:\/\/lightsontv.com\/wp-content\/uploads\/2019\/02\/unnamed-1-682x1024.png 682w\" sizes=\"auto, (max-width: 930px) 100vw, 930px\" \/><\/figure>\n\n\n\n<p>Jun en lengua totonaca significa \u201ccolibr\u00ed\u201d, personaje al que Micca decide dedicar este EP por su importancia en su composici\u00f3n y grabaci\u00f3n.<\/p>\n\n\n\n<p>\u201c\u2026 por la ventana de mi estudio de grabaci\u00f3n puedo ver las copas de los arboles donde siempre hay unos cuantos colibr\u00eds, algunas veces cuando ten\u00eda alg\u00fan bloqueo creativo o dudas, ve\u00eda volar un colibr\u00ed frente a mi ventana e inmediatamente me regresaba la inspiraci\u00f3n. Fueron los mejores aliados para hacer este EP, lo siguen siendo\u2026\u201d<\/p>\n\n\n\n<p>El mundo Jun fue producido por Dan Solo, miembro de la banda Technicolor Fabrics, y esta integrado por 6 canciones:&nbsp;Caras, M\u00e1s All\u00e1, Mundos Lejos, Volc\u00e1n, El Camino y Aqu\u00ed Ahora.<\/p>\n\n\n\n<p>AQU\u00cd&nbsp;AHORA es el focus track de JUN, el nuevo EP de Micca Mont. Esta canci\u00f3n habla sobre la obsesi\u00f3n por descubrir personas nuevas, sobre la idea de &nbsp;\u201cpuedo encontrar alguien mejor\u201d&nbsp;y el momento &nbsp;donde todo cambia y sientes la claridad de saltar al vac\u00edo sin expectativas para solo disfrutar el aqu\u00ed&nbsp;y el ahora.<\/p>\n\n\n\n<p><strong><em><a href=\"https:\/\/micca.lnk.to\/JUN\" target=\"_blank\" rel=\"noreferrer noopener\" aria-label=\"Track x track de &quot;Jun&quot; (opens in a new tab)\">Track x track de \u00abJun\u00bb<\/a>:<\/em><\/strong><br><\/p>\n\n\n\n<p>CARAS<\/p>\n\n\n\n<p>Esta canci\u00f3n habla del momento en que abr\u00ed la maleta y vi con claridad todo lo que estaba cargando conmigo, los patrones que estaba repitiendo, esto fue algo muy poderoso, ver la oscuridad y la luz que est\u00e1n dentro de mi y cambiar la intenci\u00f3n de su existencia. Caras abri\u00f3 caminos en mi que no conoc\u00eda y me reconect\u00f3 con el mundo.<\/p>\n\n\n\n<p>MAS ALL\u00c1<\/p>\n\n\n\n<p>Cuando siento algo fuerte por alguien voy por ello, sin rodeos, sin expectativas, me sumerjo en esa emoci\u00f3n, la disfruto y me olvido del mundo. Esta canci\u00f3n habla de eso, cuando doy el paso para perderme en tu nada.<\/p>\n\n\n\n<p>MUNDOS LEJOS<\/p>\n\n\n\n<p>Esta canci\u00f3n es una reflexi\u00f3n sobre las parejas con las que he estado, &nbsp;me di cuenta que siempre estaba pensando en algo m\u00e1s o alguien m\u00e1s y no estaba presente, reflexion\u00e9, descubr\u00ed las cosas hermosas que me dejo cada relaci\u00f3n, su valor y record\u00e9 los mundos que nos unieron y &nbsp;que ahora parecen tan lejanos.<\/p>\n\n\n\n<p>El CAMINO<\/p>\n\n\n\n<p>Soy muy curiosa de sentir &nbsp;y probar cosas nuevas, as\u00ed que entre tanto ir y venir en un punto perd\u00ed el rumbo, hice esta canci\u00f3n cuando encontr\u00e9 claridad en mi camino, &nbsp;no importa el rumbo que decida tomar si mis acciones vienen desde mi centro, llevo mi claridad a donde vaya y no la suelto.<\/p>\n\n\n\n<p>VOLC\u00c1N<\/p>\n\n\n\n<p>En alg\u00fan momento de mi vida dej\u00e9 en el olvido partes de mi sin darme cuenta, &nbsp;con el tiempo empec\u00e9 a sentirme incompleta, as\u00ed que decid\u00ed empezar el viaje de reencuentro, &nbsp;el sonido del volc\u00e1n representa mi centro llam\u00e1ndome a volver a casa, esta canci\u00f3n lleg\u00f3 para juntar los cables y reconectar todo de nuevo, vino a marcar un momento muy profundo en mi existencia.<\/p>\n\n\n\n<p>AQU\u00cd AHORA&nbsp;&nbsp; &nbsp;<\/p>\n\n\n\n<p>Empec\u00e9 esta canci\u00f3n antes de conocer a mi pareja actual y la termin\u00e9 estando junto a \u00e9l. La letra se fue transformando poco a poco, desde mi obsesi\u00f3n por descubrir personas nuevas, del \u201cpuedo encontrar algo mejor\u201d hasta la claridad de saltar al vac\u00edo sin expectativas para solo disfrutar juntos nuestro Aqu\u00ed Ahora. &nbsp;Esta canci\u00f3n cuenta literal mi versi\u00f3n de la historia de mi relaci\u00f3n actual.<\/p>\n","protected":false},"excerpt":{"rendered":"<p>Micca Mont llega con dos esperados estrenos&nbsp;de la mano de la disquera LOV\/RECS: su nuevo&nbsp;EP&nbsp;\u201cJun\u201d&nbsp;y&#8230;<\/p>\n","protected":false},"author":8,"featured_media":1806,"comment_status":"open","ping_status":"open","sticky":false,"template":"","format":"aside","meta":{"footnotes":""},"categories":[93,1,53],"tags":[],"class_list":["post-1803","post","type-post","status-publish","format-aside","has-post-thumbnail","hentry","category-music","category-musica-3","category-musica","post_format-post-format-aside"],"_links":{"self":[{"href":"https:\/\/lightsontv.com\/index.php?rest_route=\/wp\/v2\/posts\/1803","targetHints":{"allow":["GET"]}}],"collection":[{"href":"https:\/\/lightsontv.com\/index.php?rest_route=\/wp\/v2\/posts"}],"about":[{"href":"https:\/\/lightsontv.com\/index.php?rest_route=\/wp\/v2\/types\/post"}],"author":[{"embeddable":true,"href":"https:\/\/lightsontv.com\/index.php?rest_route=\/wp\/v2\/users\/8"}],"replies":[{"embeddable":true,"href":"https:\/\/lightsontv.com\/index.php?rest_route=%2Fwp%2Fv2%2Fcomments&post=1803"}],"version-history":[{"count":1,"href":"https:\/\/lightsontv.com\/index.php?rest_route=\/wp\/v2\/posts\/1803\/revisions"}],"predecessor-version":[{"id":1807,"href":"https:\/\/lightsontv.com\/index.php?rest_route=\/wp\/v2\/posts\/1803\/revisions\/1807"}],"wp:featuredmedia":[{"embeddable":true,"href":"https:\/\/lightsontv.com\/index.php?rest_route=\/wp\/v2\/media\/1806"}],"wp:attachment":[{"href":"https:\/\/lightsontv.com\/index.php?rest_route=%2Fwp%2Fv2%2Fmedia&parent=1803"}],"wp:term":[{"taxonomy":"category","embeddable":true,"href":"https:\/\/lightsontv.com\/index.php?rest_route=%2Fwp%2Fv2%2Fcategories&post=1803"},{"taxonomy":"post_tag","embeddable":true,"href":"https:\/\/lightsontv.com\/index.php?rest_route=%2Fwp%2Fv2%2Ftags&post=1803"}],"curies":[{"name":"wp","href":"https:\/\/api.w.org\/{rel}","templated":true}]}}