{"id":1741,"date":"2019-01-24T01:45:12","date_gmt":"2019-01-24T07:45:12","guid":{"rendered":"https:\/\/lightsontv.com\/?p=1741"},"modified":"2019-01-24T01:45:25","modified_gmt":"2019-01-24T07:45:25","slug":"hoy-arranca-la-69a-edicion-de-mbfwmadrid-maximo-exponente-de-la-diversidad-creativa-espanola","status":"publish","type":"post","link":"https:\/\/lightsontv.com\/?p=1741","title":{"rendered":"Hoy arranca la 69\u00aa edici\u00f3n de MBFWMadrid, m\u00e1ximo exponente de la diversidad creativa espa\u00f1ola"},"content":{"rendered":"\n<p class=\"has-drop-cap\">La nueva convocatoria del evento, que transcurre del 24 al 29 de enero en IFEMA y otros escenarios de Madrid, re\u00fane los desfiles y presentaciones de 43 destacados creadores y marcas espa\u00f1olas  y vuelve a abrir el calendario de desfiles internacionales <\/p>\n\n\n\n<p>Los j\u00f3venes talentos de Samsung Ego levantar\u00e1n el tel\u00f3n de esta edici\u00f3n ma\u00f1ana en el pabell\u00f3n 14.1 de IFEMA-Feria de Madrid <\/p>\n\n\n\n<p>Roberto Diz,  Brain &amp; Beast y Maison Mesa, as\u00ed como de las j\u00f3venes creadoras, Beatriz Pe\u00f1alver, Carlota Barrera y Pilar del Campo se incorporan al programa de esta edici\u00f3n<\/p>\n\n\n\n<p>Esta edici\u00f3n del evento estrena proyecto arquitect\u00f3nico. Una nueva concepci\u00f3n del espacio, desarrollada espec\u00edficamente para el pabell\u00f3n 14.1, que aportar\u00e1 una perspectiva m\u00e1s moderna y contempor\u00e1nea al \u00e1rea de las dos pasarelas, el backstage y el Cibelespacio  <\/p>\n\n\n\n<figure class=\"wp-block-image\"><img loading=\"lazy\" decoding=\"async\" width=\"600\" height=\"400\" src=\"https:\/\/lightsontv.com\/wp-content\/uploads\/2019\/01\/unnamed.jpg\" alt=\"\" class=\"wp-image-1742\" srcset=\"https:\/\/lightsontv.com\/wp-content\/uploads\/2019\/01\/unnamed.jpg 600w, https:\/\/lightsontv.com\/wp-content\/uploads\/2019\/01\/unnamed-300x200.jpg 300w\" sizes=\"auto, (max-width: 600px) 100vw, 600px\" \/><\/figure>\n\n\n\n<p>Madrid, 23 de enero 2019. \u2013 Creatividad, sofisticaci\u00f3n, vanguardia y nueva energ\u00eda creativa son las claves que mejor definen a la moda espa\u00f1ola actual y que tienen su mejor exponente en Mercedes-Benz Fashion Week Madrid.  Del 24 al 29 de enero el gran evento del dise\u00f1o espa\u00f1ol, organizado por IFEMA, celebra su 69\u00aa edici\u00f3n proponiendo un completo recorrido por el Made in Spain, sus distintos c\u00f3digos est\u00e9ticos y su diversidad creativa.<\/p>\n\n\n\n<p>Una variedad que se pondr\u00e1 de manifiesto durante las seis jornadas de desfiles y presentaciones de esta edici\u00f3n de MBFWMadrid, en las que mostrar\u00e1n sus colecciones 43 destacados creadores y marcas.  <\/p>\n\n\n\n<p>Durante la jornada del 24 de enero ser\u00e1n los j\u00f3venes creadores Samsung Ego los que levantar\u00e1n el tel\u00f3n de esta edici\u00f3n, en el pabell\u00f3n 14.1 de IFEMA-Feria de Madrid.  Ese mismo d\u00eda se desarrollar\u00e1 tambi\u00e9n una acci\u00f3n de la firma Desigual en el mismo recinto de IFEMA, y las presentaciones de los creadores Mois\u00e9s Nieto y Ernesto Naranjo en otros puntos de la ciudad.    <\/p>\n\n\n\n<p>A partir del d\u00eda 25, jornada que abrir\u00e1 con el desfile de la dise\u00f1adora Ana Locking a las 12:00, y hasta el 28 de enero los desfiles se desarrollar\u00e1n en IFEMA, completando casi    todas las jornadas con desfiles en otras localizaciones, con invitaci\u00f3n directa de los dise\u00f1adores y marcas, como ya se hizo en las \u00faltimas convocatorias.  El d\u00eda 29 las presentaciones de colecciones se realizar\u00e1n en diversos lugares de Madrid, por invitaci\u00f3n directa de los creadores Pilar Dalbat, Carlota Barrera, Pilar del Campo y Maison Mesa.<\/p>\n\n\n\n<p>Destacadas incorporaciones<br>\nEntre las novedades del calendario de esta convocatoria hay que destacar las incorporaciones de reconocidos nombres de la moda espa\u00f1ola como Roberto Diz, quien particip\u00f3 por primera vez en la pasarela en 2004, Brain &amp; Beast y el veterano dise\u00f1ador Juan Carlos Mesa con su firma, Maison Mesa, as\u00ed como las j\u00f3venes creadoras, Beatriz Pe\u00f1alver, Carlota Barrera y Pilar del Campo.  La firma de moda Desigual llevar\u00e1 a cabo una original e ingeniosa acci\u00f3n para mostrar la inspiraci\u00f3n que ha dado forma a su nueva colecci\u00f3n para la pr\u00f3xima Primavera\/Verano 2019 titulada \u201cColour Me\u201d.<\/p>\n\n\n\n<p>Nuevos escenarios<br>\nEl calendario de la presente edici\u00f3n alberga tambi\u00e9n interesantes novedades en lo que a la elecci\u00f3n de escenarios singulares se refiere y que es posible gracias al soporte que vienen dando instituciones como la Comunidad de Madrid y el Ayuntamiento, a trav\u00e9s de distintas iniciativas, as\u00ed como ACME, a trav\u00e9s de su programa Madrid es Moda. Este es el caso de  Oteyza, que realizar\u00e1 su perfomance en el Teatro Espa\u00f1ol; Mois\u00e9s Nieto, en el edificio modernista y sede del IED de la calle Larra;  Pilar Dalbat, en  el Patio de Cristal de la Plaza de la Villa o Pilar del Campo, en el parking de N\u00fa\u00f1ez de Balboa, entre otros.<\/p>\n\n\n\n<p>A ellos se suma la celebraci\u00f3n de los desfiles de Ailanto y Pedro del Hierro, en el Palacio de Cibeles, sede del Ayuntamiento de Madrid, el s\u00e1bado 26 de enero a las 19.30  y 21.00h. Por su parte, \u00c1ngel Schlesser exhibir\u00e1 sus sus creaciones en la Real Casa de Correos de Puerta del Sol, sede de la Comunidad de Madrid, en la tarde del domingo 27 de enero, a las 20.30 horas.<\/p>\n\n\n\n<p>Por otro lado, el Ayuntamiento de Madrid, en el marco de su programa Madrid Capital de Moda (MCDM), impulsa directamente y apoya la realizaci\u00f3n de una serie de actividades en torno a la Moda en diversos espacios de Madrid. Adem\u00e1s, ha instalado una pantalla en la plaza de Margaret Thatcher, esquina con Paseo de la Castellana, para seguir en directo la programaci\u00f3n de la 69\u00aa edici\u00f3n de MBFWMadrid.<\/p>\n\n\n\n<p>Del mismo modo, el festival de moda urbano Madrid es Moda (MeM), organizado por la Asociaci\u00f3n Creadores de Moda de Espa\u00f1a (ACME), con la colaboraci\u00f3n del Ayuntamiento de Madrid a trav\u00e9s de Madrid Capital de Moda, presenta su VIII edici\u00f3n que tendr\u00e1 lugar del 18 al 31 de enero de 2019. <\/p>\n\n\n\n<p>MBFWMadrid patrocina la exposici\u00f3n Las Costuras femeninas de la Moda de Espa\u00f1a, que se adentra en los archivos hist\u00f3ricos de la Agencia EFE y que podr\u00e1 verse del 22 de enero al 31 de marzo en el Museo Nacional de Artes decorativas de Madrid.<\/p>\n\n\n\n<p>En 2019, la pasarela se mantiene en enero y julio<br>\nMBFWMadrid mantiene para 2019 el mismo calendario de fechas \u2013enero y julio &#8211; que estren\u00f3 en 2018, y que supone un adelanto con respecto a sus fechas habituales, en el marco de su estrategia de internacionalizaci\u00f3n y as\u00ed conseguir mayor n\u00famero de compradores y prensa extranjera.     En  esta edici\u00f3n el evento contar\u00e1 con una veintena de compradores internacionales  y quince periodistas  de distintos lugares del mundo. <\/p>\n\n\n\n<p>Patrocinios <br>\nUn a\u00f1o m\u00e1s, la nueva convocatoria de MBFWMadrid contar\u00e1 con un  importante soporte de las marcas patrocinadoras.  En total, 21  destacadas firmas, l\u00edderes en sus respectivos sectores, han confirmado su apoyo a esta convocatoria. Mercedes-Benz, L\u2019Or\u00e9al Paris e Inditex son sus patrocinadores principales; Samsung, Dyson, Iberia, Royal Bliss,  C\u00eeroc, Font Vella y G.H.Mumm, patrocinadores, y Only YOU Hotels,  Banco Santander, Silestone by Cosentino, Kaiku Caffe Latte, ESNE, Spanish Fur Association, 21 Buttons y GPS Radar, colaboradores. Asimismo tendr\u00e1n presencia, Anaconda, IED Madrid, Xyon Revolution \u2013que calzar\u00e1 al equipo de azafat@s de la pasarela- y la Universidad Rey Juan Carlos.  Adem\u00e1s, Fashion Tv volver\u00e1 a ser la televisi\u00f3n internacional del evento.<\/p>\n","protected":false},"excerpt":{"rendered":"<p>La nueva convocatoria del evento, que transcurre del 24 al 29 de enero en IFEMA&#8230;<\/p>\n","protected":false},"author":1,"featured_media":1742,"comment_status":"open","ping_status":"closed","sticky":false,"template":"","format":"aside","meta":{"footnotes":""},"categories":[37],"tags":[191,187,184,185,183,190,188,186],"class_list":["post-1741","post","type-post","status-publish","format-aside","has-post-thumbnail","hentry","category-moda","tag-14-1","tag-carlota-barrera","tag-espana","tag-ifema","tag-mbfw-madrid","tag-pabellon","tag-pilar-del-campo","tag-roberto-diz","post_format-post-format-aside"],"_links":{"self":[{"href":"https:\/\/lightsontv.com\/index.php?rest_route=\/wp\/v2\/posts\/1741","targetHints":{"allow":["GET"]}}],"collection":[{"href":"https:\/\/lightsontv.com\/index.php?rest_route=\/wp\/v2\/posts"}],"about":[{"href":"https:\/\/lightsontv.com\/index.php?rest_route=\/wp\/v2\/types\/post"}],"author":[{"embeddable":true,"href":"https:\/\/lightsontv.com\/index.php?rest_route=\/wp\/v2\/users\/1"}],"replies":[{"embeddable":true,"href":"https:\/\/lightsontv.com\/index.php?rest_route=%2Fwp%2Fv2%2Fcomments&post=1741"}],"version-history":[{"count":1,"href":"https:\/\/lightsontv.com\/index.php?rest_route=\/wp\/v2\/posts\/1741\/revisions"}],"predecessor-version":[{"id":1774,"href":"https:\/\/lightsontv.com\/index.php?rest_route=\/wp\/v2\/posts\/1741\/revisions\/1774"}],"wp:featuredmedia":[{"embeddable":true,"href":"https:\/\/lightsontv.com\/index.php?rest_route=\/wp\/v2\/media\/1742"}],"wp:attachment":[{"href":"https:\/\/lightsontv.com\/index.php?rest_route=%2Fwp%2Fv2%2Fmedia&parent=1741"}],"wp:term":[{"taxonomy":"category","embeddable":true,"href":"https:\/\/lightsontv.com\/index.php?rest_route=%2Fwp%2Fv2%2Fcategories&post=1741"},{"taxonomy":"post_tag","embeddable":true,"href":"https:\/\/lightsontv.com\/index.php?rest_route=%2Fwp%2Fv2%2Ftags&post=1741"}],"curies":[{"name":"wp","href":"https:\/\/api.w.org\/{rel}","templated":true}]}}