{"id":1686,"date":"2019-01-14T00:05:28","date_gmt":"2019-01-14T06:05:28","guid":{"rendered":"https:\/\/lightsontv.com\/?p=1686"},"modified":"2019-01-14T00:05:31","modified_gmt":"2019-01-14T06:05:31","slug":"miles-kane-se-presentara-en-el-plaza-condesa","status":"publish","type":"post","link":"https:\/\/lightsontv.com\/?p=1686","title":{"rendered":"Miles Kane se presentar\u00e1 en El Plaza Condesa"},"content":{"rendered":"\n<h4 class=\"wp-block-heading\">\n\nVenta al p\u00fablico en general: viernes 11 de enero\n\n<\/h4>\n\n\n\n<p style=\"font-size:0\" class=\"has-drop-cap\">\n\nEn 2018 sali\u00f3 a la luz el tercer material de larga duraci\u00f3n de Miles Kane,&nbsp;<em>Cope De Grace<\/em>. Este a\u00f1o, el m\u00fasico brit\u00e1nico visitar\u00e1 la Ciudad de M\u00e9xico para deleitar a su p\u00fablico capitalino, y darnos una muestra de su exc\u00e9ntrica forma de cantar y de su estilo musical tan arriesgado. La cita para este concierto ser\u00e1 el pr\u00f3ximo<strong>&nbsp;s\u00e1bado 23 de marzo<\/strong>&nbsp;en&nbsp;<strong>El Plaza Condesa<\/strong>. Podr\u00e1s adquirir tus boletos a partir del&nbsp;<strong>viernes 11 de enero<\/strong>&nbsp;en las taquillas del inmueble y en el Sistema Ticketmaster.\n\n<\/p>\n\n\n\n<p>\n\nCon una mezcla de ritmos y al puro estilo del&nbsp;<em>crooner<\/em>, Miles Peter Kane contin\u00faa con su proyecto como solista, el cual ha sido del agrado de la cr\u00edtica y, por supuesto, de sus fans. Si bien, sus diferentes propuestas musicales lo han llevado a colocarse como uno de los mejores cantantes de su g\u00e9nero. Ha sido vocalista de la banda The Rascals, y en 2008 cre\u00f3 The Last Shadow Puppets en compa\u00f1\u00eda de Alex Turner, vocalista, guitarrista y compositor de la banda Arctic Monkeys.\n\n<\/p>\n\n\n\n<figure class=\"wp-block-embed-youtube wp-block-embed is-type-video is-provider-youtube wp-embed-aspect-16-9 wp-has-aspect-ratio\"><div class=\"wp-block-embed__wrapper\">\n<iframe loading=\"lazy\" title=\"Miles Kane - Rearrange\" width=\"640\" height=\"360\" src=\"https:\/\/www.youtube.com\/embed\/2SV422fSYE4?feature=oembed\" frameborder=\"0\" allow=\"accelerometer; autoplay; clipboard-write; encrypted-media; gyroscope; picture-in-picture; web-share\" referrerpolicy=\"strict-origin-when-cross-origin\" allowfullscreen><\/iframe>\n<\/div><\/figure>\n\n\n\n<p>\n\nEn esta nueva entrega, Miles Kane demuestra su calidad musical y su larga trayectoria como cantante. Temas como&nbsp;<em>Wrong Side Of Life<\/em>,&nbsp;<em>Cry On My Guitar<\/em>,&nbsp;<em>Killing The Joke<\/em>&nbsp;y&nbsp;<em>Cope De Grace<\/em>&nbsp;encabezan este nuevo material y ponen en alto la forma de componer de Miles. Tambi\u00e9n, cuenta con m\u00e1s de 100 mil seguidores en una de las plataformas de m\u00fasica m\u00e1s importantes. A tan s\u00f3lo dos meses de haber lanzado el video de su nuevo sencillo&nbsp;<em>LA Five Fore<\/em>, la canci\u00f3n ya cuenta con m\u00e1s de 36 mil reproducciones.\n\n<\/p>\n\n\n\n<p>\n\nDesde su primer \u00e1lbum como solista&nbsp;<em>Color Of The Trap<\/em>&nbsp;en 2011, hasta este nuevo disco de 2018&nbsp;<em>Cope De Grace<\/em>, Miles Kane retoma los ritmos que predominaban en los a\u00f1os 60 y 70, pero con el estilo del rock ingl\u00e9s que siempre lo ha caracterizado. La cita para este concierto ser\u00e1 el pr\u00f3ximo&nbsp;<strong>s\u00e1bado 23 de marzo<\/strong>&nbsp;en&nbsp;<strong>El Plaza Condesa<\/strong>. Podr\u00e1s adquirir los boletos a partir del&nbsp;<strong>viernes 11 de enero<\/strong>&nbsp;en las taquillas del inmueble y en el Sistema Ticketmaster.\n\n<\/p>\n\n\n\n<p style=\"text-align:center\"> Para m\u00e1s informaci\u00f3n visita: www.elplaza.mx <\/p>\n\n\n\n<figure class=\"wp-block-image\"><img loading=\"lazy\" decoding=\"async\" width=\"1654\" height=\"2540\" src=\"https:\/\/i1.wp.com\/lightsontv.com\/wp-content\/uploads\/2019\/01\/28X43_MilesKane-02.jpg?fit=640%2C983&amp;ssl=1\" alt=\"\" class=\"wp-image-1687\" srcset=\"https:\/\/lightsontv.com\/wp-content\/uploads\/2019\/01\/28X43_MilesKane-02.jpg 1654w, https:\/\/lightsontv.com\/wp-content\/uploads\/2019\/01\/28X43_MilesKane-02-195x300.jpg 195w, https:\/\/lightsontv.com\/wp-content\/uploads\/2019\/01\/28X43_MilesKane-02-768x1179.jpg 768w, https:\/\/lightsontv.com\/wp-content\/uploads\/2019\/01\/28X43_MilesKane-02-667x1024.jpg 667w, https:\/\/lightsontv.com\/wp-content\/uploads\/2019\/01\/28X43_MilesKane-02-1024x1573.jpg 1024w\" sizes=\"auto, (max-width: 1654px) 100vw, 1654px\" \/><\/figure>\n","protected":false},"excerpt":{"rendered":"<p>Venta al p\u00fablico en general: viernes 11 de enero En 2018 sali\u00f3 a la luz&#8230;<\/p>\n","protected":false},"author":1,"featured_media":1688,"comment_status":"open","ping_status":"closed","sticky":false,"template":"","format":"aside","meta":{"footnotes":""},"categories":[93,53,36],"tags":[],"class_list":["post-1686","post","type-post","status-publish","format-aside","has-post-thumbnail","hentry","category-music","category-musica","category-rock","post_format-post-format-aside"],"_links":{"self":[{"href":"https:\/\/lightsontv.com\/index.php?rest_route=\/wp\/v2\/posts\/1686","targetHints":{"allow":["GET"]}}],"collection":[{"href":"https:\/\/lightsontv.com\/index.php?rest_route=\/wp\/v2\/posts"}],"about":[{"href":"https:\/\/lightsontv.com\/index.php?rest_route=\/wp\/v2\/types\/post"}],"author":[{"embeddable":true,"href":"https:\/\/lightsontv.com\/index.php?rest_route=\/wp\/v2\/users\/1"}],"replies":[{"embeddable":true,"href":"https:\/\/lightsontv.com\/index.php?rest_route=%2Fwp%2Fv2%2Fcomments&post=1686"}],"version-history":[{"count":2,"href":"https:\/\/lightsontv.com\/index.php?rest_route=\/wp\/v2\/posts\/1686\/revisions"}],"predecessor-version":[{"id":1690,"href":"https:\/\/lightsontv.com\/index.php?rest_route=\/wp\/v2\/posts\/1686\/revisions\/1690"}],"wp:featuredmedia":[{"embeddable":true,"href":"https:\/\/lightsontv.com\/index.php?rest_route=\/wp\/v2\/media\/1688"}],"wp:attachment":[{"href":"https:\/\/lightsontv.com\/index.php?rest_route=%2Fwp%2Fv2%2Fmedia&parent=1686"}],"wp:term":[{"taxonomy":"category","embeddable":true,"href":"https:\/\/lightsontv.com\/index.php?rest_route=%2Fwp%2Fv2%2Fcategories&post=1686"},{"taxonomy":"post_tag","embeddable":true,"href":"https:\/\/lightsontv.com\/index.php?rest_route=%2Fwp%2Fv2%2Ftags&post=1686"}],"curies":[{"name":"wp","href":"https:\/\/api.w.org\/{rel}","templated":true}]}}