{"id":1671,"date":"2018-12-11T12:24:03","date_gmt":"2018-12-11T18:24:03","guid":{"rendered":"https:\/\/lightsontv.com\/?p=1671"},"modified":"2019-01-12T02:27:16","modified_gmt":"2019-01-12T08:27:16","slug":"escenario-acustico-tecate-pal-norte-2019","status":"publish","type":"post","link":"https:\/\/lightsontv.com\/?p=1671","title":{"rendered":"Escenario Ac\u00fastico Tecate Pal Norte 2019"},"content":{"rendered":"\n<p style=\"text-align:center\"><em>Presentado por Banregio<\/em><\/p>\n\n\n\n<p style=\"text-align:center\"><strong>Good Charlotte \u2013 Jake Bugg \u2013 Los Tres \u2013 Drake Bell<\/strong><\/p>\n\n\n\n<p style=\"text-align:center\"><strong>Jay de la Cueva \u2013 La Gusana Ciega \u2013 Reyno \u2013 Coda<\/strong><\/p>\n\n\n\n<p>Por dos a\u00f1os el&nbsp;<strong><em>Escenario Ac\u00fastico<\/em><\/strong>&nbsp;ha sido una gran atracci\u00f3n en&nbsp;<strong><em>Tecate Pal Norte<\/em><\/strong>. Por este escenario han desfilado grandes bandas en versi\u00f3n ac\u00fastica.<\/p>\n\n\n\n<p>Este 2019 el&nbsp;<em>Tecate Pal Norte<\/em>&nbsp;busca ampliar esta experiencia para el p\u00fablico, y cita a ocho talentos internacionales que sin duda har\u00e1n crecer a\u00fan m\u00e1s este escenario los pr\u00f3ximos 22 y 23 de marzo.<\/p>\n\n\n\n<div class=\"wp-block-image\"><figure class=\"aligncenter\"><img loading=\"lazy\" decoding=\"async\" width=\"707\" height=\"1061\" src=\"https:\/\/i2.wp.com\/lightsontv.com\/wp-content\/uploads\/2019\/01\/acustico-pal-norte.jpg?fit=640%2C961&amp;ssl=1\" alt=\"\" class=\"wp-image-1672\" srcset=\"https:\/\/lightsontv.com\/wp-content\/uploads\/2019\/01\/acustico-pal-norte.jpg 707w, https:\/\/lightsontv.com\/wp-content\/uploads\/2019\/01\/acustico-pal-norte-200x300.jpg 200w, https:\/\/lightsontv.com\/wp-content\/uploads\/2019\/01\/acustico-pal-norte-682x1024.jpg 682w\" sizes=\"auto, (max-width: 707px) 100vw, 707px\" \/><\/figure><\/div>\n\n\n\n<p><strong><em>Good Charlotte<\/em><\/strong>&nbsp;actuar\u00e1 en el&nbsp;<em>Escenario Ac\u00fastico<\/em>&nbsp;y tambi\u00e9n en uno de los escenarios principales. Ser\u00e1n una de las propuestas m\u00e1s novedosas este a\u00f1o. Los m\u00fasicos estadounidenses han demostrado su gusto por las sesiones ac\u00fasticas en muchas de sus grabaciones, y seguramente ser\u00e1n una sensaci\u00f3n. Por su parte, el brit\u00e1nico&nbsp;<strong><em>Jake Bugg<\/em><\/strong>&nbsp;llegar\u00e1 con su gira \u00abUnplugged\u00bb a este escenario, que le quedar\u00e1 a la medida para interpretar lo mejor de su folk rock que lo ha llevado a los principales festivales del mundo.<\/p>\n\n\n\n<p>La banda chilena&nbsp;<strong><em>Los Tres<\/em><\/strong>&nbsp;tampoco es nueva en el formato ac\u00fastico, prueba de ello es su exitoso MTV Unplugged, con el que obtuvieron cuatro Discos de Platino a unos meses de su lanzamiento.<\/p>\n\n\n\n<p>El cantante y actor californiano&nbsp;<strong><em>Drake Bell<\/em>,<\/strong>&nbsp;ser\u00e1 parte del lineup exclusivo de este escenario. Adem\u00e1s de su exitosa carrera como actor juvenil, la musica lo catapult\u00f3 a nivel mundial luego del 2005, tras el lanzamiento de su primer \u00e1lbum.<\/p>\n\n\n\n<p>Productor y multinstrumentista,&nbsp;<strong><em>Jay de la Cueva<\/em>,<\/strong>&nbsp;ha sido fundador y m\u00fasico de desde muy peque\u00f1o, de bandas como Micro Chips, Fobia, Tit\u00e1n y Moderatto. En su sesi\u00f3n ac\u00fastica incluir\u00e1 lo m\u00e1s destacado de su trayectoria musical con las diferentes bandas.<\/p>\n\n\n\n<p><strong><em>La Gusana Ciega<\/em><\/strong>&nbsp;tambi\u00e9n ha dejado en claro su afinidad por las sesiones ac\u00fasticas en muchas actuaciones y programas de televisi\u00f3n. El grupo de rock alternativo presentar\u00e1 en este formato los \u00e9xitos que ha cosechado a lo largo de casi 30 a\u00f1os de carrera.<\/p>\n\n\n\n<p><em>&nbsp;<strong>Reyno<\/strong><\/em>&nbsp;promete una de las actuaciones m\u00e1s entra\u00f1ables del&nbsp;<em>Escenario Ac\u00fastico<\/em>, adem\u00e1s de que tambi\u00e9n estar\u00e1n en uno de escenarios principales en su formato original, donde escucharemos los \u00e9xitos de sus tres \u00e1lbumes, incluyendo su reciente lanzamiento \u201cFuerza ancestral\u201d.<\/p>\n\n\n\n<p>La banda noventera&nbsp;<strong><em>Coda<\/em><\/strong>&nbsp;tambi\u00e9n ofrecer\u00e1 su versi\u00f3n al natural con \u00e9xitos como \u201cAun te amo\u201d, \u201cEternamente\u201d y muchos otros de su trayectoria musical, con lo que este escenario ampl\u00eda considerablemente su propuesta musical.<\/p>\n","protected":false},"excerpt":{"rendered":"<p>Presentado por Banregio Good Charlotte \u2013 Jake Bugg \u2013 Los Tres \u2013 Drake Bell Jay&#8230;<\/p>\n","protected":false},"author":8,"featured_media":1673,"comment_status":"open","ping_status":"open","sticky":false,"template":"","format":"aside","meta":{"footnotes":""},"categories":[92],"tags":[158,155,156,159,44,157],"class_list":["post-1671","post","type-post","status-publish","format-aside","has-post-thumbnail","hentry","category-festivals","tag-coda","tag-drake-bell","tag-good-charlotte","tag-jake-bugg","tag-reyno","tag-tecate-pal","post_format-post-format-aside"],"_links":{"self":[{"href":"https:\/\/lightsontv.com\/index.php?rest_route=\/wp\/v2\/posts\/1671","targetHints":{"allow":["GET"]}}],"collection":[{"href":"https:\/\/lightsontv.com\/index.php?rest_route=\/wp\/v2\/posts"}],"about":[{"href":"https:\/\/lightsontv.com\/index.php?rest_route=\/wp\/v2\/types\/post"}],"author":[{"embeddable":true,"href":"https:\/\/lightsontv.com\/index.php?rest_route=\/wp\/v2\/users\/8"}],"replies":[{"embeddable":true,"href":"https:\/\/lightsontv.com\/index.php?rest_route=%2Fwp%2Fv2%2Fcomments&post=1671"}],"version-history":[{"count":1,"href":"https:\/\/lightsontv.com\/index.php?rest_route=\/wp\/v2\/posts\/1671\/revisions"}],"predecessor-version":[{"id":1674,"href":"https:\/\/lightsontv.com\/index.php?rest_route=\/wp\/v2\/posts\/1671\/revisions\/1674"}],"wp:featuredmedia":[{"embeddable":true,"href":"https:\/\/lightsontv.com\/index.php?rest_route=\/wp\/v2\/media\/1673"}],"wp:attachment":[{"href":"https:\/\/lightsontv.com\/index.php?rest_route=%2Fwp%2Fv2%2Fmedia&parent=1671"}],"wp:term":[{"taxonomy":"category","embeddable":true,"href":"https:\/\/lightsontv.com\/index.php?rest_route=%2Fwp%2Fv2%2Fcategories&post=1671"},{"taxonomy":"post_tag","embeddable":true,"href":"https:\/\/lightsontv.com\/index.php?rest_route=%2Fwp%2Fv2%2Ftags&post=1671"}],"curies":[{"name":"wp","href":"https:\/\/api.w.org\/{rel}","templated":true}]}}