{"id":1663,"date":"2018-12-16T10:13:12","date_gmt":"2018-12-16T16:13:12","guid":{"rendered":"https:\/\/lightsontv.com\/?p=1663"},"modified":"2019-01-12T02:17:24","modified_gmt":"2019-01-12T08:17:24","slug":"marco-antonio-solis-confirma-fecha-en-monterrey-30-de-marzo-estadio-universitario","status":"publish","type":"post","link":"https:\/\/lightsontv.com\/?p=1663","title":{"rendered":"\u00a1Marco Antonio Sol\u00eds confirma fecha en Monterrey! \/ 30 de Marzo &#8211; Estadio Universitario"},"content":{"rendered":"\n<p style=\"text-align:center\"><strong>\u00a1CON MARCO ANTONIO SOL\u00cdS TODOS SOMOS M\u00c1S EN MONTERREY!<\/strong><\/p>\n\n\n\n<p>LA CITA ES ESTE PR\u00d3XIMO 30 DE MARZO EN EL ESTADIO UNIVERSITARIO<\/p>\n\n\n\n<ul class=\"wp-block-list\"><li>Preventa Citibanamex 17 y 18 de Diciembre.<\/li><li>La venta directa al p\u00fablico inicia el 19 de Diciembre.<\/li><\/ul>\n\n\n\n<p>El cantante y compositor michoacano\u00a0<strong>Marco Antonio Sol\u00eds<\/strong>, mejor conocido como \u201cel Buki\u201d, contin\u00faa celebrando 48 a\u00f1os de trayectoria art\u00edstica; y para festejarlo, prepara un gran show en\u00a0<em>la sultana del norte<\/em>. El cantautor se presentar\u00e1 en el\u00a0<strong>Estadio Universitario\u00a0<\/strong>de<strong>\u00a0Monterrey<\/strong>\u00a0el pr\u00f3ximo\u00a0<strong>S\u00e1bado 30 de Marzo<\/strong>\u00a0junto a grandes artistas invitados. La preventa Citibanamex se llevar\u00e1 a cabo el<strong>\u00a017 y 18 de Diciembre,\u00a0<\/strong>y un d\u00eda m\u00e1s tarde los boletos estar\u00e1n disponibles para el p\u00fablico en general.<\/p>\n\n\n\n<div class=\"wp-block-image\"><figure class=\"aligncenter\"><img loading=\"lazy\" decoding=\"async\" width=\"590\" height=\"958\" src=\"https:\/\/lightsontv.com\/wp-content\/uploads\/2019\/01\/fluyer-Marco-solis.jpg\" alt=\"\" class=\"wp-image-1665\" srcset=\"https:\/\/lightsontv.com\/wp-content\/uploads\/2019\/01\/fluyer-Marco-solis.jpg 590w, https:\/\/lightsontv.com\/wp-content\/uploads\/2019\/01\/fluyer-Marco-solis-185x300.jpg 185w\" sizes=\"auto, (max-width: 590px) 100vw, 590px\" \/><\/figure><\/div>\n\n\n\n<p>Tambi\u00e9n conocido como&nbsp;<em>El Poeta del Siglo<\/em>, actualmente promociona su m\u00e1s reciente producci\u00f3n musical titulada&nbsp;<em>M\u00e1s de mis Recuerdos<\/em>, el cual grab\u00f3 en Los \u00c1ngeles, California. Este material es su primer lanzamiento bajo el sello Marbella Music, disquera perteneciente al cantante.<\/p>\n\n\n\n<p>En este disco, la c\u00e9lebre leyenda de la canci\u00f3n mexicana crea un enlace especial entre su pasado y su presente. El sencillo&nbsp;<em>Yo Te Necesito<\/em>&nbsp;es una nueva versi\u00f3n del tema que hiciera famosa en 1982, cuando lideraba al legendario grupo Los Bukis. La intenci\u00f3n es actualizar muchas de las canciones que siguen presentes en el coraz\u00f3n de los fans, pero que al mismo tiempo sean nuevas para las generaciones actuales.<\/p>\n\n\n\n<p>A trav\u00e9s de su gira&nbsp;<em>Y La Historia Contin\u00faa<\/em>, el artista, originario de Ario de Rosales, lleg\u00f3 recientemente a Centroam\u00e9rica, donde visit\u00f3 Quetzaltenango en Guatemala; as\u00ed como Tegucigalpa y San Pedro Sula en Honduras.<\/p>\n\n\n\n<p><strong>Marco Antonio Sol\u00eds<\/strong>, junto a sus m\u00e1s de 15 m\u00fasicos en escena y bailarinas, presentar\u00e1 sus grandes \u00e9xitos como&nbsp;<em>Morenita, A d\u00f3nde vamos a parar, Si no te hubieras ido, Tu C\u00e1rcel, Mi eterno amor secreto, Inv\u00e9ntame, M\u00e1s que tu amigo, Antes de que te vayas, Sigue sin m\u00ed, Y ahora te vas y muchos m\u00e1s,&nbsp;<\/em>al lado de grandes artistas invitados, quienes tambi\u00e9n formaron parte de su disco Tributo \u201c<em>Todos somos MAS\u201d<\/em>&nbsp;lanzado en mayo pasado, bajo el sello discogr\u00e1fico Universal Music.<\/p>\n\n\n\n<p>Para cerrar este gran a\u00f1o, el cantante se presentar\u00e1 en Puerto Vallarta y San Luis Potos\u00ed; y en 2019, visitar\u00e1 Ecuador (Quito y Guayaquil). El festejo por sus 48 a\u00f1os de carrera art\u00edstica en&nbsp;<strong>Monterrey<\/strong>&nbsp;ser\u00e1 el pr\u00f3ximo&nbsp;<strong>S\u00e1bado 30 de Marzo de 2019<\/strong>&nbsp;en el&nbsp;<strong>Estadio Universitario,<\/strong>&nbsp;donde tendr\u00e1 grandes artistas invitados que pronto se dar\u00e1n a conocer. La preventa Citibanamex se llevar\u00e1 a cabo el<strong>&nbsp;17 y 18 de Diciembre,&nbsp;<\/strong>y un d\u00eda m\u00e1s tarde los boletos estar\u00e1n disponibles en las taquillas del inmueble, sistema Ticketmaster y al 83 69&nbsp; 9000.&nbsp;<\/p>\n\n\n\n<p>Precio de&nbsp;Boletos:<\/p>\n\n\n\n<p>$3,250 \/ Cancha A&nbsp;<\/p>\n\n\n\n<p>$2,500 \/ Cancha B&nbsp;&nbsp;&nbsp;&nbsp;&nbsp;&nbsp;&nbsp;&nbsp;&nbsp;&nbsp;&nbsp;&nbsp;&nbsp;&nbsp;&nbsp;&nbsp;&nbsp;&nbsp;&nbsp;<\/p>\n\n\n\n<p>$2,200 \/ Cancha C&nbsp;&nbsp;&nbsp;&nbsp;&nbsp;&nbsp;&nbsp;&nbsp;&nbsp;&nbsp;&nbsp;&nbsp;&nbsp;&nbsp;&nbsp;&nbsp;&nbsp;&nbsp;&nbsp;<\/p>\n\n\n\n<p>$1,600 \/ VIP Norte<\/p>\n\n\n\n<p>$1,600 \/ VIP Sur&nbsp;&nbsp;&nbsp;&nbsp;&nbsp;<\/p>\n\n\n\n<p>$1,900 \/ Platea Poniente&nbsp;&nbsp;&nbsp;&nbsp;&nbsp;&nbsp;&nbsp;&nbsp;&nbsp;&nbsp;&nbsp;&nbsp;&nbsp;&nbsp;&nbsp;&nbsp;&nbsp;&nbsp;&nbsp;&nbsp;&nbsp;&nbsp;&nbsp;&nbsp;&nbsp;<\/p>\n\n\n\n<p>$1,900 \/ Platea Oriente &nbsp;&nbsp;&nbsp;&nbsp;&nbsp;&nbsp;&nbsp;&nbsp;&nbsp;&nbsp;&nbsp;&nbsp;&nbsp;&nbsp;&nbsp;&nbsp;&nbsp;&nbsp;&nbsp;&nbsp;&nbsp;&nbsp;&nbsp;&nbsp;&nbsp;&nbsp; &nbsp;&nbsp;&nbsp;&nbsp;&nbsp;&nbsp;&nbsp;&nbsp;&nbsp;&nbsp;&nbsp;&nbsp;&nbsp;&nbsp;&nbsp;&nbsp;&nbsp;&nbsp;&nbsp;&nbsp;&nbsp;&nbsp;&nbsp;&nbsp;&nbsp;&nbsp;&nbsp;&nbsp;&nbsp;&nbsp;&nbsp;&nbsp;&nbsp;&nbsp;&nbsp; &nbsp;<\/p>\n\n\n\n<p>$1,400 \/ Preferente&nbsp;&nbsp;&nbsp;&nbsp;&nbsp;&nbsp;&nbsp;&nbsp;&nbsp;&nbsp;&nbsp;&nbsp;&nbsp;&nbsp;&nbsp;&nbsp;&nbsp;&nbsp;&nbsp;&nbsp;&nbsp;&nbsp;&nbsp;&nbsp;&nbsp;&nbsp;&nbsp;&nbsp;&nbsp;&nbsp;&nbsp;&nbsp;&nbsp;&nbsp;<\/p>\n\n\n\n<p>$&nbsp;&nbsp; 890 \/ Gol Norte<\/p>\n\n\n\n<p>$&nbsp;&nbsp; 690 \/ Cancha General &nbsp;&nbsp;&nbsp;&nbsp;&nbsp;&nbsp;&nbsp;&nbsp;&nbsp;&nbsp;&nbsp;&nbsp;&nbsp;&nbsp;&nbsp;&nbsp;&nbsp;&nbsp;&nbsp;&nbsp;&nbsp;&nbsp;&nbsp;&nbsp; &nbsp;<\/p>\n\n\n\n<p>$&nbsp;&nbsp; 890 \/ Norte General&nbsp;&nbsp;&nbsp;&nbsp;&nbsp;&nbsp;&nbsp;&nbsp;&nbsp;&nbsp;<\/p>\n\n\n\n<p>$&nbsp;&nbsp; 390 \/ Sol General&nbsp;&nbsp;&nbsp;&nbsp;&nbsp;&nbsp;&nbsp;&nbsp;<\/p>\n\n\n\n<p>&nbsp;Puntos de venta:<\/p>\n\n\n\n<ul class=\"wp-block-list\"><li>Centros Ticketmaster [<a href=\"http:\/\/tmespeciales.ticketmaster.com.mx\/h\/stateselecttcenters.html?tm_link=tm_ql_2\" target=\"_blank\" rel=\"noreferrer noopener\">http:\/\/tmespeciales.ticketmaster.com.mx\/h\/stateselecttcenters.html?tm_link=tm_ql_2<\/a>&nbsp;]<\/li><li>Tel. 8369-9000<\/li><li><a href=\"http:\/\/www.ticketmaster.com.mx\/\" target=\"_blank\" rel=\"noreferrer noopener\">www.ticketmaster.com.mx<\/a><\/li><\/ul>\n\n\n\n<p>\u2014<\/p>\n\n\n\n<p>M\u00e1s informaci\u00f3n de&nbsp;<strong>MARCO ANTONIO SOL\u00cdS<\/strong>:<\/p>\n\n\n\n<p><a href=\"http:\/\/www.facebook.com\/paulolondra\/\" target=\"_blank\" rel=\"noreferrer noopener\">www.facebook.com\/paulolondra\/<\/a><\/p>\n\n\n\n<p>M\u00e1s informaci\u00f3n de&nbsp;<strong>OCESA<\/strong>:<\/p>\n\n\n\n<p><a href=\"http:\/\/www.ocesa.com.mx\/\" target=\"_blank\" rel=\"noreferrer noopener\">www.ocesa.com.mx<\/a><\/p>\n\n\n\n<p>M\u00e1s informaci\u00f3n de&nbsp;<strong>APODACA GROUP<\/strong>:<\/p>\n\n\n\n<p><a href=\"http:\/\/www.apodacagroup.com.mx\/\" target=\"_blank\" rel=\"noreferrer noopener\">www.apodacagroup.com.mx<\/a><\/p>\n","protected":false},"excerpt":{"rendered":"<p>\u00a1CON MARCO ANTONIO SOL\u00cdS TODOS SOMOS M\u00c1S EN MONTERREY! LA CITA ES ESTE PR\u00d3XIMO 30&#8230;<\/p>\n","protected":false},"author":8,"featured_media":1664,"comment_status":"open","ping_status":"open","sticky":false,"template":"","format":"aside","meta":{"footnotes":""},"categories":[93,53],"tags":[150,148],"class_list":["post-1663","post","type-post","status-publish","format-aside","has-post-thumbnail","hentry","category-music","category-musica","tag-estadio-universitario","tag-marco-antonio-solis","post_format-post-format-aside"],"_links":{"self":[{"href":"https:\/\/lightsontv.com\/index.php?rest_route=\/wp\/v2\/posts\/1663","targetHints":{"allow":["GET"]}}],"collection":[{"href":"https:\/\/lightsontv.com\/index.php?rest_route=\/wp\/v2\/posts"}],"about":[{"href":"https:\/\/lightsontv.com\/index.php?rest_route=\/wp\/v2\/types\/post"}],"author":[{"embeddable":true,"href":"https:\/\/lightsontv.com\/index.php?rest_route=\/wp\/v2\/users\/8"}],"replies":[{"embeddable":true,"href":"https:\/\/lightsontv.com\/index.php?rest_route=%2Fwp%2Fv2%2Fcomments&post=1663"}],"version-history":[{"count":1,"href":"https:\/\/lightsontv.com\/index.php?rest_route=\/wp\/v2\/posts\/1663\/revisions"}],"predecessor-version":[{"id":1666,"href":"https:\/\/lightsontv.com\/index.php?rest_route=\/wp\/v2\/posts\/1663\/revisions\/1666"}],"wp:featuredmedia":[{"embeddable":true,"href":"https:\/\/lightsontv.com\/index.php?rest_route=\/wp\/v2\/media\/1664"}],"wp:attachment":[{"href":"https:\/\/lightsontv.com\/index.php?rest_route=%2Fwp%2Fv2%2Fmedia&parent=1663"}],"wp:term":[{"taxonomy":"category","embeddable":true,"href":"https:\/\/lightsontv.com\/index.php?rest_route=%2Fwp%2Fv2%2Fcategories&post=1663"},{"taxonomy":"post_tag","embeddable":true,"href":"https:\/\/lightsontv.com\/index.php?rest_route=%2Fwp%2Fv2%2Ftags&post=1663"}],"curies":[{"name":"wp","href":"https:\/\/api.w.org\/{rel}","templated":true}]}}