{"id":1541,"date":"2018-12-12T20:17:07","date_gmt":"2018-12-13T02:17:07","guid":{"rendered":"https:\/\/lightsontv.com\/?p=1541"},"modified":"2018-12-17T01:23:56","modified_gmt":"2018-12-17T07:23:56","slug":"asi-fue-la-tercera-edicion-del-festival-catrina","status":"publish","type":"post","link":"https:\/\/lightsontv.com\/?p=1541","title":{"rendered":"\u00a1As\u00ed fue la tercera edici\u00f3n del Festival Catrina!"},"content":{"rendered":"\n<figure class=\"wp-block-image\"><img loading=\"lazy\" decoding=\"async\" width=\"2463\" height=\"1533\" src=\"https:\/\/i0.wp.com\/lightsontv.com\/wp-content\/uploads\/2018\/12\/USARRR.jpg?fit=688%2C428\" alt=\"\" class=\"wp-image-1542\" srcset=\"https:\/\/lightsontv.com\/wp-content\/uploads\/2018\/12\/USARRR.jpg 2463w, https:\/\/lightsontv.com\/wp-content\/uploads\/2018\/12\/USARRR-300x187.jpg 300w, https:\/\/lightsontv.com\/wp-content\/uploads\/2018\/12\/USARRR-768x478.jpg 768w, https:\/\/lightsontv.com\/wp-content\/uploads\/2018\/12\/USARRR-1024x637.jpg 1024w, https:\/\/lightsontv.com\/wp-content\/uploads\/2018\/12\/USARRR-1600x996.jpg 1600w\" sizes=\"auto, (max-width: 2463px) 100vw, 2463px\" \/><\/figure>\n\n\n\n<p class=\"has-drop-cap\">La tercera edici\u00f3n del <strong>Festival Indio Catrina<\/strong> lleg\u00f3 con m\u00e1s escenarios y una energ\u00eda que se pod\u00eda sentir al caminar por las calles aleda\u00f1as de <strong>Cholula<\/strong>.\u00a0<\/p>\n\n\n\n<p>Y es que los asistentes del evento se adentraron a un mundo totalmente nuevo, el cual muchos podr\u00edan comparar con la experiencia que se vive en el <strong>Machaca Fest<\/strong> pero que realmente tiene su propio sello. Ya que es raro encontrar un festival que se realice en un lugar tan hist\u00f3rico, a\u00fan m\u00e1s a lado de las pir\u00e1mides.\u00a0<\/p>\n\n\n\n<figure class=\"wp-block-image\"><img loading=\"lazy\" decoding=\"async\" width=\"2592\" height=\"1728\" src=\"https:\/\/i0.wp.com\/lightsontv.com\/wp-content\/uploads\/2018\/12\/A4.jpg?fit=688%2C459\" alt=\"\" class=\"wp-image-1543\" srcset=\"https:\/\/lightsontv.com\/wp-content\/uploads\/2018\/12\/A4.jpg 2592w, https:\/\/lightsontv.com\/wp-content\/uploads\/2018\/12\/A4-300x200.jpg 300w, https:\/\/lightsontv.com\/wp-content\/uploads\/2018\/12\/A4-768x512.jpg 768w, https:\/\/lightsontv.com\/wp-content\/uploads\/2018\/12\/A4-1024x683.jpg 1024w, https:\/\/lightsontv.com\/wp-content\/uploads\/2018\/12\/A4-1600x1067.jpg 1600w\" sizes=\"auto, (max-width: 2592px) 100vw, 2592px\" \/><\/figure>\n\n\n\n<p>Las puertas del festival abrieron en punto de las 12:30 horas y <strong>Callate Mark <\/strong>fue una de las bandas encargadas de abrir el evento.\u00a0<br><\/p>\n\n\n\n<figure class=\"wp-block-image\"><img loading=\"lazy\" decoding=\"async\" width=\"2592\" height=\"1728\" src=\"https:\/\/i0.wp.com\/lightsontv.com\/wp-content\/uploads\/2018\/12\/IMG_7711.jpg?fit=688%2C459\" alt=\"\" class=\"wp-image-1544\" srcset=\"https:\/\/lightsontv.com\/wp-content\/uploads\/2018\/12\/IMG_7711.jpg 2592w, https:\/\/lightsontv.com\/wp-content\/uploads\/2018\/12\/IMG_7711-300x200.jpg 300w, https:\/\/lightsontv.com\/wp-content\/uploads\/2018\/12\/IMG_7711-768x512.jpg 768w, https:\/\/lightsontv.com\/wp-content\/uploads\/2018\/12\/IMG_7711-1024x683.jpg 1024w, https:\/\/lightsontv.com\/wp-content\/uploads\/2018\/12\/IMG_7711-1600x1067.jpg 1600w\" sizes=\"auto, (max-width: 2592px) 100vw, 2592px\" \/><\/figure>\n\n\n\n<p>La banda se present\u00f3 en el <strong>Escenario Indio<\/strong> y causo furor en los asistentes, qui\u00e9nes poco a poco empezaban a llegar al festival.\u00a0 Canciones como <strong>\u00abCoraz\u00f3n en Llamas\u00bb<\/strong> y <strong>\u00abD\u00f3nde Voy\u00bb<\/strong> fueron las que mas prendieron al p\u00fablico.<br><\/p>\n\n\n\n<figure class=\"wp-block-image\"><img loading=\"lazy\" decoding=\"async\" width=\"2592\" height=\"1728\" src=\"https:\/\/i1.wp.com\/lightsontv.com\/wp-content\/uploads\/2018\/12\/IMG_7724.jpg?fit=688%2C459\" alt=\"\" class=\"wp-image-1545\" srcset=\"https:\/\/lightsontv.com\/wp-content\/uploads\/2018\/12\/IMG_7724.jpg 2592w, https:\/\/lightsontv.com\/wp-content\/uploads\/2018\/12\/IMG_7724-300x200.jpg 300w, https:\/\/lightsontv.com\/wp-content\/uploads\/2018\/12\/IMG_7724-768x512.jpg 768w, https:\/\/lightsontv.com\/wp-content\/uploads\/2018\/12\/IMG_7724-1024x683.jpg 1024w, https:\/\/lightsontv.com\/wp-content\/uploads\/2018\/12\/IMG_7724-1600x1067.jpg 1600w\" sizes=\"auto, (max-width: 2592px) 100vw, 2592px\" \/><\/figure>\n\n\n\n<p><strong>Polaris<\/strong> por su parte se mostr\u00f3 muy contento de estar en esta tercera edici\u00f3n del <strong>Catrina<\/strong>. Su m\u00fasica del g\u00e9nero <strong>Indie <\/strong>no pudo faltar en el festival, canciones como <strong>\u00abVoz de Marte\u00bb<\/strong>, <strong>\u00abDelirio\u00bb<\/strong> y <strong>\u00abParte de mi\u00bb<\/strong> atrajeron a los asistentes.\u00a0<\/p>\n\n\n\n<figure class=\"wp-block-image\"><img loading=\"lazy\" decoding=\"async\" width=\"2592\" height=\"1728\" src=\"https:\/\/i0.wp.com\/lightsontv.com\/wp-content\/uploads\/2018\/12\/IMG_7739.jpg?fit=688%2C459\" alt=\"\" class=\"wp-image-1546\" srcset=\"https:\/\/lightsontv.com\/wp-content\/uploads\/2018\/12\/IMG_7739.jpg 2592w, https:\/\/lightsontv.com\/wp-content\/uploads\/2018\/12\/IMG_7739-300x200.jpg 300w, https:\/\/lightsontv.com\/wp-content\/uploads\/2018\/12\/IMG_7739-768x512.jpg 768w, https:\/\/lightsontv.com\/wp-content\/uploads\/2018\/12\/IMG_7739-1024x683.jpg 1024w, https:\/\/lightsontv.com\/wp-content\/uploads\/2018\/12\/IMG_7739-1600x1067.jpg 1600w\" sizes=\"auto, (max-width: 2592px) 100vw, 2592px\" \/><\/figure>\n\n\n\n<p>A <strong>Lola Club<\/strong> le toc\u00f3 subirse al <strong>Escenario Catrina <\/strong>en d\u00f3nde los asistentes pudieron deleitarse con sus sonidos pop, cantando a una sola voz \u00e9xitos como <strong>\u00abPerderme en Ti\u00bb<\/strong> y <strong>\u00abVicio<\/strong>\u00ab.<br><\/p>\n\n\n\n<figure class=\"wp-block-image\"><img loading=\"lazy\" decoding=\"async\" width=\"2592\" height=\"1728\" src=\"https:\/\/i1.wp.com\/lightsontv.com\/wp-content\/uploads\/2018\/12\/IMG_7760.jpg?fit=688%2C459\" alt=\"\" class=\"wp-image-1547\" srcset=\"https:\/\/lightsontv.com\/wp-content\/uploads\/2018\/12\/IMG_7760.jpg 2592w, https:\/\/lightsontv.com\/wp-content\/uploads\/2018\/12\/IMG_7760-300x200.jpg 300w, https:\/\/lightsontv.com\/wp-content\/uploads\/2018\/12\/IMG_7760-768x512.jpg 768w, https:\/\/lightsontv.com\/wp-content\/uploads\/2018\/12\/IMG_7760-1024x683.jpg 1024w, https:\/\/lightsontv.com\/wp-content\/uploads\/2018\/12\/IMG_7760-1600x1067.jpg 1600w\" sizes=\"auto, (max-width: 2592px) 100vw, 2592px\" \/><\/figure>\n\n\n\n<ul class=\"wp-block-gallery columns-3 is-cropped wp-block-gallery-1 is-layout-flex wp-block-gallery-is-layout-flex\"><li class=\"blocks-gallery-item\"><figure><img loading=\"lazy\" decoding=\"async\" width=\"2592\" height=\"1728\" src=\"https:\/\/i1.wp.com\/lightsontv.com\/wp-content\/uploads\/2018\/12\/IMG_7877.jpg?fit=688%2C459\" alt=\"\" data-id=\"1551\" data-link=\"https:\/\/lightsontv.com\/?attachment_id=1551\" class=\"wp-image-1551\" srcset=\"https:\/\/lightsontv.com\/wp-content\/uploads\/2018\/12\/IMG_7877.jpg 2592w, https:\/\/lightsontv.com\/wp-content\/uploads\/2018\/12\/IMG_7877-300x200.jpg 300w, https:\/\/lightsontv.com\/wp-content\/uploads\/2018\/12\/IMG_7877-768x512.jpg 768w, https:\/\/lightsontv.com\/wp-content\/uploads\/2018\/12\/IMG_7877-1024x683.jpg 1024w, https:\/\/lightsontv.com\/wp-content\/uploads\/2018\/12\/IMG_7877-1600x1067.jpg 1600w\" sizes=\"auto, (max-width: 2592px) 100vw, 2592px\" \/><\/figure><\/li><li class=\"blocks-gallery-item\"><figure><img loading=\"lazy\" decoding=\"async\" width=\"2592\" height=\"1728\" src=\"https:\/\/i1.wp.com\/lightsontv.com\/wp-content\/uploads\/2018\/12\/IMG_7808-2.jpg?fit=688%2C459\" alt=\"\" data-id=\"1568\" data-link=\"https:\/\/lightsontv.com\/?attachment_id=1568\" class=\"wp-image-1568\" srcset=\"https:\/\/lightsontv.com\/wp-content\/uploads\/2018\/12\/IMG_7808-2.jpg 2592w, https:\/\/lightsontv.com\/wp-content\/uploads\/2018\/12\/IMG_7808-2-300x200.jpg 300w, https:\/\/lightsontv.com\/wp-content\/uploads\/2018\/12\/IMG_7808-2-768x512.jpg 768w, https:\/\/lightsontv.com\/wp-content\/uploads\/2018\/12\/IMG_7808-2-1024x683.jpg 1024w, https:\/\/lightsontv.com\/wp-content\/uploads\/2018\/12\/IMG_7808-2-1600x1067.jpg 1600w\" sizes=\"auto, (max-width: 2592px) 100vw, 2592px\" \/><\/figure><\/li><li class=\"blocks-gallery-item\"><figure><img loading=\"lazy\" decoding=\"async\" width=\"2592\" height=\"1728\" src=\"https:\/\/i1.wp.com\/lightsontv.com\/wp-content\/uploads\/2018\/12\/IMG_7835-1.jpg?fit=688%2C459\" alt=\"\" data-id=\"1569\" data-link=\"https:\/\/lightsontv.com\/?attachment_id=1569\" class=\"wp-image-1569\" srcset=\"https:\/\/lightsontv.com\/wp-content\/uploads\/2018\/12\/IMG_7835-1.jpg 2592w, https:\/\/lightsontv.com\/wp-content\/uploads\/2018\/12\/IMG_7835-1-300x200.jpg 300w, https:\/\/lightsontv.com\/wp-content\/uploads\/2018\/12\/IMG_7835-1-768x512.jpg 768w, https:\/\/lightsontv.com\/wp-content\/uploads\/2018\/12\/IMG_7835-1-1024x683.jpg 1024w, https:\/\/lightsontv.com\/wp-content\/uploads\/2018\/12\/IMG_7835-1-1600x1067.jpg 1600w\" sizes=\"auto, (max-width: 2592px) 100vw, 2592px\" \/><\/figure><\/li><\/ul>\n\n\n\n<p><strong>Bandalos Chinos<\/strong> encant\u00f3 a los asistentes que llegaron hasta el escenario Indio, puesto que tocaron sus m\u00e1s grandes \u00e9xitos como <strong>\u00abIsla\u00bb <\/strong>y <strong>\u00abUn d\u00eda\u00bb<\/strong>.\u00a0<\/p>\n\n\n\n<ul class=\"wp-block-gallery columns-2 is-cropped wp-block-gallery-2 is-layout-flex wp-block-gallery-is-layout-flex\"><li class=\"blocks-gallery-item\"><figure><img loading=\"lazy\" decoding=\"async\" width=\"2592\" height=\"1728\" src=\"https:\/\/i0.wp.com\/lightsontv.com\/wp-content\/uploads\/2018\/12\/IMG_7914-1.jpg?fit=688%2C459\" alt=\"\" data-id=\"1554\" data-link=\"https:\/\/lightsontv.com\/?attachment_id=1554\" class=\"wp-image-1554\" srcset=\"https:\/\/lightsontv.com\/wp-content\/uploads\/2018\/12\/IMG_7914-1.jpg 2592w, https:\/\/lightsontv.com\/wp-content\/uploads\/2018\/12\/IMG_7914-1-300x200.jpg 300w, https:\/\/lightsontv.com\/wp-content\/uploads\/2018\/12\/IMG_7914-1-768x512.jpg 768w, https:\/\/lightsontv.com\/wp-content\/uploads\/2018\/12\/IMG_7914-1-1024x683.jpg 1024w, https:\/\/lightsontv.com\/wp-content\/uploads\/2018\/12\/IMG_7914-1-1600x1067.jpg 1600w\" sizes=\"auto, (max-width: 2592px) 100vw, 2592px\" \/><\/figure><\/li><li class=\"blocks-gallery-item\"><figure><img loading=\"lazy\" decoding=\"async\" width=\"1728\" height=\"2592\" src=\"https:\/\/i2.wp.com\/lightsontv.com\/wp-content\/uploads\/2018\/12\/IMG_7931-1.jpg?fit=683%2C1024\" alt=\"\" data-id=\"1570\" data-link=\"https:\/\/lightsontv.com\/?attachment_id=1570\" class=\"wp-image-1570\" srcset=\"https:\/\/lightsontv.com\/wp-content\/uploads\/2018\/12\/IMG_7931-1.jpg 1728w, https:\/\/lightsontv.com\/wp-content\/uploads\/2018\/12\/IMG_7931-1-200x300.jpg 200w, https:\/\/lightsontv.com\/wp-content\/uploads\/2018\/12\/IMG_7931-1-768x1152.jpg 768w, https:\/\/lightsontv.com\/wp-content\/uploads\/2018\/12\/IMG_7931-1-683x1024.jpg 683w, https:\/\/lightsontv.com\/wp-content\/uploads\/2018\/12\/IMG_7931-1-1600x2400.jpg 1600w\" sizes=\"auto, (max-width: 1728px) 100vw, 1728px\" \/><\/figure><\/li><\/ul>\n\n\n\n<p>Las situaci\u00f3n en el festival se encendi\u00f3 con la presentaci\u00f3n de <strong>Sabino<\/strong>, puesto que el rapero logro captar la atenci\u00f3n de todos los asistentes qui\u00e9nes dejaban de estar comiendo o vagando por ah\u00ed para dirigirse al escenario.\u00a0<\/p>\n\n\n\n<figure class=\"wp-block-image\"><img loading=\"lazy\" decoding=\"async\" width=\"1728\" height=\"2592\" src=\"https:\/\/i0.wp.com\/lightsontv.com\/wp-content\/uploads\/2018\/12\/IMG_8045.jpg?fit=683%2C1024\" alt=\"\" class=\"wp-image-1555\" srcset=\"https:\/\/lightsontv.com\/wp-content\/uploads\/2018\/12\/IMG_8045.jpg 1728w, https:\/\/lightsontv.com\/wp-content\/uploads\/2018\/12\/IMG_8045-200x300.jpg 200w, https:\/\/lightsontv.com\/wp-content\/uploads\/2018\/12\/IMG_8045-768x1152.jpg 768w, https:\/\/lightsontv.com\/wp-content\/uploads\/2018\/12\/IMG_8045-683x1024.jpg 683w, https:\/\/lightsontv.com\/wp-content\/uploads\/2018\/12\/IMG_8045-1600x2400.jpg 1600w\" sizes=\"auto, (max-width: 1728px) 100vw, 1728px\" \/><\/figure>\n\n\n\n<p><strong>\u00abMe puse Pedo\u00bb<\/strong>,\u00a0 <strong>\u00abVaquerer?\u00bb<\/strong> Y <strong>\u00abM\u00e1s M\u00e1s M\u00e1s\u00bb<\/strong> Sonaron en todo el <strong>Festival Catrina<\/strong>.<\/p>\n\n\n\n<p>Adem\u00e1s, se subi\u00f3 al escenario Indio con <strong>Lng Sht<\/strong> para interpretar <strong>\u00abLos Raros de la Clase\u00bb.<\/strong><br><\/p>\n\n\n\n<figure class=\"wp-block-image\"><img loading=\"lazy\" decoding=\"async\" width=\"1962\" height=\"1398\" src=\"https:\/\/i2.wp.com\/lightsontv.com\/wp-content\/uploads\/2018\/12\/IMG_8064.jpg?fit=688%2C490\" alt=\"\" class=\"wp-image-1556\" srcset=\"https:\/\/lightsontv.com\/wp-content\/uploads\/2018\/12\/IMG_8064.jpg 1962w, https:\/\/lightsontv.com\/wp-content\/uploads\/2018\/12\/IMG_8064-300x214.jpg 300w, https:\/\/lightsontv.com\/wp-content\/uploads\/2018\/12\/IMG_8064-768x547.jpg 768w, https:\/\/lightsontv.com\/wp-content\/uploads\/2018\/12\/IMG_8064-1024x730.jpg 1024w, https:\/\/lightsontv.com\/wp-content\/uploads\/2018\/12\/IMG_8064-1600x1140.jpg 1600w\" sizes=\"auto, (max-width: 1962px) 100vw, 1962px\" \/><\/figure>\n\n\n\n<p><strong>The Maria&#8217;s<\/strong> por su parte les toc\u00f3 presentarse en el <strong>Escenario Takis <\/strong>en d\u00f3nde canciones como <strong>\u00abI Don&#8217;t know You\u00bb<\/strong> y <strong>\u00abCari\u00f1o\u00bb<\/strong> fueron las m\u00e1s aclamadas.\u00a0\u00a0<\/p>\n\n\n\n<figure class=\"wp-block-video\"><video height=\"1080\" style=\"aspect-ratio: 1080 \/ 1080;\" width=\"1080\" controls src=\"https:\/\/lightsontv.com\/wp-content\/uploads\/2018\/12\/the-marias-.mp4\"><\/video><\/figure>\n\n\n\n<p>\u00a1<strong>Chetes<\/strong> sorprendi\u00f3 a todo el festival! Cabe resaltar que los asistentes amaron su presentaci\u00f3n y se sab\u00edan todas sus canciones.<\/p>\n\n\n\n<figure class=\"wp-block-image\"><img loading=\"lazy\" decoding=\"async\" width=\"2592\" height=\"1728\" src=\"https:\/\/i2.wp.com\/lightsontv.com\/wp-content\/uploads\/2018\/12\/IMG_8280.jpg?fit=688%2C459\" alt=\"\" class=\"wp-image-1558\" srcset=\"https:\/\/lightsontv.com\/wp-content\/uploads\/2018\/12\/IMG_8280.jpg 2592w, https:\/\/lightsontv.com\/wp-content\/uploads\/2018\/12\/IMG_8280-300x200.jpg 300w, https:\/\/lightsontv.com\/wp-content\/uploads\/2018\/12\/IMG_8280-768x512.jpg 768w, https:\/\/lightsontv.com\/wp-content\/uploads\/2018\/12\/IMG_8280-1024x683.jpg 1024w, https:\/\/lightsontv.com\/wp-content\/uploads\/2018\/12\/IMG_8280-1600x1067.jpg 1600w\" sizes=\"auto, (max-width: 2592px) 100vw, 2592px\" \/><\/figure>\n\n\n\n<p><strong>\u00abPoco a Poco\u00bb <\/strong>y <strong>\u00abCompletamente\u00bb<\/strong>, fueron las canciones m\u00e1s representativas de todo el set list que present\u00f3 en el <strong>Escenario Catrina<\/strong>.\u00a0<\/p>\n\n\n\n<figure class=\"wp-block-video\"><video height=\"1080\" style=\"aspect-ratio: 1080 \/ 1080;\" width=\"1080\" controls src=\"https:\/\/lightsontv.com\/wp-content\/uploads\/2018\/12\/chetes.mp4\"><\/video><\/figure>\n\n\n\n<p><strong>Morat<\/strong> se present\u00f3 en <strong>Escenario Indio<\/strong> y al ser una banda del g\u00e9nero pop lograron hacer que todos disfrutar\u00e1n de su show.\u00a0<br><\/p>\n\n\n\n<figure class=\"wp-block-image\"><img loading=\"lazy\" decoding=\"async\" width=\"2592\" height=\"1456\" src=\"https:\/\/i2.wp.com\/lightsontv.com\/wp-content\/uploads\/2018\/12\/IMG_8362.jpg?fit=688%2C386\" alt=\"\" class=\"wp-image-1562\" srcset=\"https:\/\/lightsontv.com\/wp-content\/uploads\/2018\/12\/IMG_8362.jpg 2592w, https:\/\/lightsontv.com\/wp-content\/uploads\/2018\/12\/IMG_8362-300x169.jpg 300w, https:\/\/lightsontv.com\/wp-content\/uploads\/2018\/12\/IMG_8362-768x431.jpg 768w, https:\/\/lightsontv.com\/wp-content\/uploads\/2018\/12\/IMG_8362-1024x575.jpg 1024w, https:\/\/lightsontv.com\/wp-content\/uploads\/2018\/12\/IMG_8362-1600x899.jpg 1600w\" sizes=\"auto, (max-width: 2592px) 100vw, 2592px\" \/><\/figure>\n\n\n\n<p>No hubo ning\u00fan momento en su presentaci\u00f3n en el que los asistentes del festival no cantaran a todo pulm\u00f3n temas como <strong>\u00abCuando nadie ve\u00bb<\/strong>, <strong>\u00abC\u00f3mo Te Atreves\u00bb<\/strong>, <strong>\u00abAcu\u00e9rdate de mi\u00bb<\/strong>, <strong>\u00abAmor con hielo\u00bb<\/strong> y <strong>\u00abYo Contigo, T\u00fa Conmigo\u00bb<\/strong>.\u00a0<\/p>\n\n\n\n<figure class=\"wp-block-image\"><img loading=\"lazy\" decoding=\"async\" width=\"1728\" height=\"1794\" src=\"https:\/\/i0.wp.com\/lightsontv.com\/wp-content\/uploads\/2018\/12\/B3.jpg?fit=688%2C715\" alt=\"\" class=\"wp-image-1563\" srcset=\"https:\/\/lightsontv.com\/wp-content\/uploads\/2018\/12\/B3.jpg 1728w, https:\/\/lightsontv.com\/wp-content\/uploads\/2018\/12\/B3-289x300.jpg 289w, https:\/\/lightsontv.com\/wp-content\/uploads\/2018\/12\/B3-768x797.jpg 768w, https:\/\/lightsontv.com\/wp-content\/uploads\/2018\/12\/B3-986x1024.jpg 986w, https:\/\/lightsontv.com\/wp-content\/uploads\/2018\/12\/B3-1600x1661.jpg 1600w\" sizes=\"auto, (max-width: 1728px) 100vw, 1728px\" \/><\/figure>\n\n\n\n<figure class=\"wp-block-image\"><img loading=\"lazy\" decoding=\"async\" width=\"2592\" height=\"1728\" src=\"https:\/\/i1.wp.com\/lightsontv.com\/wp-content\/uploads\/2018\/12\/B4.jpg?fit=688%2C459\" alt=\"\" class=\"wp-image-1564\" srcset=\"https:\/\/lightsontv.com\/wp-content\/uploads\/2018\/12\/B4.jpg 2592w, https:\/\/lightsontv.com\/wp-content\/uploads\/2018\/12\/B4-300x200.jpg 300w, https:\/\/lightsontv.com\/wp-content\/uploads\/2018\/12\/B4-768x512.jpg 768w, https:\/\/lightsontv.com\/wp-content\/uploads\/2018\/12\/B4-1024x683.jpg 1024w, https:\/\/lightsontv.com\/wp-content\/uploads\/2018\/12\/B4-1600x1067.jpg 1600w\" sizes=\"auto, (max-width: 2592px) 100vw, 2592px\" \/><\/figure>\n\n\n\n<p style=\"text-align:center\">Pero eso no es todo, en el<strong> Escenario San Andr\u00e9s Cholula<\/strong> se presentaron dos <strong>artistas sorpresa<\/strong>:\u00a0<br><strong>Daniela Spalla<\/strong> y <strong>Caloncho.<\/strong><\/p>\n\n\n\n<figure class=\"wp-block-image\"><img loading=\"lazy\" decoding=\"async\" width=\"2592\" height=\"1728\" src=\"https:\/\/i0.wp.com\/lightsontv.com\/wp-content\/uploads\/2018\/12\/B6-1.jpg?fit=688%2C459\" alt=\"\" class=\"wp-image-1567\" srcset=\"https:\/\/lightsontv.com\/wp-content\/uploads\/2018\/12\/B6-1.jpg 2592w, https:\/\/lightsontv.com\/wp-content\/uploads\/2018\/12\/B6-1-300x200.jpg 300w, https:\/\/lightsontv.com\/wp-content\/uploads\/2018\/12\/B6-1-768x512.jpg 768w, https:\/\/lightsontv.com\/wp-content\/uploads\/2018\/12\/B6-1-1024x683.jpg 1024w, https:\/\/lightsontv.com\/wp-content\/uploads\/2018\/12\/B6-1-1600x1067.jpg 1600w\" sizes=\"auto, (max-width: 2592px) 100vw, 2592px\" \/><\/figure>\n\n\n\n<ul class=\"wp-block-gallery columns-1 is-cropped wp-block-gallery-3 is-layout-flex wp-block-gallery-is-layout-flex\"><li class=\"blocks-gallery-item\"><figure><img loading=\"lazy\" decoding=\"async\" width=\"2592\" height=\"1728\" src=\"https:\/\/i1.wp.com\/lightsontv.com\/wp-content\/uploads\/2018\/12\/B7.jpg?fit=688%2C459\" alt=\"\" data-id=\"1566\" data-link=\"https:\/\/lightsontv.com\/?attachment_id=1566\" class=\"wp-image-1566\" srcset=\"https:\/\/lightsontv.com\/wp-content\/uploads\/2018\/12\/B7.jpg 2592w, https:\/\/lightsontv.com\/wp-content\/uploads\/2018\/12\/B7-300x200.jpg 300w, https:\/\/lightsontv.com\/wp-content\/uploads\/2018\/12\/B7-768x512.jpg 768w, https:\/\/lightsontv.com\/wp-content\/uploads\/2018\/12\/B7-1024x683.jpg 1024w, https:\/\/lightsontv.com\/wp-content\/uploads\/2018\/12\/B7-1600x1067.jpg 1600w\" sizes=\"auto, (max-width: 2592px) 100vw, 2592px\" \/><\/figure><\/li><\/ul>\n\n\n\n<p>\n\nLa fiesta segu\u00eda en aumento y con ello el arribo de m\u00e1s asistentes al festival.&nbsp;\n\n<\/p>\n\n\n\n<figure class=\"wp-block-image\"><img loading=\"lazy\" decoding=\"async\" width=\"2592\" height=\"1728\" src=\"https:\/\/i1.wp.com\/lightsontv.com\/wp-content\/uploads\/2018\/12\/IMG_7955.jpg?fit=688%2C459\" alt=\"\" class=\"wp-image-1572\" srcset=\"https:\/\/lightsontv.com\/wp-content\/uploads\/2018\/12\/IMG_7955.jpg 2592w, https:\/\/lightsontv.com\/wp-content\/uploads\/2018\/12\/IMG_7955-300x200.jpg 300w, https:\/\/lightsontv.com\/wp-content\/uploads\/2018\/12\/IMG_7955-768x512.jpg 768w, https:\/\/lightsontv.com\/wp-content\/uploads\/2018\/12\/IMG_7955-1024x683.jpg 1024w, https:\/\/lightsontv.com\/wp-content\/uploads\/2018\/12\/IMG_7955-1600x1067.jpg 1600w\" sizes=\"auto, (max-width: 2592px) 100vw, 2592px\" \/><\/figure>\n\n\n\n<p><strong>Porter<\/strong> por su parte se present\u00f3 en el <strong>Escenario Catrina<\/strong> donde canciones como <strong>\u00abP\u00e1jaros\u00bb <\/strong>y <strong>\u00abHuitzil\u00bb<\/strong> no pudieron faltar.<\/p>\n\n\n\n<figure class=\"wp-block-image\"><img loading=\"lazy\" decoding=\"async\" width=\"2592\" height=\"1728\" src=\"https:\/\/i2.wp.com\/lightsontv.com\/wp-content\/uploads\/2018\/12\/P1.jpg?fit=688%2C459\" alt=\"\" class=\"wp-image-1574\" srcset=\"https:\/\/lightsontv.com\/wp-content\/uploads\/2018\/12\/P1.jpg 2592w, https:\/\/lightsontv.com\/wp-content\/uploads\/2018\/12\/P1-300x200.jpg 300w, https:\/\/lightsontv.com\/wp-content\/uploads\/2018\/12\/P1-768x512.jpg 768w, https:\/\/lightsontv.com\/wp-content\/uploads\/2018\/12\/P1-1024x683.jpg 1024w, https:\/\/lightsontv.com\/wp-content\/uploads\/2018\/12\/P1-1600x1067.jpg 1600w\" sizes=\"auto, (max-width: 2592px) 100vw, 2592px\" \/><\/figure>\n\n\n\n<ul class=\"wp-block-gallery columns-3 is-cropped wp-block-gallery-4 is-layout-flex wp-block-gallery-is-layout-flex\"><li class=\"blocks-gallery-item\"><figure><img loading=\"lazy\" decoding=\"async\" width=\"2592\" height=\"1728\" src=\"https:\/\/i1.wp.com\/lightsontv.com\/wp-content\/uploads\/2018\/12\/P-3.jpg?fit=688%2C459\" alt=\"\" data-id=\"1575\" data-link=\"https:\/\/lightsontv.com\/?attachment_id=1575\" class=\"wp-image-1575\" srcset=\"https:\/\/lightsontv.com\/wp-content\/uploads\/2018\/12\/P-3.jpg 2592w, https:\/\/lightsontv.com\/wp-content\/uploads\/2018\/12\/P-3-300x200.jpg 300w, https:\/\/lightsontv.com\/wp-content\/uploads\/2018\/12\/P-3-768x512.jpg 768w, https:\/\/lightsontv.com\/wp-content\/uploads\/2018\/12\/P-3-1024x683.jpg 1024w, https:\/\/lightsontv.com\/wp-content\/uploads\/2018\/12\/P-3-1600x1067.jpg 1600w\" sizes=\"auto, (max-width: 2592px) 100vw, 2592px\" \/><\/figure><\/li><li class=\"blocks-gallery-item\"><figure><img loading=\"lazy\" decoding=\"async\" width=\"2592\" height=\"1728\" src=\"https:\/\/i0.wp.com\/lightsontv.com\/wp-content\/uploads\/2018\/12\/P2.jpg?fit=688%2C459\" alt=\"\" data-id=\"1576\" data-link=\"https:\/\/lightsontv.com\/?attachment_id=1576\" class=\"wp-image-1576\" srcset=\"https:\/\/lightsontv.com\/wp-content\/uploads\/2018\/12\/P2.jpg 2592w, https:\/\/lightsontv.com\/wp-content\/uploads\/2018\/12\/P2-300x200.jpg 300w, https:\/\/lightsontv.com\/wp-content\/uploads\/2018\/12\/P2-768x512.jpg 768w, https:\/\/lightsontv.com\/wp-content\/uploads\/2018\/12\/P2-1024x683.jpg 1024w, https:\/\/lightsontv.com\/wp-content\/uploads\/2018\/12\/P2-1600x1067.jpg 1600w\" sizes=\"auto, (max-width: 2592px) 100vw, 2592px\" \/><\/figure><\/li><li class=\"blocks-gallery-item\"><figure><img loading=\"lazy\" decoding=\"async\" width=\"2592\" height=\"1728\" src=\"https:\/\/i2.wp.com\/lightsontv.com\/wp-content\/uploads\/2018\/12\/P4.jpg?fit=688%2C459\" alt=\"\" data-id=\"1577\" data-link=\"https:\/\/lightsontv.com\/?attachment_id=1577\" class=\"wp-image-1577\" srcset=\"https:\/\/lightsontv.com\/wp-content\/uploads\/2018\/12\/P4.jpg 2592w, https:\/\/lightsontv.com\/wp-content\/uploads\/2018\/12\/P4-300x200.jpg 300w, https:\/\/lightsontv.com\/wp-content\/uploads\/2018\/12\/P4-768x512.jpg 768w, https:\/\/lightsontv.com\/wp-content\/uploads\/2018\/12\/P4-1024x683.jpg 1024w, https:\/\/lightsontv.com\/wp-content\/uploads\/2018\/12\/P4-1600x1067.jpg 1600w\" sizes=\"auto, (max-width: 2592px) 100vw, 2592px\" \/><\/figure><\/li><\/ul>\n\n\n\n<p>Pero eso no es todo, dentro de las activaciones del festival hubo sesiones ac\u00fasticas en el interior del <strong>Escenario Pepsi.<\/strong> <\/p>\n\n\n\n<p>Una de las tocadas que nos sorprendi\u00f3 fue en d\u00f3nde se presentaron <strong>Daniel Guti\u00e9rrez<\/strong> (La Gusana Ciega), <strong>Ismael Salcedo<\/strong> (Los Daniels) y <strong>Charlie Caztro<\/strong> (Jumbo).<\/p>\n\n\n\n<ul class=\"wp-block-gallery columns-3 is-cropped wp-block-gallery-5 is-layout-flex wp-block-gallery-is-layout-flex\"><li class=\"blocks-gallery-item\"><figure><img loading=\"lazy\" decoding=\"async\" width=\"1734\" height=\"1521\" src=\"https:\/\/i0.wp.com\/lightsontv.com\/wp-content\/uploads\/2018\/12\/C1.jpg?fit=688%2C603\" alt=\"\" data-id=\"1578\" data-link=\"https:\/\/lightsontv.com\/?attachment_id=1578\" class=\"wp-image-1578\" srcset=\"https:\/\/lightsontv.com\/wp-content\/uploads\/2018\/12\/C1.jpg 1734w, https:\/\/lightsontv.com\/wp-content\/uploads\/2018\/12\/C1-300x263.jpg 300w, https:\/\/lightsontv.com\/wp-content\/uploads\/2018\/12\/C1-768x674.jpg 768w, https:\/\/lightsontv.com\/wp-content\/uploads\/2018\/12\/C1-1024x898.jpg 1024w, https:\/\/lightsontv.com\/wp-content\/uploads\/2018\/12\/C1-1600x1403.jpg 1600w\" sizes=\"auto, (max-width: 1734px) 100vw, 1734px\" \/><\/figure><\/li><li class=\"blocks-gallery-item\"><figure><img loading=\"lazy\" decoding=\"async\" width=\"1728\" height=\"2592\" src=\"https:\/\/i1.wp.com\/lightsontv.com\/wp-content\/uploads\/2018\/12\/C2.jpg?fit=683%2C1024\" alt=\"\" data-id=\"1579\" data-link=\"https:\/\/lightsontv.com\/?attachment_id=1579\" class=\"wp-image-1579\" srcset=\"https:\/\/lightsontv.com\/wp-content\/uploads\/2018\/12\/C2.jpg 1728w, https:\/\/lightsontv.com\/wp-content\/uploads\/2018\/12\/C2-200x300.jpg 200w, https:\/\/lightsontv.com\/wp-content\/uploads\/2018\/12\/C2-768x1152.jpg 768w, https:\/\/lightsontv.com\/wp-content\/uploads\/2018\/12\/C2-683x1024.jpg 683w, https:\/\/lightsontv.com\/wp-content\/uploads\/2018\/12\/C2-1600x2400.jpg 1600w\" sizes=\"auto, (max-width: 1728px) 100vw, 1728px\" \/><\/figure><\/li><li class=\"blocks-gallery-item\"><figure><img loading=\"lazy\" decoding=\"async\" width=\"1728\" height=\"2592\" src=\"https:\/\/i1.wp.com\/lightsontv.com\/wp-content\/uploads\/2018\/12\/C3.jpg?fit=683%2C1024\" alt=\"\" data-id=\"1580\" data-link=\"https:\/\/lightsontv.com\/?attachment_id=1580\" class=\"wp-image-1580\" srcset=\"https:\/\/lightsontv.com\/wp-content\/uploads\/2018\/12\/C3.jpg 1728w, https:\/\/lightsontv.com\/wp-content\/uploads\/2018\/12\/C3-200x300.jpg 200w, https:\/\/lightsontv.com\/wp-content\/uploads\/2018\/12\/C3-768x1152.jpg 768w, https:\/\/lightsontv.com\/wp-content\/uploads\/2018\/12\/C3-683x1024.jpg 683w, https:\/\/lightsontv.com\/wp-content\/uploads\/2018\/12\/C3-1600x2400.jpg 1600w\" sizes=\"auto, (max-width: 1728px) 100vw, 1728px\" \/><\/figure><\/li><\/ul>\n\n\n\n<p>Llegaba la noche al <strong>Parque Pir\u00e1mide de Cholula <\/strong>y con ello los artistas estelares.\u00a0<\/p>\n\n\n\n<figure class=\"wp-block-image\"><img loading=\"lazy\" decoding=\"async\" width=\"2592\" height=\"1728\" src=\"https:\/\/i2.wp.com\/lightsontv.com\/wp-content\/uploads\/2018\/12\/IMG_8718.jpg?fit=688%2C459\" alt=\"\" class=\"wp-image-1582\" srcset=\"https:\/\/lightsontv.com\/wp-content\/uploads\/2018\/12\/IMG_8718.jpg 2592w, https:\/\/lightsontv.com\/wp-content\/uploads\/2018\/12\/IMG_8718-300x200.jpg 300w, https:\/\/lightsontv.com\/wp-content\/uploads\/2018\/12\/IMG_8718-768x512.jpg 768w, https:\/\/lightsontv.com\/wp-content\/uploads\/2018\/12\/IMG_8718-1024x683.jpg 1024w, https:\/\/lightsontv.com\/wp-content\/uploads\/2018\/12\/IMG_8718-1600x1067.jpg 1600w\" sizes=\"auto, (max-width: 2592px) 100vw, 2592px\" \/><\/figure>\n\n\n\n<p><strong>Fobia<\/strong> sali\u00f3 al <strong>Escenario Catrina<\/strong>\u00a0en donde toc\u00f3 sus m\u00e1s grandes \u00e9xitos <strong>\u00abEl Microbito\u00bb <\/strong>y <strong>\u00abHoy Tengo Miedo\u00bb<\/strong>.<br><\/p>\n\n\n\n<figure class=\"wp-block-image\"><img loading=\"lazy\" decoding=\"async\" width=\"1728\" height=\"2309\" src=\"https:\/\/i0.wp.com\/lightsontv.com\/wp-content\/uploads\/2018\/12\/F1.jpg?fit=688%2C920\" alt=\"\" class=\"wp-image-1583\" srcset=\"https:\/\/lightsontv.com\/wp-content\/uploads\/2018\/12\/F1.jpg 1728w, https:\/\/lightsontv.com\/wp-content\/uploads\/2018\/12\/F1-225x300.jpg 225w, https:\/\/lightsontv.com\/wp-content\/uploads\/2018\/12\/F1-768x1026.jpg 768w, https:\/\/lightsontv.com\/wp-content\/uploads\/2018\/12\/F1-766x1024.jpg 766w, https:\/\/lightsontv.com\/wp-content\/uploads\/2018\/12\/F1-1600x2138.jpg 1600w\" sizes=\"auto, (max-width: 1728px) 100vw, 1728px\" \/><\/figure>\n\n\n\n<figure class=\"wp-block-image\"><img loading=\"lazy\" decoding=\"async\" width=\"2592\" height=\"1728\" src=\"https:\/\/i2.wp.com\/lightsontv.com\/wp-content\/uploads\/2018\/12\/F2.jpg?fit=688%2C459\" alt=\"\" class=\"wp-image-1584\" srcset=\"https:\/\/lightsontv.com\/wp-content\/uploads\/2018\/12\/F2.jpg 2592w, https:\/\/lightsontv.com\/wp-content\/uploads\/2018\/12\/F2-300x200.jpg 300w, https:\/\/lightsontv.com\/wp-content\/uploads\/2018\/12\/F2-768x512.jpg 768w, https:\/\/lightsontv.com\/wp-content\/uploads\/2018\/12\/F2-1024x683.jpg 1024w, https:\/\/lightsontv.com\/wp-content\/uploads\/2018\/12\/F2-1600x1067.jpg 1600w\" sizes=\"auto, (max-width: 2592px) 100vw, 2592px\" \/><\/figure>\n\n\n\n<p><strong>Weezer <\/strong>fue de los artistas m\u00e1s esperados y su show de primer mundo hizo que los int\u00e9rpretes de <strong>\u00abAfrica\u00bb<\/strong> fueran de los m\u00e1s aclamados por los asistentes.\u00a0<\/p>\n\n\n\n<figure class=\"wp-block-image\"><img loading=\"lazy\" decoding=\"async\" width=\"1320\" height=\"1485\" src=\"https:\/\/i2.wp.com\/lightsontv.com\/wp-content\/uploads\/2018\/12\/W1.jpg?fit=688%2C774\" alt=\"\" class=\"wp-image-1585\" srcset=\"https:\/\/lightsontv.com\/wp-content\/uploads\/2018\/12\/W1.jpg 1320w, https:\/\/lightsontv.com\/wp-content\/uploads\/2018\/12\/W1-267x300.jpg 267w, https:\/\/lightsontv.com\/wp-content\/uploads\/2018\/12\/W1-768x864.jpg 768w, https:\/\/lightsontv.com\/wp-content\/uploads\/2018\/12\/W1-910x1024.jpg 910w\" sizes=\"auto, (max-width: 1320px) 100vw, 1320px\" \/><\/figure>\n\n\n\n<p>Durante su show canciones como <strong>\u00abFeels Like Summer\u00bb <\/strong>y <strong>\u00abBuddy Holly\u00bb <\/strong>atrajeron a m\u00e1s p\u00fablico al escenario.\u00a0\u00a0<\/p>\n\n\n\n<figure class=\"wp-block-image\"><img loading=\"lazy\" decoding=\"async\" width=\"2592\" height=\"1728\" src=\"https:\/\/i2.wp.com\/lightsontv.com\/wp-content\/uploads\/2018\/12\/W2.jpg?fit=688%2C459\" alt=\"\" class=\"wp-image-1586\" srcset=\"https:\/\/lightsontv.com\/wp-content\/uploads\/2018\/12\/W2.jpg 2592w, https:\/\/lightsontv.com\/wp-content\/uploads\/2018\/12\/W2-300x200.jpg 300w, https:\/\/lightsontv.com\/wp-content\/uploads\/2018\/12\/W2-768x512.jpg 768w, https:\/\/lightsontv.com\/wp-content\/uploads\/2018\/12\/W2-1024x683.jpg 1024w, https:\/\/lightsontv.com\/wp-content\/uploads\/2018\/12\/W2-1600x1067.jpg 1600w\" sizes=\"auto, (max-width: 2592px) 100vw, 2592px\" \/><\/figure>\n\n\n\n<p><strong>Reyno<\/strong> se present\u00f3 en el <strong>Escenario Takis<\/strong>, dando una presentaci\u00f3n llena de nostalgia y rock con ese estilo indie que los caracteriza.\u00a0<\/p>\n\n\n\n<figure class=\"wp-block-image\"><img loading=\"lazy\" decoding=\"async\" width=\"2592\" height=\"1728\" src=\"https:\/\/i1.wp.com\/lightsontv.com\/wp-content\/uploads\/2018\/12\/R2.jpg?fit=688%2C459\" alt=\"\" class=\"wp-image-1587\" srcset=\"https:\/\/lightsontv.com\/wp-content\/uploads\/2018\/12\/R2.jpg 2592w, https:\/\/lightsontv.com\/wp-content\/uploads\/2018\/12\/R2-300x200.jpg 300w, https:\/\/lightsontv.com\/wp-content\/uploads\/2018\/12\/R2-768x512.jpg 768w, https:\/\/lightsontv.com\/wp-content\/uploads\/2018\/12\/R2-1024x683.jpg 1024w, https:\/\/lightsontv.com\/wp-content\/uploads\/2018\/12\/R2-1600x1067.jpg 1600w\" sizes=\"auto, (max-width: 2592px) 100vw, 2592px\" \/><\/figure>\n\n\n\n<figure class=\"wp-block-image\"><img loading=\"lazy\" decoding=\"async\" width=\"1728\" height=\"2010\" src=\"https:\/\/i0.wp.com\/lightsontv.com\/wp-content\/uploads\/2018\/12\/R1.jpg?fit=688%2C801\" alt=\"\" class=\"wp-image-1588\" srcset=\"https:\/\/lightsontv.com\/wp-content\/uploads\/2018\/12\/R1.jpg 1728w, https:\/\/lightsontv.com\/wp-content\/uploads\/2018\/12\/R1-258x300.jpg 258w, https:\/\/lightsontv.com\/wp-content\/uploads\/2018\/12\/R1-768x893.jpg 768w, https:\/\/lightsontv.com\/wp-content\/uploads\/2018\/12\/R1-880x1024.jpg 880w, https:\/\/lightsontv.com\/wp-content\/uploads\/2018\/12\/R1-1600x1861.jpg 1600w\" sizes=\"auto, (max-width: 1728px) 100vw, 1728px\" \/><\/figure>\n\n\n\n<p><strong>Man\u00e1<\/strong> sali\u00f3 al <strong>Escenario Indio <\/strong>con la intenci\u00f3n de arrasar con todo a su alrededor y es que pese que no les tocaba ser el talento que cerrar\u00eda los shows de ese lugar, dieron un espect\u00e1culo muy intenso.\u00a0<\/p>\n\n\n\n<figure class=\"wp-block-image\"><img loading=\"lazy\" decoding=\"async\" width=\"1503\" height=\"1215\" src=\"https:\/\/i0.wp.com\/lightsontv.com\/wp-content\/uploads\/2018\/12\/M-1.jpg?fit=688%2C556\" alt=\"\" class=\"wp-image-1589\" srcset=\"https:\/\/lightsontv.com\/wp-content\/uploads\/2018\/12\/M-1.jpg 1503w, https:\/\/lightsontv.com\/wp-content\/uploads\/2018\/12\/M-1-300x243.jpg 300w, https:\/\/lightsontv.com\/wp-content\/uploads\/2018\/12\/M-1-768x621.jpg 768w, https:\/\/lightsontv.com\/wp-content\/uploads\/2018\/12\/M-1-1024x828.jpg 1024w\" sizes=\"auto, (max-width: 1503px) 100vw, 1503px\" \/><\/figure>\n\n\n\n<p>Canciones como <strong>\u00abMariposa Traicionera\u00bb <\/strong>y <strong>\u00abClavado En Un Bar\u00bb <\/strong>fueron las que m\u00e1s sonaron entre los asistentes.<\/p>\n\n\n\n<p>Lleg\u00f3 el momento que todos estaban esperando, tanto artistas (los que ya hab\u00edan tocado) como asistentes del evento acudieron al <strong>Escenario Catrina <\/strong>para ver la presentaci\u00f3n de <strong>Die Antwoord.<\/strong>\u00a0<\/p>\n\n\n\n<figure class=\"wp-block-image\"><img loading=\"lazy\" decoding=\"async\" width=\"2038\" height=\"1527\" src=\"https:\/\/i2.wp.com\/lightsontv.com\/wp-content\/uploads\/2018\/12\/DIE-ANT.jpg?fit=688%2C515\" alt=\"\" class=\"wp-image-1590\" srcset=\"https:\/\/lightsontv.com\/wp-content\/uploads\/2018\/12\/DIE-ANT.jpg 2038w, https:\/\/lightsontv.com\/wp-content\/uploads\/2018\/12\/DIE-ANT-300x225.jpg 300w, https:\/\/lightsontv.com\/wp-content\/uploads\/2018\/12\/DIE-ANT-768x575.jpg 768w, https:\/\/lightsontv.com\/wp-content\/uploads\/2018\/12\/DIE-ANT-1024x767.jpg 1024w, https:\/\/lightsontv.com\/wp-content\/uploads\/2018\/12\/DIE-ANT-1600x1199.jpg 1600w\" sizes=\"auto, (max-width: 2038px) 100vw, 2038px\" \/><\/figure>\n\n\n\n<p>\n\nLa agrupaci\u00f3n sudafricana sali\u00f3 a romper el escenario con una energ\u00eda impresionante que contagiaron a todos.&nbsp;<\/p>\n\n\n\n<figure class=\"wp-block-image\"><img loading=\"lazy\" decoding=\"async\" width=\"2064\" height=\"1527\" src=\"https:\/\/i2.wp.com\/lightsontv.com\/wp-content\/uploads\/2018\/12\/D3.jpg?fit=688%2C509\" alt=\"\" class=\"wp-image-1591\" srcset=\"https:\/\/lightsontv.com\/wp-content\/uploads\/2018\/12\/D3.jpg 2064w, https:\/\/lightsontv.com\/wp-content\/uploads\/2018\/12\/D3-300x222.jpg 300w, https:\/\/lightsontv.com\/wp-content\/uploads\/2018\/12\/D3-768x568.jpg 768w, https:\/\/lightsontv.com\/wp-content\/uploads\/2018\/12\/D3-1024x758.jpg 1024w, https:\/\/lightsontv.com\/wp-content\/uploads\/2018\/12\/D3-1600x1184.jpg 1600w\" sizes=\"auto, (max-width: 2064px) 100vw, 2064px\" \/><\/figure>\n\n\n\n<p><strong>\u00abBanana Brain\u00bb<\/strong>, <strong>\u00abBrain&#8217;s on Fire\u00bb<\/strong>,<strong> \u00abI Fink U Freeaky\u00bb<\/strong> y <strong>\u00abFatty Boom Boom\u00bb<\/strong>\u00a0fueron las canciones que pusieron a bailar a los asistentes de la tercera edici\u00f3n del <strong>Festival Catrina<\/strong>.\u00a0\u00a0<\/p>\n\n\n\n<ul class=\"wp-block-gallery columns-2 is-cropped wp-block-gallery-6 is-layout-flex wp-block-gallery-is-layout-flex\"><li class=\"blocks-gallery-item\"><figure><img loading=\"lazy\" decoding=\"async\" width=\"1251\" height=\"1545\" src=\"https:\/\/i1.wp.com\/lightsontv.com\/wp-content\/uploads\/2018\/12\/D1.jpg?fit=688%2C850\" alt=\"\" data-id=\"1592\" data-link=\"https:\/\/lightsontv.com\/?attachment_id=1592\" class=\"wp-image-1592\" srcset=\"https:\/\/lightsontv.com\/wp-content\/uploads\/2018\/12\/D1.jpg 1251w, https:\/\/lightsontv.com\/wp-content\/uploads\/2018\/12\/D1-243x300.jpg 243w, https:\/\/lightsontv.com\/wp-content\/uploads\/2018\/12\/D1-768x948.jpg 768w, https:\/\/lightsontv.com\/wp-content\/uploads\/2018\/12\/D1-829x1024.jpg 829w\" sizes=\"auto, (max-width: 1251px) 100vw, 1251px\" \/><\/figure><\/li><li class=\"blocks-gallery-item\"><figure><img loading=\"lazy\" decoding=\"async\" width=\"1128\" height=\"1644\" src=\"https:\/\/i2.wp.com\/lightsontv.com\/wp-content\/uploads\/2018\/12\/D2.jpg?fit=688%2C1002\" alt=\"\" data-id=\"1593\" data-link=\"https:\/\/lightsontv.com\/?attachment_id=1593\" class=\"wp-image-1593\" srcset=\"https:\/\/lightsontv.com\/wp-content\/uploads\/2018\/12\/D2.jpg 1128w, https:\/\/lightsontv.com\/wp-content\/uploads\/2018\/12\/D2-206x300.jpg 206w, https:\/\/lightsontv.com\/wp-content\/uploads\/2018\/12\/D2-768x1119.jpg 768w, https:\/\/lightsontv.com\/wp-content\/uploads\/2018\/12\/D2-703x1024.jpg 703w\" sizes=\"auto, (max-width: 1128px) 100vw, 1128px\" \/><\/figure><\/li><\/ul>\n\n\n\n<p>El festival reuni\u00f3 a un p\u00fablico nacional en internacional, en d\u00f3nde los asistentes pudieron compartir ideas musicales y probar la gastronom\u00eda de la ciudad. Adem\u00e1s, estuvo cargado de una variedad de g\u00e9neros musicales que funcionaron de manera excelente.<\/p>\n\n\n\n<figure class=\"wp-block-image\"><img loading=\"lazy\" decoding=\"async\" width=\"2592\" height=\"1728\" src=\"https:\/\/i2.wp.com\/lightsontv.com\/wp-content\/uploads\/2018\/12\/IMG_8235.jpg?fit=688%2C459\" alt=\"\" class=\"wp-image-1594\" srcset=\"https:\/\/lightsontv.com\/wp-content\/uploads\/2018\/12\/IMG_8235.jpg 2592w, https:\/\/lightsontv.com\/wp-content\/uploads\/2018\/12\/IMG_8235-300x200.jpg 300w, https:\/\/lightsontv.com\/wp-content\/uploads\/2018\/12\/IMG_8235-768x512.jpg 768w, https:\/\/lightsontv.com\/wp-content\/uploads\/2018\/12\/IMG_8235-1024x683.jpg 1024w, https:\/\/lightsontv.com\/wp-content\/uploads\/2018\/12\/IMG_8235-1600x1067.jpg 1600w\" sizes=\"auto, (max-width: 2592px) 100vw, 2592px\" \/><\/figure>\n\n\n\n<p>Cabe destacar que los asistentes del festival se encontraron con una dif\u00edcil decisi\u00f3n puesto que no pod\u00edan decidirse hacia que escenario dirigirse, por lo que optaron por estar en todos. \u00bfC\u00f3mo lo lograron? Sacrificaron la mitad de las presentaciones de los artistas para as\u00ed poder disfrutar los shows.\u00a0<br><\/p>\n\n\n\n<figure class=\"wp-block-image\"><img loading=\"lazy\" decoding=\"async\" width=\"2592\" height=\"1728\" src=\"https:\/\/i0.wp.com\/lightsontv.com\/wp-content\/uploads\/2018\/12\/IMG_8258.jpg?fit=688%2C459\" alt=\"\" class=\"wp-image-1595\" srcset=\"https:\/\/lightsontv.com\/wp-content\/uploads\/2018\/12\/IMG_8258.jpg 2592w, https:\/\/lightsontv.com\/wp-content\/uploads\/2018\/12\/IMG_8258-300x200.jpg 300w, https:\/\/lightsontv.com\/wp-content\/uploads\/2018\/12\/IMG_8258-768x512.jpg 768w, https:\/\/lightsontv.com\/wp-content\/uploads\/2018\/12\/IMG_8258-1024x683.jpg 1024w, https:\/\/lightsontv.com\/wp-content\/uploads\/2018\/12\/IMG_8258-1600x1067.jpg 1600w\" sizes=\"auto, (max-width: 2592px) 100vw, 2592px\" \/><\/figure>\n\n\n\n<p>Y es que lo horarios estaban empalmados, pero es parte de lo que hace hermoso a un festival. La adrenalina de correr de un lado a otro, el hacer nuevos amigos y encontrarte hasta conocidos.<\/p>\n\n\n\n<p><strong>Cholula Puebla<\/strong>, es conocida como la <strong>Ciudad de las Iglesias<\/strong> pero a partir de esta tercera edici\u00f3n del<strong> Festival Catrina<\/strong> se conocer\u00e1 como la cuna de uno de los festivales m\u00e1s importantes del pa\u00eds.<\/p>\n\n\n\n<figure class=\"wp-block-image\"><img loading=\"lazy\" decoding=\"async\" width=\"2592\" height=\"1728\" src=\"https:\/\/i1.wp.com\/lightsontv.com\/wp-content\/uploads\/2018\/12\/cierre.jpg?fit=688%2C459\" alt=\"\" class=\"wp-image-1596\" srcset=\"https:\/\/lightsontv.com\/wp-content\/uploads\/2018\/12\/cierre.jpg 2592w, https:\/\/lightsontv.com\/wp-content\/uploads\/2018\/12\/cierre-300x200.jpg 300w, https:\/\/lightsontv.com\/wp-content\/uploads\/2018\/12\/cierre-768x512.jpg 768w, https:\/\/lightsontv.com\/wp-content\/uploads\/2018\/12\/cierre-1024x683.jpg 1024w, https:\/\/lightsontv.com\/wp-content\/uploads\/2018\/12\/cierre-1600x1067.jpg 1600w\" sizes=\"auto, (max-width: 2592px) 100vw, 2592px\" \/><\/figure>\n\n\n\n<p style=\"text-align:center\"><em>Fotograf\u00edas: Julio Gomez \/ Maye Gomez<\/em><\/p>\n","protected":false},"excerpt":{"rendered":"<p>\u00a1Nos lanzamos al Festival Indio Catrina y quedamos muy sorprendidos!<\/p>\n<p>No te contamos m\u00e1s, lee la rese\u00f1a.<\/p>\n","protected":false},"author":2,"featured_media":1597,"comment_status":"open","ping_status":"open","sticky":false,"template":"","format":"standard","meta":{"footnotes":""},"categories":[92,93,53,36],"tags":[107,124,118,120,105,117,17,88,129,126,121,122,125,64,128,119,113,67,123,127,116,114,130],"class_list":["post-1541","post","type-post","status-publish","format-standard","has-post-thumbnail","hentry","category-festivals","category-music","category-musica","category-rock","tag-caloncho","tag-chetes","tag-cholula","tag-daniela-spalla","tag-die-antwoord","tag-festival-catrina","tag-festivales","tag-fobia","tag-jumbo","tag-lng-sht","tag-lola-club","tag-mana","tag-morat","tag-pop","tag-porter","tag-puebla","tag-rap","tag-rock","tag-sabino","tag-the-marias","tag-turismo","tag-viajes","tag-weezer"],"_links":{"self":[{"href":"https:\/\/lightsontv.com\/index.php?rest_route=\/wp\/v2\/posts\/1541","targetHints":{"allow":["GET"]}}],"collection":[{"href":"https:\/\/lightsontv.com\/index.php?rest_route=\/wp\/v2\/posts"}],"about":[{"href":"https:\/\/lightsontv.com\/index.php?rest_route=\/wp\/v2\/types\/post"}],"author":[{"embeddable":true,"href":"https:\/\/lightsontv.com\/index.php?rest_route=\/wp\/v2\/users\/2"}],"replies":[{"embeddable":true,"href":"https:\/\/lightsontv.com\/index.php?rest_route=%2Fwp%2Fv2%2Fcomments&post=1541"}],"version-history":[{"count":2,"href":"https:\/\/lightsontv.com\/index.php?rest_route=\/wp\/v2\/posts\/1541\/revisions"}],"predecessor-version":[{"id":1599,"href":"https:\/\/lightsontv.com\/index.php?rest_route=\/wp\/v2\/posts\/1541\/revisions\/1599"}],"wp:featuredmedia":[{"embeddable":true,"href":"https:\/\/lightsontv.com\/index.php?rest_route=\/wp\/v2\/media\/1597"}],"wp:attachment":[{"href":"https:\/\/lightsontv.com\/index.php?rest_route=%2Fwp%2Fv2%2Fmedia&parent=1541"}],"wp:term":[{"taxonomy":"category","embeddable":true,"href":"https:\/\/lightsontv.com\/index.php?rest_route=%2Fwp%2Fv2%2Fcategories&post=1541"},{"taxonomy":"post_tag","embeddable":true,"href":"https:\/\/lightsontv.com\/index.php?rest_route=%2Fwp%2Fv2%2Ftags&post=1541"}],"curies":[{"name":"wp","href":"https:\/\/api.w.org\/{rel}","templated":true}]}}