{"id":1533,"date":"2018-12-11T01:14:56","date_gmt":"2018-12-11T07:14:56","guid":{"rendered":"https:\/\/lightsontv.com\/?p=1533"},"modified":"2018-12-17T01:31:08","modified_gmt":"2018-12-17T07:31:08","slug":"mon-laferte-regresa-al-auditorio-nacional","status":"publish","type":"post","link":"https:\/\/lightsontv.com\/?p=1533","title":{"rendered":"Mon Laferte regresa al Auditorio Nacional"},"content":{"rendered":"\n<p>Mi\u00e9rcoles 15 de mayo \u2013 Auditorio Nacional &#8211; 20:00 horas &#8211; Preventa Citibanamex: 11 y 12 de diciembre<\/p>\n\n\n\n<p class=\"has-background has-drop-cap has-very-light-gray-background-color\">La cantante, compositora y multi-instrumentista Mon Laferte llegar\u00e1 de nueva cuenta a los escenarios de la capital mexicana de la mano de su nuevo disco titulado Norma. Para esta bohemia musical, la 6 veces nominada al Grammy Latino, se adue\u00f1ar\u00e1 del Auditorio Nacional el pr\u00f3ximo mi\u00e9rcoles 15 de mayo. La preventa Citibanamex se realizar\u00e1 los d\u00edas 11 y 12 de diciembre.<\/p>\n\n\n\n<figure class=\"wp-block-image\"><img loading=\"lazy\" decoding=\"async\" width=\"853\" height=\"1280\" src=\"https:\/\/i2.wp.com\/lightsontv.com\/wp-content\/uploads\/2018\/12\/norma-2.jpg?fit=682%2C1024\" alt=\"\" class=\"wp-image-1534\" srcset=\"https:\/\/lightsontv.com\/wp-content\/uploads\/2018\/12\/norma-2.jpg 853w, https:\/\/lightsontv.com\/wp-content\/uploads\/2018\/12\/norma-2-200x300.jpg 200w, https:\/\/lightsontv.com\/wp-content\/uploads\/2018\/12\/norma-2-768x1152.jpg 768w, https:\/\/lightsontv.com\/wp-content\/uploads\/2018\/12\/norma-2-682x1024.jpg 682w\" sizes=\"auto, (max-width: 853px) 100vw, 853px\" \/><\/figure>\n\n\n\n<p>Norma est\u00e1 compuesta por 10 temas y se desprenden como primeros sencillos El Mambo, El beso, en cuyo video hace una aparici\u00f3n especial Diego Luna y Por qu\u00e9 me fui a enamorar de ti. En esta canci\u00f3n, Laferte recuper\u00f3 el fulgor de la Fani All Stars (H\u00e9ctor Lavoe, Rub\u00e9n Blades, Willie Col\u00f3n y Celia Cruz) dando el protagonismo a la salsa como uno de los g\u00e9neros m\u00e1s relevantes. El resto de las canciones que integran esta nueva producci\u00f3n son Ronroneo, No te me quites de ac\u00e1, Qu\u00e9date esta noche, Caderas blancas, Cumbia para olvidar, Funeral y Si alguna vez con la participaci\u00f3n de El David Aguilar.<\/p>\n\n\n\n<p>El disco fue producido por el tambi\u00e9n multi-instrumentista, compositor, escritor y cineasta Omar Rodr\u00edguez-L\u00f3pez (At The Drive-In y The Mars Volta). Grabado por Bruce Botnick (The Doors, The Beach Boys). Mezclado por Rich Costey (Sigur R\u00f3s, The Killers, Muse) y masterizado por Howie Weinberg (Aerosmith, Nirvana, Bj\u00f6rk), Cabe mencionar que la grabaci\u00f3n de Norma se realiz\u00f3 en una sola en toma en los legendarios estudios de Capitol Records Building en Los \u00c1ngeles, California, donde grab\u00f3 gente de la talla de Frank Sinatra, Nat King Cole, Ray Charles, The Beach Boys y Green Day, entre otros.<\/p>\n\n\n\n<p class=\"has-background has-very-light-gray-background-color\">En palabras de su propia creadora: \u201cNorma es un \u00e1lbum bastante cinematogr\u00e1fico. Lo grabamos en una hora, a lo Frank Sinatra; todos juntos cantamos y tocamos las 10 canciones una vez de corrido y ya ten\u00edamos el \u00e1lbum. Hay cosas que s\u00f3lo se pueden lograr grabando de esa manera, todos los m\u00fasicos juntos tocando las 10 canciones. Es un \u00e1lbum que relata etapas de una relaci\u00f3n de pareja desde el comienzo, cuando se conocen hasta que termina esta relaci\u00f3n. Yo digo que es m\u00e1s bien una obra de teatro, una pel\u00edcula, m\u00e1s que un \u00e1lbum por s\u00ed solo.\u201d<\/p>\n\n\n\n<p>El gusto por la m\u00fasica de Mon Laferte se manifest\u00f3 a muy temprana edad, donde logr\u00f3 un reconocimiento en su pa\u00eds, Chile. M\u00e1s tarde, radic\u00f3 en la Ciudad de M\u00e9xico. En 2016, lanz\u00f3 su disco Mon Laferte Vol. 1 con el que consigui\u00f3 dos premios MTV, dos nominaciones a los premios EMA\u2019s MTV, incluyendo Mejor Nuevo Artista Norte. Este \u00e1lbum se consolid\u00f3 como uno de los m\u00e1s importantes en Latinoam\u00e9rica y consigui\u00f3 certificaciones en distintos pa\u00edses del continente. En Per\u00fa fue disco de platino, M\u00e9xico le otorg\u00f3 el triple disco de platino m\u00e1s oro. En Chile recibi\u00f3 quince discos de platino. Aunado a todo esto, consigui\u00f3 dos nominaciones al Latin Grammy como Mejor Nueva Artista y Mejor \u00c1lbum Alternativo del A\u00f1o.<\/p>\n\n\n\n<p>\n\nPara el 2017, consigui\u00f3 el reconocimiento internacional con una presentaci\u00f3n hist\u00f3rica en Vi\u00f1a del Mar, donde recibi\u00f3 la Gaviota de Plata y de Oro. Este mismo a\u00f1o, present\u00f3 su producci\u00f3n La Trenza, que en poco tiempo se convirti\u00f3 en disco de diamante m\u00e1s oro en M\u00e9xico.\n\n<\/p>\n\n\n\n<p>\n\nCon una destacada trayectoria repleta de esfuerzo y dedicaci\u00f3n, la chilena m\u00e1s mexicana, Mon Laferte regresar\u00e1 a la Ciudad de M\u00e9xico, para benepl\u00e1cito de sus fieles seguidores, con su nuevo disco, Norma, bajo el brazo. La fecha pactada para disfrutar de este excelso concierto ser\u00e1 el mi\u00e9rcoles&nbsp;<strong>15 de mayo<\/strong>&nbsp;y qu\u00e9 mejor marco que las instalaciones del&nbsp;<strong>Auditorio Nacional<\/strong>. La preventa Citibanamex se realizar\u00e1 los d\u00edas&nbsp;<strong>11 y 12 de diciembre<\/strong>. Mientras que la venta general comenzar\u00e1 a partir del 13 de diciembre en las taquillas del inmueble y a trav\u00e9s del Sistema Ticketmaster.\n\n<\/p>\n","protected":false},"excerpt":{"rendered":"<p>Mi\u00e9rcoles 15 de mayo \u2013 Auditorio Nacional &#8211; 20:00 horas &#8211; Preventa Citibanamex: 11 y&#8230;<\/p>\n","protected":false},"author":1,"featured_media":1534,"comment_status":"open","ping_status":"open","sticky":false,"template":"","format":"aside","meta":{"footnotes":""},"categories":[1],"tags":[23,138,64],"class_list":["post-1533","post","type-post","status-publish","format-aside","has-post-thumbnail","hentry","category-musica-3","tag-mexico","tag-monlaferte","tag-pop","post_format-post-format-aside"],"_links":{"self":[{"href":"https:\/\/lightsontv.com\/index.php?rest_route=\/wp\/v2\/posts\/1533","targetHints":{"allow":["GET"]}}],"collection":[{"href":"https:\/\/lightsontv.com\/index.php?rest_route=\/wp\/v2\/posts"}],"about":[{"href":"https:\/\/lightsontv.com\/index.php?rest_route=\/wp\/v2\/types\/post"}],"author":[{"embeddable":true,"href":"https:\/\/lightsontv.com\/index.php?rest_route=\/wp\/v2\/users\/1"}],"replies":[{"embeddable":true,"href":"https:\/\/lightsontv.com\/index.php?rest_route=%2Fwp%2Fv2%2Fcomments&post=1533"}],"version-history":[{"count":2,"href":"https:\/\/lightsontv.com\/index.php?rest_route=\/wp\/v2\/posts\/1533\/revisions"}],"predecessor-version":[{"id":1610,"href":"https:\/\/lightsontv.com\/index.php?rest_route=\/wp\/v2\/posts\/1533\/revisions\/1610"}],"wp:featuredmedia":[{"embeddable":true,"href":"https:\/\/lightsontv.com\/index.php?rest_route=\/wp\/v2\/media\/1534"}],"wp:attachment":[{"href":"https:\/\/lightsontv.com\/index.php?rest_route=%2Fwp%2Fv2%2Fmedia&parent=1533"}],"wp:term":[{"taxonomy":"category","embeddable":true,"href":"https:\/\/lightsontv.com\/index.php?rest_route=%2Fwp%2Fv2%2Fcategories&post=1533"},{"taxonomy":"post_tag","embeddable":true,"href":"https:\/\/lightsontv.com\/index.php?rest_route=%2Fwp%2Fv2%2Ftags&post=1533"}],"curies":[{"name":"wp","href":"https:\/\/api.w.org\/{rel}","templated":true}]}}