{"id":1082,"date":"2018-07-30T10:30:41","date_gmt":"2018-07-30T15:30:41","guid":{"rendered":"https:\/\/lightsontv.com\/?p=1082"},"modified":"2018-07-30T00:10:20","modified_gmt":"2018-07-30T05:10:20","slug":"secuela-de-star-wars-podria-usar-imagenes-antiguas-de-carrie-fisher","status":"publish","type":"post","link":"https:\/\/lightsontv.com\/?p=1082","title":{"rendered":"Secuela de &#8216;Star Wars&#8217; podr\u00eda usar im\u00e1genes antiguas de Carrie Fisher"},"content":{"rendered":"<p>LOS ANGELES &#8211; Carrie Fisher ser\u00e1 presentada en la pr\u00f3xima pel\u00edcula de \u00abLa guerra de las galaxias\u00bb, usando im\u00e1genes que nunca antes hab\u00eda visto grabadas antes de su muerte, dijo el viernes el estudio de Walt Disney.<\/p>\n<p>El actor Mark Hamill, cuyo personaje Luke Skywalker pareci\u00f3 morir el a\u00f1o pasado en \u00abStar Wars: The Last Jedi\u00bb, tambi\u00e9n aparecer\u00e1 en la pr\u00f3xima pel\u00edcula, que comenzar\u00e1 a rodarse en Londres el 1 de agosto, dijo Disney en un comunicado.<\/p>\n<p><img loading=\"lazy\" decoding=\"async\" class=\"aligncenter size-full wp-image-1084\" src=\"https:\/\/lightsontv.com\/wp-content\/uploads\/2018\/07\/1482528566-carriefisherprincessleia11.jpg\" alt=\"\" width=\"1200\" height=\"675\" srcset=\"https:\/\/lightsontv.com\/wp-content\/uploads\/2018\/07\/1482528566-carriefisherprincessleia11.jpg 1200w, https:\/\/lightsontv.com\/wp-content\/uploads\/2018\/07\/1482528566-carriefisherprincessleia11-300x169.jpg 300w, https:\/\/lightsontv.com\/wp-content\/uploads\/2018\/07\/1482528566-carriefisherprincessleia11-768x432.jpg 768w, https:\/\/lightsontv.com\/wp-content\/uploads\/2018\/07\/1482528566-carriefisherprincessleia11-1024x576.jpg 1024w\" sizes=\"auto, (max-width: 1200px) 100vw, 1200px\" \/><\/p>\n<p>Fisher, que interpret\u00f3 a la Princesa Leia, muri\u00f3 repentinamente en diciembre de 2016 a los 60 a\u00f1os despu\u00e9s de sufrir un ataque al coraz\u00f3n mientras disfrutaba de un renacimiento profesional con la revigorizada franquicia de la pel\u00edcula \u00abLa Guerra de las Galaxias\u00bb que la reuni\u00f3 con los miembros originales del reparto Hamill y Harrison Ford en la pel\u00edcula de 2015 \u00abStar Wars: The Force Awakens\u00bb.<\/p>\n<p><span>Ella acababa de terminar de rodar \u00abThe Last Jedi\u00bb y Leia iba a ser el personaje central en la novena pel\u00edcula de la franquicia de ciencia ficci\u00f3n, \u00abStar Wars: Episodio IX\u00bb.<\/span><\/p>\n<p><span>\u00abAmamos desesperadamente a Carrie Fisher\u00bb, dijo el director JJ Abrams, que dirigir\u00e1 el \u00abEpisodio IX\u00bb, en un comunicado.<\/span><\/p>\n<p><img loading=\"lazy\" decoding=\"async\" class=\"aligncenter size-full wp-image-1083\" src=\"https:\/\/lightsontv.com\/wp-content\/uploads\/2018\/07\/450_1000.jpg\" alt=\"\" width=\"450\" height=\"541\" srcset=\"https:\/\/lightsontv.com\/wp-content\/uploads\/2018\/07\/450_1000.jpg 450w, https:\/\/lightsontv.com\/wp-content\/uploads\/2018\/07\/450_1000-250x300.jpg 250w\" sizes=\"auto, (max-width: 450px) 100vw, 450px\" \/><\/p>\n<p><span>\u00abEncontrar una conclusi\u00f3n verdaderamente satisfactoria para la saga de Skywalker sin que ella nos eludiera.\u00a0Nunca \u00edbamos a refundir, o usar un personaje CG (generado por computadora).\u00a0Con el apoyo y la bendici\u00f3n de su hija, Billie, hemos encontrado una manera de honrar el legado y el papel de Carrie como Leia en el Episodio IX usando im\u00e1genes invisibles que filmamos juntas en el Episodio VII \u00ab, agreg\u00f3, refiri\u00e9ndose a\u00bb Force Awakens \u00ab.<\/span><\/p>\n<p><span>Disney dijo despu\u00e9s de la muerte de Fisher que el gui\u00f3n de la novena pel\u00edcula estaba siendo revisado.<\/span><\/p>\n<p><span>Billy Dee Williams repetir\u00e1 su papel de sinverg\u00fcenza Lando Calrissian, quien fue visto por primera vez en 1980 \u00abThe Empire Strikes Back\u00bb y en 1983 \u00abReturn of the Jedi\u00bb, agreg\u00f3 la declaraci\u00f3n de Disney.<\/span><\/p>\n<p><img loading=\"lazy\" decoding=\"async\" class=\"aligncenter size-full wp-image-1085\" src=\"https:\/\/lightsontv.com\/wp-content\/uploads\/2018\/07\/carrie-fisher-travers-50f0a719-df80-4ae5-a43a-846119433bb7.jpg\" alt=\"\" width=\"1200\" height=\"630\" srcset=\"https:\/\/lightsontv.com\/wp-content\/uploads\/2018\/07\/carrie-fisher-travers-50f0a719-df80-4ae5-a43a-846119433bb7.jpg 1200w, https:\/\/lightsontv.com\/wp-content\/uploads\/2018\/07\/carrie-fisher-travers-50f0a719-df80-4ae5-a43a-846119433bb7-300x158.jpg 300w, https:\/\/lightsontv.com\/wp-content\/uploads\/2018\/07\/carrie-fisher-travers-50f0a719-df80-4ae5-a43a-846119433bb7-768x403.jpg 768w, https:\/\/lightsontv.com\/wp-content\/uploads\/2018\/07\/carrie-fisher-travers-50f0a719-df80-4ae5-a43a-846119433bb7-1024x538.jpg 1024w\" sizes=\"auto, (max-width: 1200px) 100vw, 1200px\" \/><\/p>\n<p><span>Williams se unir\u00e1 a los miembros del reparto Daisy Ridley, Adam Driver, John Boyega, Lupita Nyong&#8217;o y Kelly Marie Tran, dijo el estudio.<\/span><\/p>\n<p><span>El \u00abEpisodio IX\u00bb, que todav\u00eda tiene que obtener un t\u00edtulo formal, llegar\u00e1 a las salas de cine de todo el mundo en diciembre de 2019.<\/span><\/p>\n<p><span>Disney y Lucasfilm anunciaron el a\u00f1o pasado que la fecha de lanzamiento del \u00abEpisodio IX\u00bb se hab\u00eda retrasado seis meses hasta diciembre de 2019 y que Abrams hab\u00eda sido contratado para escribir y dirigir despu\u00e9s de la partida del director original Colin Trevorrow.<\/span><\/p>\n<p><span>La franquicia de \u00abStar Wars\u00bb es una de las propiedades cinematogr\u00e1ficas m\u00e1s valiosas del mundo.\u00a0\u00abThe Force Awakens\u00bb recibi\u00f3 m\u00e1s de $ 2 mil millones en la taquilla mundial, mientras que \u00abThe Last Jedi\u00bb recaud\u00f3 $ 1.3 mil millones.<\/span><\/p>\n<p><iframe loading=\"lazy\" title=\"Star Wars: Episode IX Cast Announced! | The Star Wars Show\" width=\"640\" height=\"360\" src=\"https:\/\/www.youtube.com\/embed\/Erye39HfYsE?feature=oembed\" frameborder=\"0\" allow=\"accelerometer; autoplay; clipboard-write; encrypted-media; gyroscope; picture-in-picture; web-share\" referrerpolicy=\"strict-origin-when-cross-origin\" allowfullscreen><\/iframe><\/p>\n","protected":false},"excerpt":{"rendered":"<p>LOS ANGELES &#8211; Carrie Fisher ser\u00e1 presentada en la pr\u00f3xima pel\u00edcula de \u00abLa guerra de&#8230;<\/p>\n","protected":false},"author":1,"featured_media":1084,"comment_status":"open","ping_status":"open","sticky":false,"template":"","format":"aside","meta":{"footnotes":""},"categories":[29],"tags":[41,42],"class_list":["post-1082","post","type-post","status-publish","format-aside","has-post-thumbnail","hentry","category-cine","tag-carrie-fisher","tag-star-wars","post_format-post-format-aside"],"_links":{"self":[{"href":"https:\/\/lightsontv.com\/index.php?rest_route=\/wp\/v2\/posts\/1082","targetHints":{"allow":["GET"]}}],"collection":[{"href":"https:\/\/lightsontv.com\/index.php?rest_route=\/wp\/v2\/posts"}],"about":[{"href":"https:\/\/lightsontv.com\/index.php?rest_route=\/wp\/v2\/types\/post"}],"author":[{"embeddable":true,"href":"https:\/\/lightsontv.com\/index.php?rest_route=\/wp\/v2\/users\/1"}],"replies":[{"embeddable":true,"href":"https:\/\/lightsontv.com\/index.php?rest_route=%2Fwp%2Fv2%2Fcomments&post=1082"}],"version-history":[{"count":1,"href":"https:\/\/lightsontv.com\/index.php?rest_route=\/wp\/v2\/posts\/1082\/revisions"}],"predecessor-version":[{"id":1086,"href":"https:\/\/lightsontv.com\/index.php?rest_route=\/wp\/v2\/posts\/1082\/revisions\/1086"}],"wp:featuredmedia":[{"embeddable":true,"href":"https:\/\/lightsontv.com\/index.php?rest_route=\/wp\/v2\/media\/1084"}],"wp:attachment":[{"href":"https:\/\/lightsontv.com\/index.php?rest_route=%2Fwp%2Fv2%2Fmedia&parent=1082"}],"wp:term":[{"taxonomy":"category","embeddable":true,"href":"https:\/\/lightsontv.com\/index.php?rest_route=%2Fwp%2Fv2%2Fcategories&post=1082"},{"taxonomy":"post_tag","embeddable":true,"href":"https:\/\/lightsontv.com\/index.php?rest_route=%2Fwp%2Fv2%2Ftags&post=1082"}],"curies":[{"name":"wp","href":"https:\/\/api.w.org\/{rel}","templated":true}]}}